{"id":4262,"date":"2025-09-29T09:56:40","date_gmt":"2025-09-29T07:56:40","guid":{"rendered":"https:\/\/www.sport28.fr\/?p=4262"},"modified":"2025-09-29T09:56:42","modified_gmt":"2025-09-29T07:56:42","slug":"retour-sur-la-fete-du-sport-et-jeux-sportifs","status":"publish","type":"post","link":"https:\/\/www.sport28.fr\/index.php\/2025\/09\/29\/retour-sur-la-fete-du-sport-et-jeux-sportifs\/","title":{"rendered":"Retour sur \u00ab La F\u00eate du Sport et Jeux Sportifs \u00bb"},"content":{"rendered":"\n<p>Samedi 13 septembre, Toury a vibr\u00e9 au rythme du sport et de l\u2019Olympisme pour c\u00e9l\u00e9brer le premier anniversaire des Jeux Olympiques et Paralympiques ainsi que la 2\u1d49 \u00e9tape des Jeux Sportifs 2025 <img decoding=\"async\" height=\"16\" width=\"16\" src=\"https:\/\/static.xx.fbcdn.net\/images\/emoji.php\/v9\/t2b\/2\/16\/1f389.png\" alt=\"\ud83c\udf89\"><\/p>\n\n\n\n<p><img decoding=\"async\" height=\"16\" width=\"16\" alt=\"\u27a1\ufe0f\" src=\"https:\/\/static.xx.fbcdn.net\/images\/emoji.php\/v9\/t1f\/2\/16\/27a1.png\"> De 10h \u00e0 18h, le public a pu d\u00e9couvrir et s\u2019initier gratuitement \u00e0 de nombreuses disciplines et associations : atelier de sensibilisation aux VSS, cyclisme, boxe, basket, handisport, badminton, football, c\u00e9cifoot, volley, eSport, handball, hockey sur gazon, rugby, tir \u00e0 l\u2019arc, tir \u00e0 la carabine, tennis, tennis de table, atelier secourisme, atelier formation sauvetage\/BNSSA, escalade, UFOLEP, Maison Sport Sant\u00e9\u2026<\/p>\n\n\n\n<p><img decoding=\"async\" height=\"16\" width=\"16\" alt=\"\ud83d\udccd\" src=\"https:\/\/static.xx.fbcdn.net\/images\/emoji.php\/v9\/tcc\/2\/16\/1f4cd.png\"> La journ\u00e9e a d\u00e9but\u00e9 par l\u2019ouverture officielle men\u00e9e par Monsieur le Pr\u00e9fet, avant de se poursuivre dans une ambiance conviviale et festive au Gymnase Valentin Porte et au stade municipal de Toury.<\/p>\n\n\n\n<p>Un grand merci \u00e0 la municipalit\u00e9 de Toury et \u00e0 la Communaut\u00e9 de communes C\u0153ur de Beauce pour leur accueil, ainsi qu\u2019aux services de l\u2019\u00c9tat et au Conseil d\u00e9partemental qui ont financ\u00e9 cette journ\u00e9e.<\/p>\n\n\n\n<p>Merci \u00e9galement \u00e0 toutes les associations et \u00e0 tous les b\u00e9n\u00e9voles pour leur engagement <img loading=\"lazy\" decoding=\"async\" height=\"16\" width=\"16\" alt=\"\ud83d\ude4f\" src=\"https:\/\/static.xx.fbcdn.net\/images\/emoji.php\/v9\/t1f\/2\/16\/1f64f.png\"><\/p>\n\n\n\n<p><a href=\"https:\/\/www.facebook.com\/eureliens?__cft__[0]=AZU_BcLS0OGOzOXVgqflZopCdPOkZZ-umGOMJvXdRfcX8O4PPR_BBy03lEnmksXUuKjNCiZB3U9I-zU8I_LadhA0fsjszem16LbvfhQ_cCMhu4MAtDf23iICIF119h0zUdhvPheMLNEzrlduYM5ZJBVxZvCfrEsbXaDe-PZJStv73k4psT2aUe2lgpSkqRlIobU&amp;__tn__=-]K-R\">Le D\u00e9partement d&rsquo;Eure-et-Loir<\/a><\/p>\n\n\n\n<p><a href=\"https:\/\/www.facebook.com\/Prefet28?__cft__[0]=AZU_BcLS0OGOzOXVgqflZopCdPOkZZ-umGOMJvXdRfcX8O4PPR_BBy03lEnmksXUuKjNCiZB3U9I-zU8I_LadhA0fsjszem16LbvfhQ_cCMhu4MAtDf23iICIF119h0zUdhvPheMLNEzrlduYM5ZJBVxZvCfrEsbXaDe-PZJStv73k4psT2aUe2lgpSkqRlIobU&amp;__tn__=-]K-R\">Pr\u00e9fecture d&rsquo;Eure-et-Loir<\/a><\/p>\n\n\n\n<p><a href=\"https:\/\/www.facebook.com\/hashtag\/cdos28?__cft__[0]=AZU_BcLS0OGOzOXVgqflZopCdPOkZZ-umGOMJvXdRfcX8O4PPR_BBy03lEnmksXUuKjNCiZB3U9I-zU8I_LadhA0fsjszem16LbvfhQ_cCMhu4MAtDf23iICIF119h0zUdhvPheMLNEzrlduYM5ZJBVxZvCfrEsbXaDe-PZJStv73k4psT2aUe2lgpSkqRlIobU&amp;__tn__=*NK-R\">#CDOS28<\/a><a href=\"https:\/\/www.facebook.com\/hashtag\/eureetloir?__cft__[0]=AZU_BcLS0OGOzOXVgqflZopCdPOkZZ-umGOMJvXdRfcX8O4PPR_BBy03lEnmksXUuKjNCiZB3U9I-zU8I_LadhA0fsjszem16LbvfhQ_cCMhu4MAtDf23iICIF119h0zUdhvPheMLNEzrlduYM5ZJBVxZvCfrEsbXaDe-PZJStv73k4psT2aUe2lgpSkqRlIobU&amp;__tn__=*NK-R\">#EureEtLoir<\/a><a href=\"https:\/\/www.facebook.com\/hashtag\/fetedusport?__cft__[0]=AZU_BcLS0OGOzOXVgqflZopCdPOkZZ-umGOMJvXdRfcX8O4PPR_BBy03lEnmksXUuKjNCiZB3U9I-zU8I_LadhA0fsjszem16LbvfhQ_cCMhu4MAtDf23iICIF119h0zUdhvPheMLNEzrlduYM5ZJBVxZvCfrEsbXaDe-PZJStv73k4psT2aUe2lgpSkqRlIobU&amp;__tn__=*NK-R\">#FeteDuSport<\/a><a href=\"https:\/\/www.facebook.com\/hashtag\/jeuxsportifs?__cft__[0]=AZU_BcLS0OGOzOXVgqflZopCdPOkZZ-umGOMJvXdRfcX8O4PPR_BBy03lEnmksXUuKjNCiZB3U9I-zU8I_LadhA0fsjszem16LbvfhQ_cCMhu4MAtDf23iICIF119h0zUdhvPheMLNEzrlduYM5ZJBVxZvCfrEsbXaDe-PZJStv73k4psT2aUe2lgpSkqRlIobU&amp;__tn__=*NK-R\">#JeuxSportifs<\/a><a href=\"https:\/\/www.facebook.com\/hashtag\/sportpourtous?__cft__[0]=AZU_BcLS0OGOzOXVgqflZopCdPOkZZ-umGOMJvXdRfcX8O4PPR_BBy03lEnmksXUuKjNCiZB3U9I-zU8I_LadhA0fsjszem16LbvfhQ_cCMhu4MAtDf23iICIF119h0zUdhvPheMLNEzrlduYM5ZJBVxZvCfrEsbXaDe-PZJStv73k4psT2aUe2lgpSkqRlIobU&amp;__tn__=*NK-R\">#sportpourtous<\/a><\/p>\n\n\n\n<figure class=\"wp-block-image size-large\"><img loading=\"lazy\" decoding=\"async\" width=\"1024\" height=\"768\" src=\"https:\/\/www.sport28.fr\/wp-content\/uploads\/2025\/09\/IMG_1026-1024x768.jpg\" alt=\"\" class=\"wp-image-4263\" srcset=\"https:\/\/www.sport28.fr\/wp-content\/uploads\/2025\/09\/IMG_1026-1024x768.jpg 1024w, https:\/\/www.sport28.fr\/wp-content\/uploads\/2025\/09\/IMG_1026-300x225.jpg 300w, https:\/\/www.sport28.fr\/wp-content\/uploads\/2025\/09\/IMG_1026-768x576.jpg 768w, https:\/\/www.sport28.fr\/wp-content\/uploads\/2025\/09\/IMG_1026-1536x1152.jpg 1536w, https:\/\/www.sport28.fr\/wp-content\/uploads\/2025\/09\/IMG_1026-2048x1536.jpg 2048w\" sizes=\"(max-width: 1024px) 100vw, 1024px\" \/><\/figure>\n\n\n\n<figure class=\"wp-block-image size-large\"><img loading=\"lazy\" decoding=\"async\" width=\"1024\" height=\"768\" src=\"https:\/\/www.sport28.fr\/wp-content\/uploads\/2025\/09\/WhatsApp-Image-2025-09-15-at-10.12.23-11-1024x768.jpeg\" alt=\"\" class=\"wp-image-4264\" srcset=\"https:\/\/www.sport28.fr\/wp-content\/uploads\/2025\/09\/WhatsApp-Image-2025-09-15-at-10.12.23-11-1024x768.jpeg 1024w, https:\/\/www.sport28.fr\/wp-content\/uploads\/2025\/09\/WhatsApp-Image-2025-09-15-at-10.12.23-11-300x225.jpeg 300w, https:\/\/www.sport28.fr\/wp-content\/uploads\/2025\/09\/WhatsApp-Image-2025-09-15-at-10.12.23-11-768x576.jpeg 768w, https:\/\/www.sport28.fr\/wp-content\/uploads\/2025\/09\/WhatsApp-Image-2025-09-15-at-10.12.23-11-1536x1152.jpeg 1536w, https:\/\/www.sport28.fr\/wp-content\/uploads\/2025\/09\/WhatsApp-Image-2025-09-15-at-10.12.23-11.jpeg 1600w\" sizes=\"(max-width: 1024px) 100vw, 1024px\" \/><\/figure>\n\n\n\n<figure class=\"wp-block-gallery has-nested-images columns-default is-cropped wp-block-gallery-1 is-layout-flex wp-block-gallery-is-layout-flex\">\n<figure class=\"wp-block-image size-large\"><img loading=\"lazy\" decoding=\"async\" width=\"1024\" height=\"768\" data-id=\"4265\" src=\"https:\/\/www.sport28.fr\/wp-content\/uploads\/2025\/09\/IMG_1029-1024x768.jpg\" alt=\"\" class=\"wp-image-4265\" srcset=\"https:\/\/www.sport28.fr\/wp-content\/uploads\/2025\/09\/IMG_1029-1024x768.jpg 1024w, https:\/\/www.sport28.fr\/wp-content\/uploads\/2025\/09\/IMG_1029-300x225.jpg 300w, https:\/\/www.sport28.fr\/wp-content\/uploads\/2025\/09\/IMG_1029-768x576.jpg 768w, https:\/\/www.sport28.fr\/wp-content\/uploads\/2025\/09\/IMG_1029-1536x1152.jpg 1536w, https:\/\/www.sport28.fr\/wp-content\/uploads\/2025\/09\/IMG_1029-2048x1536.jpg 2048w\" sizes=\"(max-width: 1024px) 100vw, 1024px\" \/><\/figure>\n<\/figure>\n\n\n\n<figure class=\"wp-block-image size-large\"><img loading=\"lazy\" decoding=\"async\" width=\"1024\" height=\"768\" src=\"https:\/\/www.sport28.fr\/wp-content\/uploads\/2025\/09\/IMG_1013-1024x768.jpg\" alt=\"\" class=\"wp-image-4266\" srcset=\"https:\/\/www.sport28.fr\/wp-content\/uploads\/2025\/09\/IMG_1013-1024x768.jpg 1024w, https:\/\/www.sport28.fr\/wp-content\/uploads\/2025\/09\/IMG_1013-300x225.jpg 300w, https:\/\/www.sport28.fr\/wp-content\/uploads\/2025\/09\/IMG_1013-768x576.jpg 768w, https:\/\/www.sport28.fr\/wp-content\/uploads\/2025\/09\/IMG_1013-1536x1152.jpg 1536w, https:\/\/www.sport28.fr\/wp-content\/uploads\/2025\/09\/IMG_1013-2048x1536.jpg 2048w\" sizes=\"(max-width: 1024px) 100vw, 1024px\" \/><\/figure>\n","protected":false},"excerpt":{"rendered":"<p>Samedi 13 septembre, Toury a vibr\u00e9 au rythme du sport et de l\u2019Olympisme pour c\u00e9l\u00e9brer le premier anniversaire des Jeux Olympiques et Paralympiques ainsi que la 2\u1d49 \u00e9tape des Jeux [&hellip;]<\/p>\n","protected":false},"author":1,"featured_media":4261,"comment_status":"closed","ping_status":"open","sticky":false,"template":"","format":"standard","meta":{"footnotes":""},"categories":[1],"tags":[],"class_list":["post-4262","post","type-post","status-publish","format-standard","has-post-thumbnail","hentry","category-non-classe"],"yoast_head":"<!-- This site is optimized with the Yoast SEO plugin v27.5 - https:\/\/yoast.com\/product\/yoast-seo-wordpress\/ -->\n<title>Retour sur \u00ab La F\u00eate du Sport et Jeux Sportifs \u00bb - CDOS 28<\/title>\n<meta name=\"robots\" content=\"index, follow, max-snippet:-1, max-image-preview:large, max-video-preview:-1\" \/>\n<link rel=\"canonical\" href=\"https:\/\/www.sport28.fr\/index.php\/2025\/09\/29\/retour-sur-la-fete-du-sport-et-jeux-sportifs\/\" \/>\n<meta property=\"og:locale\" content=\"fr_FR\" \/>\n<meta property=\"og:type\" content=\"article\" \/>\n<meta property=\"og:title\" content=\"Retour sur \u00ab La F\u00eate du Sport et Jeux Sportifs \u00bb - CDOS 28\" \/>\n<meta property=\"og:description\" content=\"Samedi 13 septembre, Toury a vibr\u00e9 au rythme du sport et de l\u2019Olympisme pour c\u00e9l\u00e9brer le premier anniversaire des Jeux Olympiques et Paralympiques ainsi que la 2\u1d49 \u00e9tape des Jeux [&hellip;]\" \/>\n<meta property=\"og:url\" content=\"https:\/\/www.sport28.fr\/index.php\/2025\/09\/29\/retour-sur-la-fete-du-sport-et-jeux-sportifs\/\" \/>\n<meta property=\"og:site_name\" content=\"CDOS 28\" \/>\n<meta property=\"article:publisher\" content=\"https:\/\/www.facebook.com\/CDOS28?locale=fr_FR\" \/>\n<meta property=\"article:published_time\" content=\"2025-09-29T07:56:40+00:00\" \/>\n<meta property=\"article:modified_time\" content=\"2025-09-29T07:56:42+00:00\" \/>\n<meta property=\"og:image\" content=\"https:\/\/www.sport28.fr\/wp-content\/uploads\/2025\/09\/546873731_1185970820231852_1885206014944469651_n.jpg\" \/>\n\t<meta property=\"og:image:width\" content=\"2048\" \/>\n\t<meta property=\"og:image:height\" content=\"1365\" \/>\n\t<meta property=\"og:image:type\" content=\"image\/jpeg\" \/>\n<meta name=\"author\" content=\"admin28\" \/>\n<meta name=\"twitter:card\" content=\"summary_large_image\" \/>\n<meta name=\"twitter:label1\" content=\"\u00c9crit par\" \/>\n\t<meta name=\"twitter:data1\" content=\"admin28\" \/>\n\t<meta name=\"twitter:label2\" content=\"Dur\u00e9e de lecture estim\u00e9e\" \/>\n\t<meta name=\"twitter:data2\" content=\"3 minutes\" \/>\n<script type=\"application\/ld+json\" class=\"yoast-schema-graph\">{\"@context\":\"https:\\\/\\\/schema.org\",\"@graph\":[{\"@type\":\"Article\",\"@id\":\"https:\\\/\\\/www.sport28.fr\\\/index.php\\\/2025\\\/09\\\/29\\\/retour-sur-la-fete-du-sport-et-jeux-sportifs\\\/#article\",\"isPartOf\":{\"@id\":\"https:\\\/\\\/www.sport28.fr\\\/index.php\\\/2025\\\/09\\\/29\\\/retour-sur-la-fete-du-sport-et-jeux-sportifs\\\/\"},\"author\":{\"name\":\"admin28\",\"@id\":\"https:\\\/\\\/www.sport28.fr\\\/#\\\/schema\\\/person\\\/d707dc6c4cc8f7ba6a4564f87a6818a8\"},\"headline\":\"Retour sur \u00ab La F\u00eate du Sport et Jeux Sportifs \u00bb\",\"datePublished\":\"2025-09-29T07:56:40+00:00\",\"dateModified\":\"2025-09-29T07:56:42+00:00\",\"mainEntityOfPage\":{\"@id\":\"https:\\\/\\\/www.sport28.fr\\\/index.php\\\/2025\\\/09\\\/29\\\/retour-sur-la-fete-du-sport-et-jeux-sportifs\\\/\"},\"wordCount\":201,\"publisher\":{\"@id\":\"https:\\\/\\\/www.sport28.fr\\\/#organization\"},\"image\":{\"@id\":\"https:\\\/\\\/www.sport28.fr\\\/index.php\\\/2025\\\/09\\\/29\\\/retour-sur-la-fete-du-sport-et-jeux-sportifs\\\/#primaryimage\"},\"thumbnailUrl\":\"https:\\\/\\\/www.sport28.fr\\\/wp-content\\\/uploads\\\/2025\\\/09\\\/546873731_1185970820231852_1885206014944469651_n.jpg\",\"inLanguage\":\"fr-FR\"},{\"@type\":\"WebPage\",\"@id\":\"https:\\\/\\\/www.sport28.fr\\\/index.php\\\/2025\\\/09\\\/29\\\/retour-sur-la-fete-du-sport-et-jeux-sportifs\\\/\",\"url\":\"https:\\\/\\\/www.sport28.fr\\\/index.php\\\/2025\\\/09\\\/29\\\/retour-sur-la-fete-du-sport-et-jeux-sportifs\\\/\",\"name\":\"Retour sur \u00ab La F\u00eate du Sport et Jeux Sportifs \u00bb - CDOS 28\",\"isPartOf\":{\"@id\":\"https:\\\/\\\/www.sport28.fr\\\/#website\"},\"primaryImageOfPage\":{\"@id\":\"https:\\\/\\\/www.sport28.fr\\\/index.php\\\/2025\\\/09\\\/29\\\/retour-sur-la-fete-du-sport-et-jeux-sportifs\\\/#primaryimage\"},\"image\":{\"@id\":\"https:\\\/\\\/www.sport28.fr\\\/index.php\\\/2025\\\/09\\\/29\\\/retour-sur-la-fete-du-sport-et-jeux-sportifs\\\/#primaryimage\"},\"thumbnailUrl\":\"https:\\\/\\\/www.sport28.fr\\\/wp-content\\\/uploads\\\/2025\\\/09\\\/546873731_1185970820231852_1885206014944469651_n.jpg\",\"datePublished\":\"2025-09-29T07:56:40+00:00\",\"dateModified\":\"2025-09-29T07:56:42+00:00\",\"breadcrumb\":{\"@id\":\"https:\\\/\\\/www.sport28.fr\\\/index.php\\\/2025\\\/09\\\/29\\\/retour-sur-la-fete-du-sport-et-jeux-sportifs\\\/#breadcrumb\"},\"inLanguage\":\"fr-FR\",\"potentialAction\":[{\"@type\":\"ReadAction\",\"target\":[\"https:\\\/\\\/www.sport28.fr\\\/index.php\\\/2025\\\/09\\\/29\\\/retour-sur-la-fete-du-sport-et-jeux-sportifs\\\/\"]}]},{\"@type\":\"ImageObject\",\"inLanguage\":\"fr-FR\",\"@id\":\"https:\\\/\\\/www.sport28.fr\\\/index.php\\\/2025\\\/09\\\/29\\\/retour-sur-la-fete-du-sport-et-jeux-sportifs\\\/#primaryimage\",\"url\":\"https:\\\/\\\/www.sport28.fr\\\/wp-content\\\/uploads\\\/2025\\\/09\\\/546873731_1185970820231852_1885206014944469651_n.jpg\",\"contentUrl\":\"https:\\\/\\\/www.sport28.fr\\\/wp-content\\\/uploads\\\/2025\\\/09\\\/546873731_1185970820231852_1885206014944469651_n.jpg\",\"width\":2048,\"height\":1365},{\"@type\":\"BreadcrumbList\",\"@id\":\"https:\\\/\\\/www.sport28.fr\\\/index.php\\\/2025\\\/09\\\/29\\\/retour-sur-la-fete-du-sport-et-jeux-sportifs\\\/#breadcrumb\",\"itemListElement\":[{\"@type\":\"ListItem\",\"position\":1,\"name\":\"Accueil\",\"item\":\"https:\\\/\\\/www.sport28.fr\\\/\"},{\"@type\":\"ListItem\",\"position\":2,\"name\":\"Retour sur \u00ab La F\u00eate du Sport et Jeux Sportifs \u00bb\"}]},{\"@type\":\"WebSite\",\"@id\":\"https:\\\/\\\/www.sport28.fr\\\/#website\",\"url\":\"https:\\\/\\\/www.sport28.fr\\\/\",\"name\":\"CDOS 28\",\"description\":\"Comit\u00e9 D\u00e9partementale Olympique et Sportif d&#039;Eure et Loir\",\"publisher\":{\"@id\":\"https:\\\/\\\/www.sport28.fr\\\/#organization\"},\"potentialAction\":[{\"@type\":\"SearchAction\",\"target\":{\"@type\":\"EntryPoint\",\"urlTemplate\":\"https:\\\/\\\/www.sport28.fr\\\/?s={search_term_string}\"},\"query-input\":{\"@type\":\"PropertyValueSpecification\",\"valueRequired\":true,\"valueName\":\"search_term_string\"}}],\"inLanguage\":\"fr-FR\"},{\"@type\":\"Organization\",\"@id\":\"https:\\\/\\\/www.sport28.fr\\\/#organization\",\"name\":\"Comit\u00e9 d\u00e9partemental olympique et sportif d'eure-et-loir\",\"alternateName\":\"cdos 28\",\"url\":\"https:\\\/\\\/www.sport28.fr\\\/\",\"logo\":{\"@type\":\"ImageObject\",\"inLanguage\":\"fr-FR\",\"@id\":\"https:\\\/\\\/www.sport28.fr\\\/#\\\/schema\\\/logo\\\/image\\\/\",\"url\":\"https:\\\/\\\/www.sport28.fr\\\/wp-content\\\/uploads\\\/2023\\\/10\\\/cdos_eure_et_loir_logo.jpg\",\"contentUrl\":\"https:\\\/\\\/www.sport28.fr\\\/wp-content\\\/uploads\\\/2023\\\/10\\\/cdos_eure_et_loir_logo.jpg\",\"width\":1000,\"height\":1000,\"caption\":\"Comit\u00e9 d\u00e9partemental olympique et sportif d'eure-et-loir\"},\"image\":{\"@id\":\"https:\\\/\\\/www.sport28.fr\\\/#\\\/schema\\\/logo\\\/image\\\/\"},\"sameAs\":[\"https:\\\/\\\/www.facebook.com\\\/CDOS28?locale=fr_FR\"]},{\"@type\":\"Person\",\"@id\":\"https:\\\/\\\/www.sport28.fr\\\/#\\\/schema\\\/person\\\/d707dc6c4cc8f7ba6a4564f87a6818a8\",\"name\":\"admin28\",\"image\":{\"@type\":\"ImageObject\",\"inLanguage\":\"fr-FR\",\"@id\":\"https:\\\/\\\/secure.gravatar.com\\\/avatar\\\/ec586f5fe487447efd44e48a32fef6a1c590e9d744f9d2c3d84ed071f1581364?s=96&d=mm&r=g\",\"url\":\"https:\\\/\\\/secure.gravatar.com\\\/avatar\\\/ec586f5fe487447efd44e48a32fef6a1c590e9d744f9d2c3d84ed071f1581364?s=96&d=mm&r=g\",\"contentUrl\":\"https:\\\/\\\/secure.gravatar.com\\\/avatar\\\/ec586f5fe487447efd44e48a32fef6a1c590e9d744f9d2c3d84ed071f1581364?s=96&d=mm&r=g\",\"caption\":\"admin28\"},\"sameAs\":[\"http:\\\/\\\/www.dev.sport28.fr\"],\"url\":\"https:\\\/\\\/www.sport28.fr\\\/index.php\\\/author\\\/admin28\\\/\"}]}<\/script>\n<!-- \/ Yoast SEO plugin. -->","yoast_head_json":{"title":"Retour sur \u00ab La F\u00eate du Sport et Jeux Sportifs \u00bb - CDOS 28","robots":{"index":"index","follow":"follow","max-snippet":"max-snippet:-1","max-image-preview":"max-image-preview:large","max-video-preview":"max-video-preview:-1"},"canonical":"https:\/\/www.sport28.fr\/index.php\/2025\/09\/29\/retour-sur-la-fete-du-sport-et-jeux-sportifs\/","og_locale":"fr_FR","og_type":"article","og_title":"Retour sur \u00ab La F\u00eate du Sport et Jeux Sportifs \u00bb - CDOS 28","og_description":"Samedi 13 septembre, Toury a vibr\u00e9 au rythme du sport et de l\u2019Olympisme pour c\u00e9l\u00e9brer le premier anniversaire des Jeux Olympiques et Paralympiques ainsi que la 2\u1d49 \u00e9tape des Jeux [&hellip;]","og_url":"https:\/\/www.sport28.fr\/index.php\/2025\/09\/29\/retour-sur-la-fete-du-sport-et-jeux-sportifs\/","og_site_name":"CDOS 28","article_publisher":"https:\/\/www.facebook.com\/CDOS28?locale=fr_FR","article_published_time":"2025-09-29T07:56:40+00:00","article_modified_time":"2025-09-29T07:56:42+00:00","og_image":[{"width":2048,"height":1365,"url":"https:\/\/www.sport28.fr\/wp-content\/uploads\/2025\/09\/546873731_1185970820231852_1885206014944469651_n.jpg","type":"image\/jpeg"}],"author":"admin28","twitter_card":"summary_large_image","twitter_misc":{"\u00c9crit par":"admin28","Dur\u00e9e de lecture estim\u00e9e":"3 minutes"},"schema":{"@context":"https:\/\/schema.org","@graph":[{"@type":"Article","@id":"https:\/\/www.sport28.fr\/index.php\/2025\/09\/29\/retour-sur-la-fete-du-sport-et-jeux-sportifs\/#article","isPartOf":{"@id":"https:\/\/www.sport28.fr\/index.php\/2025\/09\/29\/retour-sur-la-fete-du-sport-et-jeux-sportifs\/"},"author":{"name":"admin28","@id":"https:\/\/www.sport28.fr\/#\/schema\/person\/d707dc6c4cc8f7ba6a4564f87a6818a8"},"headline":"Retour sur \u00ab La F\u00eate du Sport et Jeux Sportifs \u00bb","datePublished":"2025-09-29T07:56:40+00:00","dateModified":"2025-09-29T07:56:42+00:00","mainEntityOfPage":{"@id":"https:\/\/www.sport28.fr\/index.php\/2025\/09\/29\/retour-sur-la-fete-du-sport-et-jeux-sportifs\/"},"wordCount":201,"publisher":{"@id":"https:\/\/www.sport28.fr\/#organization"},"image":{"@id":"https:\/\/www.sport28.fr\/index.php\/2025\/09\/29\/retour-sur-la-fete-du-sport-et-jeux-sportifs\/#primaryimage"},"thumbnailUrl":"https:\/\/www.sport28.fr\/wp-content\/uploads\/2025\/09\/546873731_1185970820231852_1885206014944469651_n.jpg","inLanguage":"fr-FR"},{"@type":"WebPage","@id":"https:\/\/www.sport28.fr\/index.php\/2025\/09\/29\/retour-sur-la-fete-du-sport-et-jeux-sportifs\/","url":"https:\/\/www.sport28.fr\/index.php\/2025\/09\/29\/retour-sur-la-fete-du-sport-et-jeux-sportifs\/","name":"Retour sur \u00ab La F\u00eate du Sport et Jeux Sportifs \u00bb - CDOS 28","isPartOf":{"@id":"https:\/\/www.sport28.fr\/#website"},"primaryImageOfPage":{"@id":"https:\/\/www.sport28.fr\/index.php\/2025\/09\/29\/retour-sur-la-fete-du-sport-et-jeux-sportifs\/#primaryimage"},"image":{"@id":"https:\/\/www.sport28.fr\/index.php\/2025\/09\/29\/retour-sur-la-fete-du-sport-et-jeux-sportifs\/#primaryimage"},"thumbnailUrl":"https:\/\/www.sport28.fr\/wp-content\/uploads\/2025\/09\/546873731_1185970820231852_1885206014944469651_n.jpg","datePublished":"2025-09-29T07:56:40+00:00","dateModified":"2025-09-29T07:56:42+00:00","breadcrumb":{"@id":"https:\/\/www.sport28.fr\/index.php\/2025\/09\/29\/retour-sur-la-fete-du-sport-et-jeux-sportifs\/#breadcrumb"},"inLanguage":"fr-FR","potentialAction":[{"@type":"ReadAction","target":["https:\/\/www.sport28.fr\/index.php\/2025\/09\/29\/retour-sur-la-fete-du-sport-et-jeux-sportifs\/"]}]},{"@type":"ImageObject","inLanguage":"fr-FR","@id":"https:\/\/www.sport28.fr\/index.php\/2025\/09\/29\/retour-sur-la-fete-du-sport-et-jeux-sportifs\/#primaryimage","url":"https:\/\/www.sport28.fr\/wp-content\/uploads\/2025\/09\/546873731_1185970820231852_1885206014944469651_n.jpg","contentUrl":"https:\/\/www.sport28.fr\/wp-content\/uploads\/2025\/09\/546873731_1185970820231852_1885206014944469651_n.jpg","width":2048,"height":1365},{"@type":"BreadcrumbList","@id":"https:\/\/www.sport28.fr\/index.php\/2025\/09\/29\/retour-sur-la-fete-du-sport-et-jeux-sportifs\/#breadcrumb","itemListElement":[{"@type":"ListItem","position":1,"name":"Accueil","item":"https:\/\/www.sport28.fr\/"},{"@type":"ListItem","position":2,"name":"Retour sur \u00ab La F\u00eate du Sport et Jeux Sportifs \u00bb"}]},{"@type":"WebSite","@id":"https:\/\/www.sport28.fr\/#website","url":"https:\/\/www.sport28.fr\/","name":"CDOS 28","description":"Comit\u00e9 D\u00e9partementale Olympique et Sportif d&#039;Eure et Loir","publisher":{"@id":"https:\/\/www.sport28.fr\/#organization"},"potentialAction":[{"@type":"SearchAction","target":{"@type":"EntryPoint","urlTemplate":"https:\/\/www.sport28.fr\/?s={search_term_string}"},"query-input":{"@type":"PropertyValueSpecification","valueRequired":true,"valueName":"search_term_string"}}],"inLanguage":"fr-FR"},{"@type":"Organization","@id":"https:\/\/www.sport28.fr\/#organization","name":"Comit\u00e9 d\u00e9partemental olympique et sportif d'eure-et-loir","alternateName":"cdos 28","url":"https:\/\/www.sport28.fr\/","logo":{"@type":"ImageObject","inLanguage":"fr-FR","@id":"https:\/\/www.sport28.fr\/#\/schema\/logo\/image\/","url":"https:\/\/www.sport28.fr\/wp-content\/uploads\/2023\/10\/cdos_eure_et_loir_logo.jpg","contentUrl":"https:\/\/www.sport28.fr\/wp-content\/uploads\/2023\/10\/cdos_eure_et_loir_logo.jpg","width":1000,"height":1000,"caption":"Comit\u00e9 d\u00e9partemental olympique et sportif d'eure-et-loir"},"image":{"@id":"https:\/\/www.sport28.fr\/#\/schema\/logo\/image\/"},"sameAs":["https:\/\/www.facebook.com\/CDOS28?locale=fr_FR"]},{"@type":"Person","@id":"https:\/\/www.sport28.fr\/#\/schema\/person\/d707dc6c4cc8f7ba6a4564f87a6818a8","name":"admin28","image":{"@type":"ImageObject","inLanguage":"fr-FR","@id":"https:\/\/secure.gravatar.com\/avatar\/ec586f5fe487447efd44e48a32fef6a1c590e9d744f9d2c3d84ed071f1581364?s=96&d=mm&r=g","url":"https:\/\/secure.gravatar.com\/avatar\/ec586f5fe487447efd44e48a32fef6a1c590e9d744f9d2c3d84ed071f1581364?s=96&d=mm&r=g","contentUrl":"https:\/\/secure.gravatar.com\/avatar\/ec586f5fe487447efd44e48a32fef6a1c590e9d744f9d2c3d84ed071f1581364?s=96&d=mm&r=g","caption":"admin28"},"sameAs":["http:\/\/www.dev.sport28.fr"],"url":"https:\/\/www.sport28.fr\/index.php\/author\/admin28\/"}]}},"_links":{"self":[{"href":"https:\/\/www.sport28.fr\/index.php\/wp-json\/wp\/v2\/posts\/4262","targetHints":{"allow":["GET"]}}],"collection":[{"href":"https:\/\/www.sport28.fr\/index.php\/wp-json\/wp\/v2\/posts"}],"about":[{"href":"https:\/\/www.sport28.fr\/index.php\/wp-json\/wp\/v2\/types\/post"}],"author":[{"embeddable":true,"href":"https:\/\/www.sport28.fr\/index.php\/wp-json\/wp\/v2\/users\/1"}],"replies":[{"embeddable":true,"href":"https:\/\/www.sport28.fr\/index.php\/wp-json\/wp\/v2\/comments?post=4262"}],"version-history":[{"count":1,"href":"https:\/\/www.sport28.fr\/index.php\/wp-json\/wp\/v2\/posts\/4262\/revisions"}],"predecessor-version":[{"id":4267,"href":"https:\/\/www.sport28.fr\/index.php\/wp-json\/wp\/v2\/posts\/4262\/revisions\/4267"}],"wp:featuredmedia":[{"embeddable":true,"href":"https:\/\/www.sport28.fr\/index.php\/wp-json\/wp\/v2\/media\/4261"}],"wp:attachment":[{"href":"https:\/\/www.sport28.fr\/index.php\/wp-json\/wp\/v2\/media?parent=4262"}],"wp:term":[{"taxonomy":"category","embeddable":true,"href":"https:\/\/www.sport28.fr\/index.php\/wp-json\/wp\/v2\/categories?post=4262"},{"taxonomy":"post_tag","embeddable":true,"href":"https:\/\/www.sport28.fr\/index.php\/wp-json\/wp\/v2\/tags?post=4262"}],"curies":[{"name":"wp","href":"https:\/\/api.w.org\/{rel}","templated":true}]}}