{"id":4221,"date":"2025-09-10T16:02:39","date_gmt":"2025-09-10T14:02:39","guid":{"rendered":"https:\/\/www.sport28.fr\/?p=4221"},"modified":"2025-09-10T16:02:40","modified_gmt":"2025-09-10T14:02:40","slug":"ouverture-des-inscriptions-au-theatre-forum-sport-sans-violence","status":"publish","type":"post","link":"https:\/\/www.sport28.fr\/index.php\/2025\/09\/10\/ouverture-des-inscriptions-au-theatre-forum-sport-sans-violence\/","title":{"rendered":"Ouverture des inscriptions au th\u00e9\u00e2tre forum \u00ab Sport sans violence \u00bb"},"content":{"rendered":"\n<p>Dans le cadre de sa mission de sensibilisation, le CDOS 28 organise un forum th\u00e9\u00e2tre sur la th\u00e9matique : \u00ab Sport sans violence \u00bb<\/p>\n\n\n\n<p><img decoding=\"async\" width=\"16\" height=\"16\" src=\"blob:https:\/\/www.sport28.fr\/c40365fa-9a8e-42a8-b122-0374c6c31f30\" alt=\"\ud83d\udcc5\">Mardi 14 octobre 2025 \u00e0 19h<\/p>\n\n\n\n<p><img decoding=\"async\" width=\"16\" height=\"16\" src=\"blob:https:\/\/www.sport28.fr\/b5394f84-b7b8-47b5-9f47-262b23e2503d\" alt=\"\ud83d\udccd\">H\u00f4tellerie Saint-Yves, \u00e0 deux pas de la cath\u00e9drale de Chartres<\/p>\n\n\n\n<p><img decoding=\"async\" width=\"16\" height=\"16\" src=\"blob:https:\/\/www.sport28.fr\/c4c29637-10c6-4223-afb6-a28c1bf7d1a3\" alt=\"\ud83c\udf99\ufe0f\">Anim\u00e9 par la Ligue d\u2019improvisation de Touraine<\/p>\n\n\n\n<p><img loading=\"lazy\" decoding=\"async\" width=\"16\" height=\"16\" src=\"blob:https:\/\/www.sport28.fr\/b4f2b49e-3234-4f50-a3e2-bb4ddb1dfae9\" alt=\"\ud83c\udf9f\ufe0f\">\u00c9v\u00e9nement gratuit, sur inscription \u2013 places limit\u00e9es<\/p>\n\n\n\n<p>Cet \u00e9v\u00e9nement interactif s\u2019adresse \u00e0 l\u2019ensemble des acteurs du mouvement sportif : dirigeants, \u00e9ducateurs, b\u00e9n\u00e9voles, licenci\u00e9s, parents d\u2019enfants, etc.<\/p>\n\n\n\n<p><img loading=\"lazy\" decoding=\"async\" width=\"16\" height=\"16\" src=\"blob:https:\/\/www.sport28.fr\/006bc2dc-131d-43f9-aa80-13c7c12553b3\" alt=\"\u27a1\ufe0f\">Modalit\u00e9s d\u2019inscription :<\/p>\n\n\n\n<p>1. Inscription obligatoire via ce lien : <a href=\"https:\/\/docs.google.com\/forms\/d\/13afV_2kKMvnbEA2epSCaKM1QTKuwoLd0XWvyRXIIYuc\/edit\">https:\/\/docs.google.com\/forms\/d\/13afV_2kKMvnbEA2epSCaKM1QTKuwoLd0XWvyRXIIYuc\/edit<\/a><\/p>\n\n\n\n<p>2. Un e-mail de confirmation vous sera envoy\u00e9 une fois votre inscription valid\u00e9e.<\/p>\n\n\n\n<p>Nous vous remercions de bien vouloir relayer cette invitation aupr\u00e8s de vos clubs.<\/p>\n\n\n\n<figure class=\"wp-block-image size-large\"><img loading=\"lazy\" decoding=\"async\" width=\"724\" height=\"1024\" src=\"https:\/\/www.sport28.fr\/wp-content\/uploads\/2025\/09\/Affiche-Forum-Theatre-14-oct2-1-724x1024.png\" alt=\"\" class=\"wp-image-4223\" srcset=\"https:\/\/www.sport28.fr\/wp-content\/uploads\/2025\/09\/Affiche-Forum-Theatre-14-oct2-1-724x1024.png 724w, https:\/\/www.sport28.fr\/wp-content\/uploads\/2025\/09\/Affiche-Forum-Theatre-14-oct2-1-212x300.png 212w, https:\/\/www.sport28.fr\/wp-content\/uploads\/2025\/09\/Affiche-Forum-Theatre-14-oct2-1-768x1086.png 768w, https:\/\/www.sport28.fr\/wp-content\/uploads\/2025\/09\/Affiche-Forum-Theatre-14-oct2-1-1086x1536.png 1086w, https:\/\/www.sport28.fr\/wp-content\/uploads\/2025\/09\/Affiche-Forum-Theatre-14-oct2-1-1448x2048.png 1448w, https:\/\/www.sport28.fr\/wp-content\/uploads\/2025\/09\/Affiche-Forum-Theatre-14-oct2-1.png 1587w\" sizes=\"(max-width: 724px) 100vw, 724px\" \/><\/figure>\n","protected":false},"excerpt":{"rendered":"<p>Dans le cadre de sa mission de sensibilisation, le CDOS 28 organise un forum th\u00e9\u00e2tre sur la th\u00e9matique : \u00ab Sport sans violence \u00bb Mardi 14 octobre 2025 \u00e0 19h [&hellip;]<\/p>\n","protected":false},"author":1,"featured_media":4222,"comment_status":"closed","ping_status":"open","sticky":false,"template":"","format":"standard","meta":{"footnotes":""},"categories":[1],"tags":[],"class_list":["post-4221","post","type-post","status-publish","format-standard","has-post-thumbnail","hentry","category-non-classe"],"yoast_head":"<!-- This site is optimized with the Yoast SEO plugin v27.5 - https:\/\/yoast.com\/product\/yoast-seo-wordpress\/ -->\n<title>Ouverture des inscriptions au th\u00e9\u00e2tre forum \u00ab Sport sans violence \u00bb - CDOS 28<\/title>\n<meta name=\"robots\" content=\"index, follow, max-snippet:-1, max-image-preview:large, max-video-preview:-1\" \/>\n<link rel=\"canonical\" href=\"https:\/\/www.sport28.fr\/index.php\/2025\/09\/10\/ouverture-des-inscriptions-au-theatre-forum-sport-sans-violence\/\" \/>\n<meta property=\"og:locale\" content=\"fr_FR\" \/>\n<meta property=\"og:type\" content=\"article\" \/>\n<meta property=\"og:title\" content=\"Ouverture des inscriptions au th\u00e9\u00e2tre forum \u00ab Sport sans violence \u00bb - CDOS 28\" \/>\n<meta property=\"og:description\" content=\"Dans le cadre de sa mission de sensibilisation, le CDOS 28 organise un forum th\u00e9\u00e2tre sur la th\u00e9matique : \u00ab Sport sans violence \u00bb Mardi 14 octobre 2025 \u00e0 19h [&hellip;]\" \/>\n<meta property=\"og:url\" content=\"https:\/\/www.sport28.fr\/index.php\/2025\/09\/10\/ouverture-des-inscriptions-au-theatre-forum-sport-sans-violence\/\" \/>\n<meta property=\"og:site_name\" content=\"CDOS 28\" \/>\n<meta property=\"article:publisher\" content=\"https:\/\/www.facebook.com\/CDOS28?locale=fr_FR\" \/>\n<meta property=\"article:published_time\" content=\"2025-09-10T14:02:39+00:00\" \/>\n<meta property=\"article:modified_time\" content=\"2025-09-10T14:02:40+00:00\" \/>\n<meta property=\"og:image\" content=\"https:\/\/www.sport28.fr\/wp-content\/uploads\/2025\/09\/Affiche-Forum-Theatre-14-oct2.png\" \/>\n\t<meta property=\"og:image:width\" content=\"1587\" \/>\n\t<meta property=\"og:image:height\" content=\"2245\" \/>\n\t<meta property=\"og:image:type\" content=\"image\/png\" \/>\n<meta name=\"author\" content=\"admin28\" \/>\n<meta name=\"twitter:card\" content=\"summary_large_image\" \/>\n<meta name=\"twitter:label1\" content=\"\u00c9crit par\" \/>\n\t<meta name=\"twitter:data1\" content=\"admin28\" \/>\n\t<meta name=\"twitter:label2\" content=\"Dur\u00e9e de lecture estim\u00e9e\" \/>\n\t<meta name=\"twitter:data2\" content=\"2 minutes\" \/>\n<script type=\"application\/ld+json\" class=\"yoast-schema-graph\">{\"@context\":\"https:\\\/\\\/schema.org\",\"@graph\":[{\"@type\":\"Article\",\"@id\":\"https:\\\/\\\/www.sport28.fr\\\/index.php\\\/2025\\\/09\\\/10\\\/ouverture-des-inscriptions-au-theatre-forum-sport-sans-violence\\\/#article\",\"isPartOf\":{\"@id\":\"https:\\\/\\\/www.sport28.fr\\\/index.php\\\/2025\\\/09\\\/10\\\/ouverture-des-inscriptions-au-theatre-forum-sport-sans-violence\\\/\"},\"author\":{\"name\":\"admin28\",\"@id\":\"https:\\\/\\\/www.sport28.fr\\\/#\\\/schema\\\/person\\\/d707dc6c4cc8f7ba6a4564f87a6818a8\"},\"headline\":\"Ouverture des inscriptions au th\u00e9\u00e2tre forum \u00ab Sport sans violence \u00bb\",\"datePublished\":\"2025-09-10T14:02:39+00:00\",\"dateModified\":\"2025-09-10T14:02:40+00:00\",\"mainEntityOfPage\":{\"@id\":\"https:\\\/\\\/www.sport28.fr\\\/index.php\\\/2025\\\/09\\\/10\\\/ouverture-des-inscriptions-au-theatre-forum-sport-sans-violence\\\/\"},\"wordCount\":134,\"publisher\":{\"@id\":\"https:\\\/\\\/www.sport28.fr\\\/#organization\"},\"image\":{\"@id\":\"https:\\\/\\\/www.sport28.fr\\\/index.php\\\/2025\\\/09\\\/10\\\/ouverture-des-inscriptions-au-theatre-forum-sport-sans-violence\\\/#primaryimage\"},\"thumbnailUrl\":\"https:\\\/\\\/www.sport28.fr\\\/wp-content\\\/uploads\\\/2025\\\/09\\\/Affiche-Forum-Theatre-14-oct2.png\",\"inLanguage\":\"fr-FR\"},{\"@type\":\"WebPage\",\"@id\":\"https:\\\/\\\/www.sport28.fr\\\/index.php\\\/2025\\\/09\\\/10\\\/ouverture-des-inscriptions-au-theatre-forum-sport-sans-violence\\\/\",\"url\":\"https:\\\/\\\/www.sport28.fr\\\/index.php\\\/2025\\\/09\\\/10\\\/ouverture-des-inscriptions-au-theatre-forum-sport-sans-violence\\\/\",\"name\":\"Ouverture des inscriptions au th\u00e9\u00e2tre forum \u00ab Sport sans violence \u00bb - CDOS 28\",\"isPartOf\":{\"@id\":\"https:\\\/\\\/www.sport28.fr\\\/#website\"},\"primaryImageOfPage\":{\"@id\":\"https:\\\/\\\/www.sport28.fr\\\/index.php\\\/2025\\\/09\\\/10\\\/ouverture-des-inscriptions-au-theatre-forum-sport-sans-violence\\\/#primaryimage\"},\"image\":{\"@id\":\"https:\\\/\\\/www.sport28.fr\\\/index.php\\\/2025\\\/09\\\/10\\\/ouverture-des-inscriptions-au-theatre-forum-sport-sans-violence\\\/#primaryimage\"},\"thumbnailUrl\":\"https:\\\/\\\/www.sport28.fr\\\/wp-content\\\/uploads\\\/2025\\\/09\\\/Affiche-Forum-Theatre-14-oct2.png\",\"datePublished\":\"2025-09-10T14:02:39+00:00\",\"dateModified\":\"2025-09-10T14:02:40+00:00\",\"breadcrumb\":{\"@id\":\"https:\\\/\\\/www.sport28.fr\\\/index.php\\\/2025\\\/09\\\/10\\\/ouverture-des-inscriptions-au-theatre-forum-sport-sans-violence\\\/#breadcrumb\"},\"inLanguage\":\"fr-FR\",\"potentialAction\":[{\"@type\":\"ReadAction\",\"target\":[\"https:\\\/\\\/www.sport28.fr\\\/index.php\\\/2025\\\/09\\\/10\\\/ouverture-des-inscriptions-au-theatre-forum-sport-sans-violence\\\/\"]}]},{\"@type\":\"ImageObject\",\"inLanguage\":\"fr-FR\",\"@id\":\"https:\\\/\\\/www.sport28.fr\\\/index.php\\\/2025\\\/09\\\/10\\\/ouverture-des-inscriptions-au-theatre-forum-sport-sans-violence\\\/#primaryimage\",\"url\":\"https:\\\/\\\/www.sport28.fr\\\/wp-content\\\/uploads\\\/2025\\\/09\\\/Affiche-Forum-Theatre-14-oct2.png\",\"contentUrl\":\"https:\\\/\\\/www.sport28.fr\\\/wp-content\\\/uploads\\\/2025\\\/09\\\/Affiche-Forum-Theatre-14-oct2.png\",\"width\":1587,\"height\":2245},{\"@type\":\"BreadcrumbList\",\"@id\":\"https:\\\/\\\/www.sport28.fr\\\/index.php\\\/2025\\\/09\\\/10\\\/ouverture-des-inscriptions-au-theatre-forum-sport-sans-violence\\\/#breadcrumb\",\"itemListElement\":[{\"@type\":\"ListItem\",\"position\":1,\"name\":\"Accueil\",\"item\":\"https:\\\/\\\/www.sport28.fr\\\/\"},{\"@type\":\"ListItem\",\"position\":2,\"name\":\"Ouverture des inscriptions au th\u00e9\u00e2tre forum \u00ab Sport sans violence \u00bb\"}]},{\"@type\":\"WebSite\",\"@id\":\"https:\\\/\\\/www.sport28.fr\\\/#website\",\"url\":\"https:\\\/\\\/www.sport28.fr\\\/\",\"name\":\"CDOS 28\",\"description\":\"Comit\u00e9 D\u00e9partementale Olympique et Sportif d&#039;Eure et Loir\",\"publisher\":{\"@id\":\"https:\\\/\\\/www.sport28.fr\\\/#organization\"},\"potentialAction\":[{\"@type\":\"SearchAction\",\"target\":{\"@type\":\"EntryPoint\",\"urlTemplate\":\"https:\\\/\\\/www.sport28.fr\\\/?s={search_term_string}\"},\"query-input\":{\"@type\":\"PropertyValueSpecification\",\"valueRequired\":true,\"valueName\":\"search_term_string\"}}],\"inLanguage\":\"fr-FR\"},{\"@type\":\"Organization\",\"@id\":\"https:\\\/\\\/www.sport28.fr\\\/#organization\",\"name\":\"Comit\u00e9 d\u00e9partemental olympique et sportif d'eure-et-loir\",\"alternateName\":\"cdos 28\",\"url\":\"https:\\\/\\\/www.sport28.fr\\\/\",\"logo\":{\"@type\":\"ImageObject\",\"inLanguage\":\"fr-FR\",\"@id\":\"https:\\\/\\\/www.sport28.fr\\\/#\\\/schema\\\/logo\\\/image\\\/\",\"url\":\"https:\\\/\\\/www.sport28.fr\\\/wp-content\\\/uploads\\\/2023\\\/10\\\/cdos_eure_et_loir_logo.jpg\",\"contentUrl\":\"https:\\\/\\\/www.sport28.fr\\\/wp-content\\\/uploads\\\/2023\\\/10\\\/cdos_eure_et_loir_logo.jpg\",\"width\":1000,\"height\":1000,\"caption\":\"Comit\u00e9 d\u00e9partemental olympique et sportif d'eure-et-loir\"},\"image\":{\"@id\":\"https:\\\/\\\/www.sport28.fr\\\/#\\\/schema\\\/logo\\\/image\\\/\"},\"sameAs\":[\"https:\\\/\\\/www.facebook.com\\\/CDOS28?locale=fr_FR\"]},{\"@type\":\"Person\",\"@id\":\"https:\\\/\\\/www.sport28.fr\\\/#\\\/schema\\\/person\\\/d707dc6c4cc8f7ba6a4564f87a6818a8\",\"name\":\"admin28\",\"image\":{\"@type\":\"ImageObject\",\"inLanguage\":\"fr-FR\",\"@id\":\"https:\\\/\\\/secure.gravatar.com\\\/avatar\\\/ec586f5fe487447efd44e48a32fef6a1c590e9d744f9d2c3d84ed071f1581364?s=96&d=mm&r=g\",\"url\":\"https:\\\/\\\/secure.gravatar.com\\\/avatar\\\/ec586f5fe487447efd44e48a32fef6a1c590e9d744f9d2c3d84ed071f1581364?s=96&d=mm&r=g\",\"contentUrl\":\"https:\\\/\\\/secure.gravatar.com\\\/avatar\\\/ec586f5fe487447efd44e48a32fef6a1c590e9d744f9d2c3d84ed071f1581364?s=96&d=mm&r=g\",\"caption\":\"admin28\"},\"sameAs\":[\"http:\\\/\\\/www.dev.sport28.fr\"],\"url\":\"https:\\\/\\\/www.sport28.fr\\\/index.php\\\/author\\\/admin28\\\/\"}]}<\/script>\n<!-- \/ Yoast SEO plugin. -->","yoast_head_json":{"title":"Ouverture des inscriptions au th\u00e9\u00e2tre forum \u00ab Sport sans violence \u00bb - CDOS 28","robots":{"index":"index","follow":"follow","max-snippet":"max-snippet:-1","max-image-preview":"max-image-preview:large","max-video-preview":"max-video-preview:-1"},"canonical":"https:\/\/www.sport28.fr\/index.php\/2025\/09\/10\/ouverture-des-inscriptions-au-theatre-forum-sport-sans-violence\/","og_locale":"fr_FR","og_type":"article","og_title":"Ouverture des inscriptions au th\u00e9\u00e2tre forum \u00ab Sport sans violence \u00bb - CDOS 28","og_description":"Dans le cadre de sa mission de sensibilisation, le CDOS 28 organise un forum th\u00e9\u00e2tre sur la th\u00e9matique : \u00ab Sport sans violence \u00bb Mardi 14 octobre 2025 \u00e0 19h [&hellip;]","og_url":"https:\/\/www.sport28.fr\/index.php\/2025\/09\/10\/ouverture-des-inscriptions-au-theatre-forum-sport-sans-violence\/","og_site_name":"CDOS 28","article_publisher":"https:\/\/www.facebook.com\/CDOS28?locale=fr_FR","article_published_time":"2025-09-10T14:02:39+00:00","article_modified_time":"2025-09-10T14:02:40+00:00","og_image":[{"width":1587,"height":2245,"url":"https:\/\/www.sport28.fr\/wp-content\/uploads\/2025\/09\/Affiche-Forum-Theatre-14-oct2.png","type":"image\/png"}],"author":"admin28","twitter_card":"summary_large_image","twitter_misc":{"\u00c9crit par":"admin28","Dur\u00e9e de lecture estim\u00e9e":"2 minutes"},"schema":{"@context":"https:\/\/schema.org","@graph":[{"@type":"Article","@id":"https:\/\/www.sport28.fr\/index.php\/2025\/09\/10\/ouverture-des-inscriptions-au-theatre-forum-sport-sans-violence\/#article","isPartOf":{"@id":"https:\/\/www.sport28.fr\/index.php\/2025\/09\/10\/ouverture-des-inscriptions-au-theatre-forum-sport-sans-violence\/"},"author":{"name":"admin28","@id":"https:\/\/www.sport28.fr\/#\/schema\/person\/d707dc6c4cc8f7ba6a4564f87a6818a8"},"headline":"Ouverture des inscriptions au th\u00e9\u00e2tre forum \u00ab Sport sans violence \u00bb","datePublished":"2025-09-10T14:02:39+00:00","dateModified":"2025-09-10T14:02:40+00:00","mainEntityOfPage":{"@id":"https:\/\/www.sport28.fr\/index.php\/2025\/09\/10\/ouverture-des-inscriptions-au-theatre-forum-sport-sans-violence\/"},"wordCount":134,"publisher":{"@id":"https:\/\/www.sport28.fr\/#organization"},"image":{"@id":"https:\/\/www.sport28.fr\/index.php\/2025\/09\/10\/ouverture-des-inscriptions-au-theatre-forum-sport-sans-violence\/#primaryimage"},"thumbnailUrl":"https:\/\/www.sport28.fr\/wp-content\/uploads\/2025\/09\/Affiche-Forum-Theatre-14-oct2.png","inLanguage":"fr-FR"},{"@type":"WebPage","@id":"https:\/\/www.sport28.fr\/index.php\/2025\/09\/10\/ouverture-des-inscriptions-au-theatre-forum-sport-sans-violence\/","url":"https:\/\/www.sport28.fr\/index.php\/2025\/09\/10\/ouverture-des-inscriptions-au-theatre-forum-sport-sans-violence\/","name":"Ouverture des inscriptions au th\u00e9\u00e2tre forum \u00ab Sport sans violence \u00bb - CDOS 28","isPartOf":{"@id":"https:\/\/www.sport28.fr\/#website"},"primaryImageOfPage":{"@id":"https:\/\/www.sport28.fr\/index.php\/2025\/09\/10\/ouverture-des-inscriptions-au-theatre-forum-sport-sans-violence\/#primaryimage"},"image":{"@id":"https:\/\/www.sport28.fr\/index.php\/2025\/09\/10\/ouverture-des-inscriptions-au-theatre-forum-sport-sans-violence\/#primaryimage"},"thumbnailUrl":"https:\/\/www.sport28.fr\/wp-content\/uploads\/2025\/09\/Affiche-Forum-Theatre-14-oct2.png","datePublished":"2025-09-10T14:02:39+00:00","dateModified":"2025-09-10T14:02:40+00:00","breadcrumb":{"@id":"https:\/\/www.sport28.fr\/index.php\/2025\/09\/10\/ouverture-des-inscriptions-au-theatre-forum-sport-sans-violence\/#breadcrumb"},"inLanguage":"fr-FR","potentialAction":[{"@type":"ReadAction","target":["https:\/\/www.sport28.fr\/index.php\/2025\/09\/10\/ouverture-des-inscriptions-au-theatre-forum-sport-sans-violence\/"]}]},{"@type":"ImageObject","inLanguage":"fr-FR","@id":"https:\/\/www.sport28.fr\/index.php\/2025\/09\/10\/ouverture-des-inscriptions-au-theatre-forum-sport-sans-violence\/#primaryimage","url":"https:\/\/www.sport28.fr\/wp-content\/uploads\/2025\/09\/Affiche-Forum-Theatre-14-oct2.png","contentUrl":"https:\/\/www.sport28.fr\/wp-content\/uploads\/2025\/09\/Affiche-Forum-Theatre-14-oct2.png","width":1587,"height":2245},{"@type":"BreadcrumbList","@id":"https:\/\/www.sport28.fr\/index.php\/2025\/09\/10\/ouverture-des-inscriptions-au-theatre-forum-sport-sans-violence\/#breadcrumb","itemListElement":[{"@type":"ListItem","position":1,"name":"Accueil","item":"https:\/\/www.sport28.fr\/"},{"@type":"ListItem","position":2,"name":"Ouverture des inscriptions au th\u00e9\u00e2tre forum \u00ab Sport sans violence \u00bb"}]},{"@type":"WebSite","@id":"https:\/\/www.sport28.fr\/#website","url":"https:\/\/www.sport28.fr\/","name":"CDOS 28","description":"Comit\u00e9 D\u00e9partementale Olympique et Sportif d&#039;Eure et Loir","publisher":{"@id":"https:\/\/www.sport28.fr\/#organization"},"potentialAction":[{"@type":"SearchAction","target":{"@type":"EntryPoint","urlTemplate":"https:\/\/www.sport28.fr\/?s={search_term_string}"},"query-input":{"@type":"PropertyValueSpecification","valueRequired":true,"valueName":"search_term_string"}}],"inLanguage":"fr-FR"},{"@type":"Organization","@id":"https:\/\/www.sport28.fr\/#organization","name":"Comit\u00e9 d\u00e9partemental olympique et sportif d'eure-et-loir","alternateName":"cdos 28","url":"https:\/\/www.sport28.fr\/","logo":{"@type":"ImageObject","inLanguage":"fr-FR","@id":"https:\/\/www.sport28.fr\/#\/schema\/logo\/image\/","url":"https:\/\/www.sport28.fr\/wp-content\/uploads\/2023\/10\/cdos_eure_et_loir_logo.jpg","contentUrl":"https:\/\/www.sport28.fr\/wp-content\/uploads\/2023\/10\/cdos_eure_et_loir_logo.jpg","width":1000,"height":1000,"caption":"Comit\u00e9 d\u00e9partemental olympique et sportif d'eure-et-loir"},"image":{"@id":"https:\/\/www.sport28.fr\/#\/schema\/logo\/image\/"},"sameAs":["https:\/\/www.facebook.com\/CDOS28?locale=fr_FR"]},{"@type":"Person","@id":"https:\/\/www.sport28.fr\/#\/schema\/person\/d707dc6c4cc8f7ba6a4564f87a6818a8","name":"admin28","image":{"@type":"ImageObject","inLanguage":"fr-FR","@id":"https:\/\/secure.gravatar.com\/avatar\/ec586f5fe487447efd44e48a32fef6a1c590e9d744f9d2c3d84ed071f1581364?s=96&d=mm&r=g","url":"https:\/\/secure.gravatar.com\/avatar\/ec586f5fe487447efd44e48a32fef6a1c590e9d744f9d2c3d84ed071f1581364?s=96&d=mm&r=g","contentUrl":"https:\/\/secure.gravatar.com\/avatar\/ec586f5fe487447efd44e48a32fef6a1c590e9d744f9d2c3d84ed071f1581364?s=96&d=mm&r=g","caption":"admin28"},"sameAs":["http:\/\/www.dev.sport28.fr"],"url":"https:\/\/www.sport28.fr\/index.php\/author\/admin28\/"}]}},"_links":{"self":[{"href":"https:\/\/www.sport28.fr\/index.php\/wp-json\/wp\/v2\/posts\/4221","targetHints":{"allow":["GET"]}}],"collection":[{"href":"https:\/\/www.sport28.fr\/index.php\/wp-json\/wp\/v2\/posts"}],"about":[{"href":"https:\/\/www.sport28.fr\/index.php\/wp-json\/wp\/v2\/types\/post"}],"author":[{"embeddable":true,"href":"https:\/\/www.sport28.fr\/index.php\/wp-json\/wp\/v2\/users\/1"}],"replies":[{"embeddable":true,"href":"https:\/\/www.sport28.fr\/index.php\/wp-json\/wp\/v2\/comments?post=4221"}],"version-history":[{"count":1,"href":"https:\/\/www.sport28.fr\/index.php\/wp-json\/wp\/v2\/posts\/4221\/revisions"}],"predecessor-version":[{"id":4224,"href":"https:\/\/www.sport28.fr\/index.php\/wp-json\/wp\/v2\/posts\/4221\/revisions\/4224"}],"wp:featuredmedia":[{"embeddable":true,"href":"https:\/\/www.sport28.fr\/index.php\/wp-json\/wp\/v2\/media\/4222"}],"wp:attachment":[{"href":"https:\/\/www.sport28.fr\/index.php\/wp-json\/wp\/v2\/media?parent=4221"}],"wp:term":[{"taxonomy":"category","embeddable":true,"href":"https:\/\/www.sport28.fr\/index.php\/wp-json\/wp\/v2\/categories?post=4221"},{"taxonomy":"post_tag","embeddable":true,"href":"https:\/\/www.sport28.fr\/index.php\/wp-json\/wp\/v2\/tags?post=4221"}],"curies":[{"name":"wp","href":"https:\/\/api.w.org\/{rel}","templated":true}]}}