{"id":4167,"date":"2025-06-18T15:36:21","date_gmt":"2025-06-18T13:36:21","guid":{"rendered":"https:\/\/www.sport28.fr\/?p=4167"},"modified":"2025-06-18T15:36:22","modified_gmt":"2025-06-18T13:36:22","slug":"nouvelle-obligation-daffichage-dans-les-etablissements-dactivites-physiques-et-sportives-affiche-lutte-contre-les-violences-a-apposer-avant-le-16-novembre-2025","status":"publish","type":"post","link":"https:\/\/www.sport28.fr\/index.php\/2025\/06\/18\/nouvelle-obligation-daffichage-dans-les-etablissements-dactivites-physiques-et-sportives-affiche-lutte-contre-les-violences-a-apposer-avant-le-16-novembre-2025\/","title":{"rendered":"Nouvelle obligation d\u2019affichage dans les \u00e9tablissements d\u2019activit\u00e9s physiques et sportives \u2013 Affiche \u00ab\u00a0lutte contre les violences\u00a0\u00bb \u00e0 apposer avant le 16 novembre 2025"},"content":{"rendered":"\n<p><a href=\"https:\/\/eur02.safelinks.protection.outlook.com\/?url=https%3A%2F%2F9toh0.r.bh.d.sendibt3.com%2Fmk%2Fcl%2Ff%2Fsh%2FWCPzyXJiYxIVeOEpGXRjvyGA7CZRLWIn%2Fa84xb0EnzCh7&amp;data=05%7C02%7Ceureetloir%40franceolympique.com%7C6f5ba033166740add70108ddae6bed29%7Cfa5ef80ec3ea4908bc542aaac2e4733e%7C0%7C0%7C638858500755294398%7CUnknown%7CTWFpbGZsb3d8eyJFbXB0eU1hcGkiOnRydWUsIlYiOiIwLjAuMDAwMCIsIlAiOiJXaW4zMiIsIkFOIjoiTWFpbCIsIldUIjoyfQ%3D%3D%7C0%7C%7C%7C&amp;sdata=pCrWUesOAVtOLIonAvtwlzl2%2BLVS2dLIIOLCCwCmRLg%3D&amp;reserved=0\" target=\"_blank\" rel=\"noreferrer noopener\"><strong>L\u2019art.R322-5<\/strong><\/a> du Code du sport qui fixe les obligations d\u2019affichage \u00ab&nbsp;<em>en un lieu visible de tous<\/em>&nbsp;\u00bb dans les \u00e9tablissements d\u2019APS (EAPS) d\u2019une liste de documents (dipl\u00f4mes et cartes pro des \u00e9ducateurs, attestation d\u2019assurance \u2026) a \u00e9t\u00e9 compl\u00e9t\u00e9 le 18 mai 2025 avec le rajout de l\u2019obligation d\u2019afficher \u00e9galement \u00ab&nbsp;\u2026 <em>une information sur les dispositifs permettant de recueillir des signalements, d\u2019orienter et accompagner les personnes s\u2019estimant victimes ou t\u00e9moins de situations susceptibles d\u2019\u00eatre qualifi\u00e9es de violences physiques ou morales ou de situations de maltraitance<\/em> \u2026&nbsp;\u00bb.<\/p>\n\n\n\n<p><a href=\"https:\/\/eur02.safelinks.protection.outlook.com\/?url=https%3A%2F%2F9toh0.r.bh.d.sendibt3.com%2Fmk%2Fcl%2Ff%2Fsh%2FWCPzyXJiYxIVeOEpGXRjvyGA7CZRLWIn%2FZbjqlO7yXRNK&amp;data=05%7C02%7Ceureetloir%40franceolympique.com%7C6f5ba033166740add70108ddae6bed29%7Cfa5ef80ec3ea4908bc542aaac2e4733e%7C0%7C0%7C638858500755315082%7CUnknown%7CTWFpbGZsb3d8eyJFbXB0eU1hcGkiOnRydWUsIlYiOiIwLjAuMDAwMCIsIlAiOiJXaW4zMiIsIkFOIjoiTWFpbCIsIldUIjoyfQ%3D%3D%7C0%7C%7C%7C&amp;sdata=81hfsqMLK8vLqPzWmv7uYnSD0p1xAc7EVdw7KNXHrTQ%3D&amp;reserved=0\" target=\"_blank\" rel=\"noreferrer noopener\"><strong>Un arr\u00eat\u00e9 du 20\/05\/2025<\/strong><\/a> pr\u00e9cise les d\u00e9tails de cet affichage obligatoire et impose l\u2019usage pour cet affichage d\u2019un des deux mod\u00e8les d\u2019affiche en annexe de l\u2019arr\u00eat\u00e9.<\/p>\n\n\n\n<p>Cette affiche doit obligatoirement \u00eatre imprim\u00e9e sur un support papier et en format \u00e0 minima A3.<\/p>\n\n\n\n<p>Selon les dispositions du d\u00e9cret qui cr\u00e9e cette nouvelle contrainte, <strong>les EAPS ont jusqu\u2019au 16 novembre 2025 maximum (6 mois) pour r\u00e9aliser cet affichage<\/strong><\/p>\n\n\n\n<figure class=\"wp-block-image size-large\"><img fetchpriority=\"high\" decoding=\"async\" width=\"1024\" height=\"576\" src=\"https:\/\/www.sport28.fr\/wp-content\/uploads\/2025\/06\/signal-sports-8445-1-1024x576.png\" alt=\"\" class=\"wp-image-4168\" srcset=\"https:\/\/www.sport28.fr\/wp-content\/uploads\/2025\/06\/signal-sports-8445-1-1024x576.png 1024w, https:\/\/www.sport28.fr\/wp-content\/uploads\/2025\/06\/signal-sports-8445-1-300x169.png 300w, https:\/\/www.sport28.fr\/wp-content\/uploads\/2025\/06\/signal-sports-8445-1-768x432.png 768w, https:\/\/www.sport28.fr\/wp-content\/uploads\/2025\/06\/signal-sports-8445-1-1536x864.png 1536w, https:\/\/www.sport28.fr\/wp-content\/uploads\/2025\/06\/signal-sports-8445-1.png 1920w\" sizes=\"(max-width: 1024px) 100vw, 1024px\" \/><\/figure>\n","protected":false},"excerpt":{"rendered":"<p>L\u2019art.R322-5 du Code du sport qui fixe les obligations d\u2019affichage \u00ab&nbsp;en un lieu visible de tous&nbsp;\u00bb dans les \u00e9tablissements d\u2019APS (EAPS) d\u2019une liste de documents (dipl\u00f4mes et cartes pro des [&hellip;]<\/p>\n","protected":false},"author":1,"featured_media":4168,"comment_status":"closed","ping_status":"open","sticky":false,"template":"","format":"standard","meta":{"footnotes":""},"categories":[1],"tags":[],"class_list":["post-4167","post","type-post","status-publish","format-standard","has-post-thumbnail","hentry","category-non-classe"],"yoast_head":"<!-- This site is optimized with the Yoast SEO plugin v27.5 - https:\/\/yoast.com\/product\/yoast-seo-wordpress\/ -->\n<title>Nouvelle obligation d\u2019affichage dans les \u00e9tablissements d\u2019activit\u00e9s physiques et sportives \u2013 Affiche &quot;lutte contre les violences&quot; \u00e0 apposer avant le 16 novembre 2025 - CDOS 28<\/title>\n<meta name=\"robots\" content=\"index, follow, max-snippet:-1, max-image-preview:large, max-video-preview:-1\" \/>\n<link rel=\"canonical\" href=\"https:\/\/www.sport28.fr\/index.php\/2025\/06\/18\/nouvelle-obligation-daffichage-dans-les-etablissements-dactivites-physiques-et-sportives-affiche-lutte-contre-les-violences-a-apposer-avant-le-16-novembre-2025\/\" \/>\n<meta property=\"og:locale\" content=\"fr_FR\" \/>\n<meta property=\"og:type\" content=\"article\" \/>\n<meta property=\"og:title\" content=\"Nouvelle obligation d\u2019affichage dans les \u00e9tablissements d\u2019activit\u00e9s physiques et sportives \u2013 Affiche &quot;lutte contre les violences&quot; \u00e0 apposer avant le 16 novembre 2025 - CDOS 28\" \/>\n<meta property=\"og:description\" content=\"L\u2019art.R322-5 du Code du sport qui fixe les obligations d\u2019affichage \u00ab&nbsp;en un lieu visible de tous&nbsp;\u00bb dans les \u00e9tablissements d\u2019APS (EAPS) d\u2019une liste de documents (dipl\u00f4mes et cartes pro des [&hellip;]\" \/>\n<meta property=\"og:url\" content=\"https:\/\/www.sport28.fr\/index.php\/2025\/06\/18\/nouvelle-obligation-daffichage-dans-les-etablissements-dactivites-physiques-et-sportives-affiche-lutte-contre-les-violences-a-apposer-avant-le-16-novembre-2025\/\" \/>\n<meta property=\"og:site_name\" content=\"CDOS 28\" \/>\n<meta property=\"article:publisher\" content=\"https:\/\/www.facebook.com\/CDOS28?locale=fr_FR\" \/>\n<meta property=\"article:published_time\" content=\"2025-06-18T13:36:21+00:00\" \/>\n<meta property=\"article:modified_time\" content=\"2025-06-18T13:36:22+00:00\" \/>\n<meta property=\"og:image\" content=\"https:\/\/www.sport28.fr\/wp-content\/uploads\/2025\/06\/signal-sports-8445-1.png\" \/>\n\t<meta property=\"og:image:width\" content=\"1920\" \/>\n\t<meta property=\"og:image:height\" content=\"1080\" \/>\n\t<meta property=\"og:image:type\" content=\"image\/png\" \/>\n<meta name=\"author\" content=\"admin28\" \/>\n<meta name=\"twitter:card\" content=\"summary_large_image\" \/>\n<meta name=\"twitter:label1\" content=\"\u00c9crit par\" \/>\n\t<meta name=\"twitter:data1\" content=\"admin28\" \/>\n\t<meta name=\"twitter:label2\" content=\"Dur\u00e9e de lecture estim\u00e9e\" \/>\n\t<meta name=\"twitter:data2\" content=\"2 minutes\" \/>\n<script type=\"application\/ld+json\" class=\"yoast-schema-graph\">{\"@context\":\"https:\\\/\\\/schema.org\",\"@graph\":[{\"@type\":\"Article\",\"@id\":\"https:\\\/\\\/www.sport28.fr\\\/index.php\\\/2025\\\/06\\\/18\\\/nouvelle-obligation-daffichage-dans-les-etablissements-dactivites-physiques-et-sportives-affiche-lutte-contre-les-violences-a-apposer-avant-le-16-novembre-2025\\\/#article\",\"isPartOf\":{\"@id\":\"https:\\\/\\\/www.sport28.fr\\\/index.php\\\/2025\\\/06\\\/18\\\/nouvelle-obligation-daffichage-dans-les-etablissements-dactivites-physiques-et-sportives-affiche-lutte-contre-les-violences-a-apposer-avant-le-16-novembre-2025\\\/\"},\"author\":{\"name\":\"admin28\",\"@id\":\"https:\\\/\\\/www.sport28.fr\\\/#\\\/schema\\\/person\\\/d707dc6c4cc8f7ba6a4564f87a6818a8\"},\"headline\":\"Nouvelle obligation d\u2019affichage dans les \u00e9tablissements d\u2019activit\u00e9s physiques et sportives \u2013 Affiche \u00ab\u00a0lutte contre les violences\u00a0\u00bb \u00e0 apposer avant le 16 novembre 2025\",\"datePublished\":\"2025-06-18T13:36:21+00:00\",\"dateModified\":\"2025-06-18T13:36:22+00:00\",\"mainEntityOfPage\":{\"@id\":\"https:\\\/\\\/www.sport28.fr\\\/index.php\\\/2025\\\/06\\\/18\\\/nouvelle-obligation-daffichage-dans-les-etablissements-dactivites-physiques-et-sportives-affiche-lutte-contre-les-violences-a-apposer-avant-le-16-novembre-2025\\\/\"},\"wordCount\":196,\"publisher\":{\"@id\":\"https:\\\/\\\/www.sport28.fr\\\/#organization\"},\"image\":{\"@id\":\"https:\\\/\\\/www.sport28.fr\\\/index.php\\\/2025\\\/06\\\/18\\\/nouvelle-obligation-daffichage-dans-les-etablissements-dactivites-physiques-et-sportives-affiche-lutte-contre-les-violences-a-apposer-avant-le-16-novembre-2025\\\/#primaryimage\"},\"thumbnailUrl\":\"https:\\\/\\\/www.sport28.fr\\\/wp-content\\\/uploads\\\/2025\\\/06\\\/signal-sports-8445-1.png\",\"inLanguage\":\"fr-FR\"},{\"@type\":\"WebPage\",\"@id\":\"https:\\\/\\\/www.sport28.fr\\\/index.php\\\/2025\\\/06\\\/18\\\/nouvelle-obligation-daffichage-dans-les-etablissements-dactivites-physiques-et-sportives-affiche-lutte-contre-les-violences-a-apposer-avant-le-16-novembre-2025\\\/\",\"url\":\"https:\\\/\\\/www.sport28.fr\\\/index.php\\\/2025\\\/06\\\/18\\\/nouvelle-obligation-daffichage-dans-les-etablissements-dactivites-physiques-et-sportives-affiche-lutte-contre-les-violences-a-apposer-avant-le-16-novembre-2025\\\/\",\"name\":\"Nouvelle obligation d\u2019affichage dans les \u00e9tablissements d\u2019activit\u00e9s physiques et sportives \u2013 Affiche \\\"lutte contre les violences\\\" \u00e0 apposer avant le 16 novembre 2025 - CDOS 28\",\"isPartOf\":{\"@id\":\"https:\\\/\\\/www.sport28.fr\\\/#website\"},\"primaryImageOfPage\":{\"@id\":\"https:\\\/\\\/www.sport28.fr\\\/index.php\\\/2025\\\/06\\\/18\\\/nouvelle-obligation-daffichage-dans-les-etablissements-dactivites-physiques-et-sportives-affiche-lutte-contre-les-violences-a-apposer-avant-le-16-novembre-2025\\\/#primaryimage\"},\"image\":{\"@id\":\"https:\\\/\\\/www.sport28.fr\\\/index.php\\\/2025\\\/06\\\/18\\\/nouvelle-obligation-daffichage-dans-les-etablissements-dactivites-physiques-et-sportives-affiche-lutte-contre-les-violences-a-apposer-avant-le-16-novembre-2025\\\/#primaryimage\"},\"thumbnailUrl\":\"https:\\\/\\\/www.sport28.fr\\\/wp-content\\\/uploads\\\/2025\\\/06\\\/signal-sports-8445-1.png\",\"datePublished\":\"2025-06-18T13:36:21+00:00\",\"dateModified\":\"2025-06-18T13:36:22+00:00\",\"breadcrumb\":{\"@id\":\"https:\\\/\\\/www.sport28.fr\\\/index.php\\\/2025\\\/06\\\/18\\\/nouvelle-obligation-daffichage-dans-les-etablissements-dactivites-physiques-et-sportives-affiche-lutte-contre-les-violences-a-apposer-avant-le-16-novembre-2025\\\/#breadcrumb\"},\"inLanguage\":\"fr-FR\",\"potentialAction\":[{\"@type\":\"ReadAction\",\"target\":[\"https:\\\/\\\/www.sport28.fr\\\/index.php\\\/2025\\\/06\\\/18\\\/nouvelle-obligation-daffichage-dans-les-etablissements-dactivites-physiques-et-sportives-affiche-lutte-contre-les-violences-a-apposer-avant-le-16-novembre-2025\\\/\"]}]},{\"@type\":\"ImageObject\",\"inLanguage\":\"fr-FR\",\"@id\":\"https:\\\/\\\/www.sport28.fr\\\/index.php\\\/2025\\\/06\\\/18\\\/nouvelle-obligation-daffichage-dans-les-etablissements-dactivites-physiques-et-sportives-affiche-lutte-contre-les-violences-a-apposer-avant-le-16-novembre-2025\\\/#primaryimage\",\"url\":\"https:\\\/\\\/www.sport28.fr\\\/wp-content\\\/uploads\\\/2025\\\/06\\\/signal-sports-8445-1.png\",\"contentUrl\":\"https:\\\/\\\/www.sport28.fr\\\/wp-content\\\/uploads\\\/2025\\\/06\\\/signal-sports-8445-1.png\",\"width\":1920,\"height\":1080},{\"@type\":\"BreadcrumbList\",\"@id\":\"https:\\\/\\\/www.sport28.fr\\\/index.php\\\/2025\\\/06\\\/18\\\/nouvelle-obligation-daffichage-dans-les-etablissements-dactivites-physiques-et-sportives-affiche-lutte-contre-les-violences-a-apposer-avant-le-16-novembre-2025\\\/#breadcrumb\",\"itemListElement\":[{\"@type\":\"ListItem\",\"position\":1,\"name\":\"Accueil\",\"item\":\"https:\\\/\\\/www.sport28.fr\\\/\"},{\"@type\":\"ListItem\",\"position\":2,\"name\":\"Nouvelle obligation d\u2019affichage dans les \u00e9tablissements d\u2019activit\u00e9s physiques et sportives \u2013 Affiche \u00ab\u00a0lutte contre les violences\u00a0\u00bb \u00e0 apposer avant le 16 novembre 2025\"}]},{\"@type\":\"WebSite\",\"@id\":\"https:\\\/\\\/www.sport28.fr\\\/#website\",\"url\":\"https:\\\/\\\/www.sport28.fr\\\/\",\"name\":\"CDOS 28\",\"description\":\"Comit\u00e9 D\u00e9partementale Olympique et Sportif d&#039;Eure et Loir\",\"publisher\":{\"@id\":\"https:\\\/\\\/www.sport28.fr\\\/#organization\"},\"potentialAction\":[{\"@type\":\"SearchAction\",\"target\":{\"@type\":\"EntryPoint\",\"urlTemplate\":\"https:\\\/\\\/www.sport28.fr\\\/?s={search_term_string}\"},\"query-input\":{\"@type\":\"PropertyValueSpecification\",\"valueRequired\":true,\"valueName\":\"search_term_string\"}}],\"inLanguage\":\"fr-FR\"},{\"@type\":\"Organization\",\"@id\":\"https:\\\/\\\/www.sport28.fr\\\/#organization\",\"name\":\"Comit\u00e9 d\u00e9partemental olympique et sportif d'eure-et-loir\",\"alternateName\":\"cdos 28\",\"url\":\"https:\\\/\\\/www.sport28.fr\\\/\",\"logo\":{\"@type\":\"ImageObject\",\"inLanguage\":\"fr-FR\",\"@id\":\"https:\\\/\\\/www.sport28.fr\\\/#\\\/schema\\\/logo\\\/image\\\/\",\"url\":\"https:\\\/\\\/www.sport28.fr\\\/wp-content\\\/uploads\\\/2023\\\/10\\\/cdos_eure_et_loir_logo.jpg\",\"contentUrl\":\"https:\\\/\\\/www.sport28.fr\\\/wp-content\\\/uploads\\\/2023\\\/10\\\/cdos_eure_et_loir_logo.jpg\",\"width\":1000,\"height\":1000,\"caption\":\"Comit\u00e9 d\u00e9partemental olympique et sportif d'eure-et-loir\"},\"image\":{\"@id\":\"https:\\\/\\\/www.sport28.fr\\\/#\\\/schema\\\/logo\\\/image\\\/\"},\"sameAs\":[\"https:\\\/\\\/www.facebook.com\\\/CDOS28?locale=fr_FR\"]},{\"@type\":\"Person\",\"@id\":\"https:\\\/\\\/www.sport28.fr\\\/#\\\/schema\\\/person\\\/d707dc6c4cc8f7ba6a4564f87a6818a8\",\"name\":\"admin28\",\"image\":{\"@type\":\"ImageObject\",\"inLanguage\":\"fr-FR\",\"@id\":\"https:\\\/\\\/secure.gravatar.com\\\/avatar\\\/ec586f5fe487447efd44e48a32fef6a1c590e9d744f9d2c3d84ed071f1581364?s=96&d=mm&r=g\",\"url\":\"https:\\\/\\\/secure.gravatar.com\\\/avatar\\\/ec586f5fe487447efd44e48a32fef6a1c590e9d744f9d2c3d84ed071f1581364?s=96&d=mm&r=g\",\"contentUrl\":\"https:\\\/\\\/secure.gravatar.com\\\/avatar\\\/ec586f5fe487447efd44e48a32fef6a1c590e9d744f9d2c3d84ed071f1581364?s=96&d=mm&r=g\",\"caption\":\"admin28\"},\"sameAs\":[\"http:\\\/\\\/www.dev.sport28.fr\"],\"url\":\"https:\\\/\\\/www.sport28.fr\\\/index.php\\\/author\\\/admin28\\\/\"}]}<\/script>\n<!-- \/ Yoast SEO plugin. -->","yoast_head_json":{"title":"Nouvelle obligation d\u2019affichage dans les \u00e9tablissements d\u2019activit\u00e9s physiques et sportives \u2013 Affiche \"lutte contre les violences\" \u00e0 apposer avant le 16 novembre 2025 - CDOS 28","robots":{"index":"index","follow":"follow","max-snippet":"max-snippet:-1","max-image-preview":"max-image-preview:large","max-video-preview":"max-video-preview:-1"},"canonical":"https:\/\/www.sport28.fr\/index.php\/2025\/06\/18\/nouvelle-obligation-daffichage-dans-les-etablissements-dactivites-physiques-et-sportives-affiche-lutte-contre-les-violences-a-apposer-avant-le-16-novembre-2025\/","og_locale":"fr_FR","og_type":"article","og_title":"Nouvelle obligation d\u2019affichage dans les \u00e9tablissements d\u2019activit\u00e9s physiques et sportives \u2013 Affiche \"lutte contre les violences\" \u00e0 apposer avant le 16 novembre 2025 - CDOS 28","og_description":"L\u2019art.R322-5 du Code du sport qui fixe les obligations d\u2019affichage \u00ab&nbsp;en un lieu visible de tous&nbsp;\u00bb dans les \u00e9tablissements d\u2019APS (EAPS) d\u2019une liste de documents (dipl\u00f4mes et cartes pro des [&hellip;]","og_url":"https:\/\/www.sport28.fr\/index.php\/2025\/06\/18\/nouvelle-obligation-daffichage-dans-les-etablissements-dactivites-physiques-et-sportives-affiche-lutte-contre-les-violences-a-apposer-avant-le-16-novembre-2025\/","og_site_name":"CDOS 28","article_publisher":"https:\/\/www.facebook.com\/CDOS28?locale=fr_FR","article_published_time":"2025-06-18T13:36:21+00:00","article_modified_time":"2025-06-18T13:36:22+00:00","og_image":[{"width":1920,"height":1080,"url":"https:\/\/www.sport28.fr\/wp-content\/uploads\/2025\/06\/signal-sports-8445-1.png","type":"image\/png"}],"author":"admin28","twitter_card":"summary_large_image","twitter_misc":{"\u00c9crit par":"admin28","Dur\u00e9e de lecture estim\u00e9e":"2 minutes"},"schema":{"@context":"https:\/\/schema.org","@graph":[{"@type":"Article","@id":"https:\/\/www.sport28.fr\/index.php\/2025\/06\/18\/nouvelle-obligation-daffichage-dans-les-etablissements-dactivites-physiques-et-sportives-affiche-lutte-contre-les-violences-a-apposer-avant-le-16-novembre-2025\/#article","isPartOf":{"@id":"https:\/\/www.sport28.fr\/index.php\/2025\/06\/18\/nouvelle-obligation-daffichage-dans-les-etablissements-dactivites-physiques-et-sportives-affiche-lutte-contre-les-violences-a-apposer-avant-le-16-novembre-2025\/"},"author":{"name":"admin28","@id":"https:\/\/www.sport28.fr\/#\/schema\/person\/d707dc6c4cc8f7ba6a4564f87a6818a8"},"headline":"Nouvelle obligation d\u2019affichage dans les \u00e9tablissements d\u2019activit\u00e9s physiques et sportives \u2013 Affiche \u00ab\u00a0lutte contre les violences\u00a0\u00bb \u00e0 apposer avant le 16 novembre 2025","datePublished":"2025-06-18T13:36:21+00:00","dateModified":"2025-06-18T13:36:22+00:00","mainEntityOfPage":{"@id":"https:\/\/www.sport28.fr\/index.php\/2025\/06\/18\/nouvelle-obligation-daffichage-dans-les-etablissements-dactivites-physiques-et-sportives-affiche-lutte-contre-les-violences-a-apposer-avant-le-16-novembre-2025\/"},"wordCount":196,"publisher":{"@id":"https:\/\/www.sport28.fr\/#organization"},"image":{"@id":"https:\/\/www.sport28.fr\/index.php\/2025\/06\/18\/nouvelle-obligation-daffichage-dans-les-etablissements-dactivites-physiques-et-sportives-affiche-lutte-contre-les-violences-a-apposer-avant-le-16-novembre-2025\/#primaryimage"},"thumbnailUrl":"https:\/\/www.sport28.fr\/wp-content\/uploads\/2025\/06\/signal-sports-8445-1.png","inLanguage":"fr-FR"},{"@type":"WebPage","@id":"https:\/\/www.sport28.fr\/index.php\/2025\/06\/18\/nouvelle-obligation-daffichage-dans-les-etablissements-dactivites-physiques-et-sportives-affiche-lutte-contre-les-violences-a-apposer-avant-le-16-novembre-2025\/","url":"https:\/\/www.sport28.fr\/index.php\/2025\/06\/18\/nouvelle-obligation-daffichage-dans-les-etablissements-dactivites-physiques-et-sportives-affiche-lutte-contre-les-violences-a-apposer-avant-le-16-novembre-2025\/","name":"Nouvelle obligation d\u2019affichage dans les \u00e9tablissements d\u2019activit\u00e9s physiques et sportives \u2013 Affiche \"lutte contre les violences\" \u00e0 apposer avant le 16 novembre 2025 - CDOS 28","isPartOf":{"@id":"https:\/\/www.sport28.fr\/#website"},"primaryImageOfPage":{"@id":"https:\/\/www.sport28.fr\/index.php\/2025\/06\/18\/nouvelle-obligation-daffichage-dans-les-etablissements-dactivites-physiques-et-sportives-affiche-lutte-contre-les-violences-a-apposer-avant-le-16-novembre-2025\/#primaryimage"},"image":{"@id":"https:\/\/www.sport28.fr\/index.php\/2025\/06\/18\/nouvelle-obligation-daffichage-dans-les-etablissements-dactivites-physiques-et-sportives-affiche-lutte-contre-les-violences-a-apposer-avant-le-16-novembre-2025\/#primaryimage"},"thumbnailUrl":"https:\/\/www.sport28.fr\/wp-content\/uploads\/2025\/06\/signal-sports-8445-1.png","datePublished":"2025-06-18T13:36:21+00:00","dateModified":"2025-06-18T13:36:22+00:00","breadcrumb":{"@id":"https:\/\/www.sport28.fr\/index.php\/2025\/06\/18\/nouvelle-obligation-daffichage-dans-les-etablissements-dactivites-physiques-et-sportives-affiche-lutte-contre-les-violences-a-apposer-avant-le-16-novembre-2025\/#breadcrumb"},"inLanguage":"fr-FR","potentialAction":[{"@type":"ReadAction","target":["https:\/\/www.sport28.fr\/index.php\/2025\/06\/18\/nouvelle-obligation-daffichage-dans-les-etablissements-dactivites-physiques-et-sportives-affiche-lutte-contre-les-violences-a-apposer-avant-le-16-novembre-2025\/"]}]},{"@type":"ImageObject","inLanguage":"fr-FR","@id":"https:\/\/www.sport28.fr\/index.php\/2025\/06\/18\/nouvelle-obligation-daffichage-dans-les-etablissements-dactivites-physiques-et-sportives-affiche-lutte-contre-les-violences-a-apposer-avant-le-16-novembre-2025\/#primaryimage","url":"https:\/\/www.sport28.fr\/wp-content\/uploads\/2025\/06\/signal-sports-8445-1.png","contentUrl":"https:\/\/www.sport28.fr\/wp-content\/uploads\/2025\/06\/signal-sports-8445-1.png","width":1920,"height":1080},{"@type":"BreadcrumbList","@id":"https:\/\/www.sport28.fr\/index.php\/2025\/06\/18\/nouvelle-obligation-daffichage-dans-les-etablissements-dactivites-physiques-et-sportives-affiche-lutte-contre-les-violences-a-apposer-avant-le-16-novembre-2025\/#breadcrumb","itemListElement":[{"@type":"ListItem","position":1,"name":"Accueil","item":"https:\/\/www.sport28.fr\/"},{"@type":"ListItem","position":2,"name":"Nouvelle obligation d\u2019affichage dans les \u00e9tablissements d\u2019activit\u00e9s physiques et sportives \u2013 Affiche \u00ab\u00a0lutte contre les violences\u00a0\u00bb \u00e0 apposer avant le 16 novembre 2025"}]},{"@type":"WebSite","@id":"https:\/\/www.sport28.fr\/#website","url":"https:\/\/www.sport28.fr\/","name":"CDOS 28","description":"Comit\u00e9 D\u00e9partementale Olympique et Sportif d&#039;Eure et Loir","publisher":{"@id":"https:\/\/www.sport28.fr\/#organization"},"potentialAction":[{"@type":"SearchAction","target":{"@type":"EntryPoint","urlTemplate":"https:\/\/www.sport28.fr\/?s={search_term_string}"},"query-input":{"@type":"PropertyValueSpecification","valueRequired":true,"valueName":"search_term_string"}}],"inLanguage":"fr-FR"},{"@type":"Organization","@id":"https:\/\/www.sport28.fr\/#organization","name":"Comit\u00e9 d\u00e9partemental olympique et sportif d'eure-et-loir","alternateName":"cdos 28","url":"https:\/\/www.sport28.fr\/","logo":{"@type":"ImageObject","inLanguage":"fr-FR","@id":"https:\/\/www.sport28.fr\/#\/schema\/logo\/image\/","url":"https:\/\/www.sport28.fr\/wp-content\/uploads\/2023\/10\/cdos_eure_et_loir_logo.jpg","contentUrl":"https:\/\/www.sport28.fr\/wp-content\/uploads\/2023\/10\/cdos_eure_et_loir_logo.jpg","width":1000,"height":1000,"caption":"Comit\u00e9 d\u00e9partemental olympique et sportif d'eure-et-loir"},"image":{"@id":"https:\/\/www.sport28.fr\/#\/schema\/logo\/image\/"},"sameAs":["https:\/\/www.facebook.com\/CDOS28?locale=fr_FR"]},{"@type":"Person","@id":"https:\/\/www.sport28.fr\/#\/schema\/person\/d707dc6c4cc8f7ba6a4564f87a6818a8","name":"admin28","image":{"@type":"ImageObject","inLanguage":"fr-FR","@id":"https:\/\/secure.gravatar.com\/avatar\/ec586f5fe487447efd44e48a32fef6a1c590e9d744f9d2c3d84ed071f1581364?s=96&d=mm&r=g","url":"https:\/\/secure.gravatar.com\/avatar\/ec586f5fe487447efd44e48a32fef6a1c590e9d744f9d2c3d84ed071f1581364?s=96&d=mm&r=g","contentUrl":"https:\/\/secure.gravatar.com\/avatar\/ec586f5fe487447efd44e48a32fef6a1c590e9d744f9d2c3d84ed071f1581364?s=96&d=mm&r=g","caption":"admin28"},"sameAs":["http:\/\/www.dev.sport28.fr"],"url":"https:\/\/www.sport28.fr\/index.php\/author\/admin28\/"}]}},"_links":{"self":[{"href":"https:\/\/www.sport28.fr\/index.php\/wp-json\/wp\/v2\/posts\/4167","targetHints":{"allow":["GET"]}}],"collection":[{"href":"https:\/\/www.sport28.fr\/index.php\/wp-json\/wp\/v2\/posts"}],"about":[{"href":"https:\/\/www.sport28.fr\/index.php\/wp-json\/wp\/v2\/types\/post"}],"author":[{"embeddable":true,"href":"https:\/\/www.sport28.fr\/index.php\/wp-json\/wp\/v2\/users\/1"}],"replies":[{"embeddable":true,"href":"https:\/\/www.sport28.fr\/index.php\/wp-json\/wp\/v2\/comments?post=4167"}],"version-history":[{"count":1,"href":"https:\/\/www.sport28.fr\/index.php\/wp-json\/wp\/v2\/posts\/4167\/revisions"}],"predecessor-version":[{"id":4169,"href":"https:\/\/www.sport28.fr\/index.php\/wp-json\/wp\/v2\/posts\/4167\/revisions\/4169"}],"wp:featuredmedia":[{"embeddable":true,"href":"https:\/\/www.sport28.fr\/index.php\/wp-json\/wp\/v2\/media\/4168"}],"wp:attachment":[{"href":"https:\/\/www.sport28.fr\/index.php\/wp-json\/wp\/v2\/media?parent=4167"}],"wp:term":[{"taxonomy":"category","embeddable":true,"href":"https:\/\/www.sport28.fr\/index.php\/wp-json\/wp\/v2\/categories?post=4167"},{"taxonomy":"post_tag","embeddable":true,"href":"https:\/\/www.sport28.fr\/index.php\/wp-json\/wp\/v2\/tags?post=4167"}],"curies":[{"name":"wp","href":"https:\/\/api.w.org\/{rel}","templated":true}]}}