{"id":4155,"date":"2025-06-03T15:28:20","date_gmt":"2025-06-03T13:28:20","guid":{"rendered":"https:\/\/www.sport28.fr\/?p=4155"},"modified":"2025-06-03T15:29:12","modified_gmt":"2025-06-03T13:29:12","slug":"4155","status":"publish","type":"post","link":"https:\/\/www.sport28.fr\/index.php\/2025\/06\/03\/4155\/","title":{"rendered":"R\u00e9union d&rsquo;information -Lutte contre les violences dans le sport"},"content":{"rendered":"\n<p>Apr\u00e8s la r\u00e9union de lancement du 13 novembre dernier, plac\u00e9e sous le haut patronage de Monsieur le Pr\u00e9fet, le CDOS 28 et le SDJES poursuivent leur mobilisation pour un sport plus s\u00fbr en Eure-et-Loir.<\/p>\n\n\n\n<p><img decoding=\"async\" height=\"16\" width=\"16\" alt=\"\ud83d\udccd\" src=\"https:\/\/static.xx.fbcdn.net\/images\/emoji.php\/v9\/tcc\/2\/16\/1f4cd.png\"> Hier, nous \u00e9tions \u00e0 Chartres pour la 8\u1d49 \u00e9tape de ce dispositif, aux c\u00f4t\u00e9s des clubs et des communes de l\u2019agglom\u00e9ration.<\/p>\n\n\n\n<p>Un moment fort pour :<\/p>\n\n\n\n<p><img decoding=\"async\" height=\"16\" width=\"16\" alt=\"\u2705\" src=\"https:\/\/static.xx.fbcdn.net\/images\/emoji.php\/v9\/tb4\/2\/16\/2705.png\"> Rappeler les outils de pr\u00e9vention disponibles<\/p>\n\n\n\n<p><img decoding=\"async\" height=\"16\" width=\"16\" alt=\"\u2705\" src=\"https:\/\/static.xx.fbcdn.net\/images\/emoji.php\/v9\/tb4\/2\/16\/2705.png\"> Sensibiliser les acteurs du sport<\/p>\n\n\n\n<p><img decoding=\"async\" height=\"16\" width=\"16\" alt=\"\u2705\" src=\"https:\/\/static.xx.fbcdn.net\/images\/emoji.php\/v9\/tb4\/2\/16\/2705.png\"> Renforcer la mobilisation collective contre toutes les formes de violences<\/p>\n\n\n\n<p><img decoding=\"async\" height=\"16\" width=\"16\" alt=\"\ud83d\udcc6\" src=\"https:\/\/static.xx.fbcdn.net\/images\/emoji.php\/v9\/t9e\/2\/16\/1f4c6.png\"> Prochaine r\u00e9union : Jeudi 12 juin 2025<\/p>\n\n\n\n<p><img decoding=\"async\" height=\"16\" width=\"16\" alt=\"\ud83d\udccd\" src=\"https:\/\/static.xx.fbcdn.net\/images\/emoji.php\/v9\/tcc\/2\/16\/1f4cd.png\"> Gymnase Intercommunal de Fontaine-la-Guyon<\/p>\n\n\n\n<p><img loading=\"lazy\" decoding=\"async\" height=\"16\" width=\"16\" alt=\"\ud83c\udfaf\" src=\"https:\/\/static.xx.fbcdn.net\/images\/emoji.php\/v9\/t4f\/2\/16\/1f3af.png\"> \u00c0 destination des clubs et des communes de la Com Com entre Beauce et Perche<\/p>\n\n\n\n<p><img loading=\"lazy\" decoding=\"async\" height=\"16\" width=\"16\" alt=\"\ud83d\udc49\" src=\"https:\/\/static.xx.fbcdn.net\/images\/emoji.php\/v9\/tf0\/2\/16\/1f449.png\"> Inscription obligatoire : <a href=\"https:\/\/docs.google.com\/forms\/d\/190vIpwVVoVoGB8wZlT4YXyboj8s0PeIz_S5skerSjbY\/edit?fbclid=IwZXh0bgNhZW0CMTAAYnJpZBEwNXVsd05lQ29tUmRvVGlnVwEejYqB25BL4vl85GIXHiKMEhhD-Opz_uNFEkiZoDyUFXcxvc1Q1RECzme-Mws_aem_CslZ8ESOniNwKhtjBCpYKw\" rel=\"noreferrer noopener\" target=\"_blank\">https:\/\/docs.google.com\/&#8230;\/190vIpwVVoVoGB8wZlT4YXyb&#8230;\/edit<\/a><\/p>\n\n\n\n<p><img loading=\"lazy\" decoding=\"async\" height=\"16\" width=\"16\" alt=\"\u270a\" src=\"https:\/\/static.xx.fbcdn.net\/images\/emoji.php\/v9\/te0\/2\/16\/270a.png\"> Mobilisons-nous ensemble pour faire du sport un espace de respect, de s\u00e9curit\u00e9 et d\u2019inclusion !<\/p>\n\n\n\n<figure class=\"wp-block-gallery has-nested-images columns-default is-cropped wp-block-gallery-1 is-layout-flex wp-block-gallery-is-layout-flex\">\n<figure class=\"wp-block-image size-large\"><img loading=\"lazy\" decoding=\"async\" width=\"1024\" height=\"768\" data-id=\"4157\" src=\"https:\/\/www.sport28.fr\/wp-content\/uploads\/2025\/06\/IMG_1524-1-1024x768.jpg\" alt=\"\" class=\"wp-image-4157\" srcset=\"https:\/\/www.sport28.fr\/wp-content\/uploads\/2025\/06\/IMG_1524-1-1024x768.jpg 1024w, https:\/\/www.sport28.fr\/wp-content\/uploads\/2025\/06\/IMG_1524-1-300x225.jpg 300w, https:\/\/www.sport28.fr\/wp-content\/uploads\/2025\/06\/IMG_1524-1-768x576.jpg 768w, https:\/\/www.sport28.fr\/wp-content\/uploads\/2025\/06\/IMG_1524-1-1536x1152.jpg 1536w, https:\/\/www.sport28.fr\/wp-content\/uploads\/2025\/06\/IMG_1524-1-2048x1536.jpg 2048w\" sizes=\"(max-width: 1024px) 100vw, 1024px\" \/><\/figure>\n<\/figure>\n","protected":false},"excerpt":{"rendered":"<p>Apr\u00e8s la r\u00e9union de lancement du 13 novembre dernier, plac\u00e9e sous le haut patronage de Monsieur le Pr\u00e9fet, le CDOS 28 et le SDJES poursuivent leur mobilisation pour un sport [&hellip;]<\/p>\n","protected":false},"author":1,"featured_media":4156,"comment_status":"closed","ping_status":"open","sticky":false,"template":"","format":"standard","meta":{"footnotes":""},"categories":[1],"tags":[],"class_list":["post-4155","post","type-post","status-publish","format-standard","has-post-thumbnail","hentry","category-non-classe"],"yoast_head":"<!-- This site is optimized with the Yoast SEO plugin v27.5 - https:\/\/yoast.com\/product\/yoast-seo-wordpress\/ -->\n<title>R\u00e9union d&#039;information -Lutte contre les violences dans le sport - CDOS 28<\/title>\n<meta name=\"robots\" content=\"index, follow, max-snippet:-1, max-image-preview:large, max-video-preview:-1\" \/>\n<link rel=\"canonical\" href=\"https:\/\/www.sport28.fr\/index.php\/2025\/06\/03\/4155\/\" \/>\n<meta property=\"og:locale\" content=\"fr_FR\" \/>\n<meta property=\"og:type\" content=\"article\" \/>\n<meta property=\"og:title\" content=\"R\u00e9union d&#039;information -Lutte contre les violences dans le sport - CDOS 28\" \/>\n<meta property=\"og:description\" content=\"Apr\u00e8s la r\u00e9union de lancement du 13 novembre dernier, plac\u00e9e sous le haut patronage de Monsieur le Pr\u00e9fet, le CDOS 28 et le SDJES poursuivent leur mobilisation pour un sport [&hellip;]\" \/>\n<meta property=\"og:url\" content=\"https:\/\/www.sport28.fr\/index.php\/2025\/06\/03\/4155\/\" \/>\n<meta property=\"og:site_name\" content=\"CDOS 28\" \/>\n<meta property=\"article:publisher\" content=\"https:\/\/www.facebook.com\/CDOS28?locale=fr_FR\" \/>\n<meta property=\"article:published_time\" content=\"2025-06-03T13:28:20+00:00\" \/>\n<meta property=\"article:modified_time\" content=\"2025-06-03T13:29:12+00:00\" \/>\n<meta property=\"og:image\" content=\"https:\/\/www.sport28.fr\/wp-content\/uploads\/2025\/06\/IMG_1524-scaled.jpg\" \/>\n\t<meta property=\"og:image:width\" content=\"2560\" \/>\n\t<meta property=\"og:image:height\" content=\"1920\" \/>\n\t<meta property=\"og:image:type\" content=\"image\/jpeg\" \/>\n<meta name=\"author\" content=\"admin28\" \/>\n<meta name=\"twitter:card\" content=\"summary_large_image\" \/>\n<meta name=\"twitter:label1\" content=\"\u00c9crit par\" \/>\n\t<meta name=\"twitter:data1\" content=\"admin28\" \/>\n\t<meta name=\"twitter:label2\" content=\"Dur\u00e9e de lecture estim\u00e9e\" \/>\n\t<meta name=\"twitter:data2\" content=\"3 minutes\" \/>\n<script type=\"application\/ld+json\" class=\"yoast-schema-graph\">{\"@context\":\"https:\\\/\\\/schema.org\",\"@graph\":[{\"@type\":\"Article\",\"@id\":\"https:\\\/\\\/www.sport28.fr\\\/index.php\\\/2025\\\/06\\\/03\\\/4155\\\/#article\",\"isPartOf\":{\"@id\":\"https:\\\/\\\/www.sport28.fr\\\/index.php\\\/2025\\\/06\\\/03\\\/4155\\\/\"},\"author\":{\"name\":\"admin28\",\"@id\":\"https:\\\/\\\/www.sport28.fr\\\/#\\\/schema\\\/person\\\/d707dc6c4cc8f7ba6a4564f87a6818a8\"},\"headline\":\"R\u00e9union d&rsquo;information -Lutte contre les violences dans le sport\",\"datePublished\":\"2025-06-03T13:28:20+00:00\",\"dateModified\":\"2025-06-03T13:29:12+00:00\",\"mainEntityOfPage\":{\"@id\":\"https:\\\/\\\/www.sport28.fr\\\/index.php\\\/2025\\\/06\\\/03\\\/4155\\\/\"},\"wordCount\":145,\"publisher\":{\"@id\":\"https:\\\/\\\/www.sport28.fr\\\/#organization\"},\"image\":{\"@id\":\"https:\\\/\\\/www.sport28.fr\\\/index.php\\\/2025\\\/06\\\/03\\\/4155\\\/#primaryimage\"},\"thumbnailUrl\":\"https:\\\/\\\/www.sport28.fr\\\/wp-content\\\/uploads\\\/2025\\\/06\\\/IMG_1524-scaled.jpg\",\"inLanguage\":\"fr-FR\"},{\"@type\":\"WebPage\",\"@id\":\"https:\\\/\\\/www.sport28.fr\\\/index.php\\\/2025\\\/06\\\/03\\\/4155\\\/\",\"url\":\"https:\\\/\\\/www.sport28.fr\\\/index.php\\\/2025\\\/06\\\/03\\\/4155\\\/\",\"name\":\"R\u00e9union d'information -Lutte contre les violences dans le sport - CDOS 28\",\"isPartOf\":{\"@id\":\"https:\\\/\\\/www.sport28.fr\\\/#website\"},\"primaryImageOfPage\":{\"@id\":\"https:\\\/\\\/www.sport28.fr\\\/index.php\\\/2025\\\/06\\\/03\\\/4155\\\/#primaryimage\"},\"image\":{\"@id\":\"https:\\\/\\\/www.sport28.fr\\\/index.php\\\/2025\\\/06\\\/03\\\/4155\\\/#primaryimage\"},\"thumbnailUrl\":\"https:\\\/\\\/www.sport28.fr\\\/wp-content\\\/uploads\\\/2025\\\/06\\\/IMG_1524-scaled.jpg\",\"datePublished\":\"2025-06-03T13:28:20+00:00\",\"dateModified\":\"2025-06-03T13:29:12+00:00\",\"breadcrumb\":{\"@id\":\"https:\\\/\\\/www.sport28.fr\\\/index.php\\\/2025\\\/06\\\/03\\\/4155\\\/#breadcrumb\"},\"inLanguage\":\"fr-FR\",\"potentialAction\":[{\"@type\":\"ReadAction\",\"target\":[\"https:\\\/\\\/www.sport28.fr\\\/index.php\\\/2025\\\/06\\\/03\\\/4155\\\/\"]}]},{\"@type\":\"ImageObject\",\"inLanguage\":\"fr-FR\",\"@id\":\"https:\\\/\\\/www.sport28.fr\\\/index.php\\\/2025\\\/06\\\/03\\\/4155\\\/#primaryimage\",\"url\":\"https:\\\/\\\/www.sport28.fr\\\/wp-content\\\/uploads\\\/2025\\\/06\\\/IMG_1524-scaled.jpg\",\"contentUrl\":\"https:\\\/\\\/www.sport28.fr\\\/wp-content\\\/uploads\\\/2025\\\/06\\\/IMG_1524-scaled.jpg\",\"width\":2560,\"height\":1920},{\"@type\":\"BreadcrumbList\",\"@id\":\"https:\\\/\\\/www.sport28.fr\\\/index.php\\\/2025\\\/06\\\/03\\\/4155\\\/#breadcrumb\",\"itemListElement\":[{\"@type\":\"ListItem\",\"position\":1,\"name\":\"Accueil\",\"item\":\"https:\\\/\\\/www.sport28.fr\\\/\"},{\"@type\":\"ListItem\",\"position\":2,\"name\":\"R\u00e9union d&rsquo;information -Lutte contre les violences dans le sport\"}]},{\"@type\":\"WebSite\",\"@id\":\"https:\\\/\\\/www.sport28.fr\\\/#website\",\"url\":\"https:\\\/\\\/www.sport28.fr\\\/\",\"name\":\"CDOS 28\",\"description\":\"Comit\u00e9 D\u00e9partementale Olympique et Sportif d&#039;Eure et Loir\",\"publisher\":{\"@id\":\"https:\\\/\\\/www.sport28.fr\\\/#organization\"},\"potentialAction\":[{\"@type\":\"SearchAction\",\"target\":{\"@type\":\"EntryPoint\",\"urlTemplate\":\"https:\\\/\\\/www.sport28.fr\\\/?s={search_term_string}\"},\"query-input\":{\"@type\":\"PropertyValueSpecification\",\"valueRequired\":true,\"valueName\":\"search_term_string\"}}],\"inLanguage\":\"fr-FR\"},{\"@type\":\"Organization\",\"@id\":\"https:\\\/\\\/www.sport28.fr\\\/#organization\",\"name\":\"Comit\u00e9 d\u00e9partemental olympique et sportif d'eure-et-loir\",\"alternateName\":\"cdos 28\",\"url\":\"https:\\\/\\\/www.sport28.fr\\\/\",\"logo\":{\"@type\":\"ImageObject\",\"inLanguage\":\"fr-FR\",\"@id\":\"https:\\\/\\\/www.sport28.fr\\\/#\\\/schema\\\/logo\\\/image\\\/\",\"url\":\"https:\\\/\\\/www.sport28.fr\\\/wp-content\\\/uploads\\\/2023\\\/10\\\/cdos_eure_et_loir_logo.jpg\",\"contentUrl\":\"https:\\\/\\\/www.sport28.fr\\\/wp-content\\\/uploads\\\/2023\\\/10\\\/cdos_eure_et_loir_logo.jpg\",\"width\":1000,\"height\":1000,\"caption\":\"Comit\u00e9 d\u00e9partemental olympique et sportif d'eure-et-loir\"},\"image\":{\"@id\":\"https:\\\/\\\/www.sport28.fr\\\/#\\\/schema\\\/logo\\\/image\\\/\"},\"sameAs\":[\"https:\\\/\\\/www.facebook.com\\\/CDOS28?locale=fr_FR\"]},{\"@type\":\"Person\",\"@id\":\"https:\\\/\\\/www.sport28.fr\\\/#\\\/schema\\\/person\\\/d707dc6c4cc8f7ba6a4564f87a6818a8\",\"name\":\"admin28\",\"image\":{\"@type\":\"ImageObject\",\"inLanguage\":\"fr-FR\",\"@id\":\"https:\\\/\\\/secure.gravatar.com\\\/avatar\\\/ec586f5fe487447efd44e48a32fef6a1c590e9d744f9d2c3d84ed071f1581364?s=96&d=mm&r=g\",\"url\":\"https:\\\/\\\/secure.gravatar.com\\\/avatar\\\/ec586f5fe487447efd44e48a32fef6a1c590e9d744f9d2c3d84ed071f1581364?s=96&d=mm&r=g\",\"contentUrl\":\"https:\\\/\\\/secure.gravatar.com\\\/avatar\\\/ec586f5fe487447efd44e48a32fef6a1c590e9d744f9d2c3d84ed071f1581364?s=96&d=mm&r=g\",\"caption\":\"admin28\"},\"sameAs\":[\"http:\\\/\\\/www.dev.sport28.fr\"],\"url\":\"https:\\\/\\\/www.sport28.fr\\\/index.php\\\/author\\\/admin28\\\/\"}]}<\/script>\n<!-- \/ Yoast SEO plugin. -->","yoast_head_json":{"title":"R\u00e9union d'information -Lutte contre les violences dans le sport - CDOS 28","robots":{"index":"index","follow":"follow","max-snippet":"max-snippet:-1","max-image-preview":"max-image-preview:large","max-video-preview":"max-video-preview:-1"},"canonical":"https:\/\/www.sport28.fr\/index.php\/2025\/06\/03\/4155\/","og_locale":"fr_FR","og_type":"article","og_title":"R\u00e9union d'information -Lutte contre les violences dans le sport - CDOS 28","og_description":"Apr\u00e8s la r\u00e9union de lancement du 13 novembre dernier, plac\u00e9e sous le haut patronage de Monsieur le Pr\u00e9fet, le CDOS 28 et le SDJES poursuivent leur mobilisation pour un sport [&hellip;]","og_url":"https:\/\/www.sport28.fr\/index.php\/2025\/06\/03\/4155\/","og_site_name":"CDOS 28","article_publisher":"https:\/\/www.facebook.com\/CDOS28?locale=fr_FR","article_published_time":"2025-06-03T13:28:20+00:00","article_modified_time":"2025-06-03T13:29:12+00:00","og_image":[{"width":2560,"height":1920,"url":"https:\/\/www.sport28.fr\/wp-content\/uploads\/2025\/06\/IMG_1524-scaled.jpg","type":"image\/jpeg"}],"author":"admin28","twitter_card":"summary_large_image","twitter_misc":{"\u00c9crit par":"admin28","Dur\u00e9e de lecture estim\u00e9e":"3 minutes"},"schema":{"@context":"https:\/\/schema.org","@graph":[{"@type":"Article","@id":"https:\/\/www.sport28.fr\/index.php\/2025\/06\/03\/4155\/#article","isPartOf":{"@id":"https:\/\/www.sport28.fr\/index.php\/2025\/06\/03\/4155\/"},"author":{"name":"admin28","@id":"https:\/\/www.sport28.fr\/#\/schema\/person\/d707dc6c4cc8f7ba6a4564f87a6818a8"},"headline":"R\u00e9union d&rsquo;information -Lutte contre les violences dans le sport","datePublished":"2025-06-03T13:28:20+00:00","dateModified":"2025-06-03T13:29:12+00:00","mainEntityOfPage":{"@id":"https:\/\/www.sport28.fr\/index.php\/2025\/06\/03\/4155\/"},"wordCount":145,"publisher":{"@id":"https:\/\/www.sport28.fr\/#organization"},"image":{"@id":"https:\/\/www.sport28.fr\/index.php\/2025\/06\/03\/4155\/#primaryimage"},"thumbnailUrl":"https:\/\/www.sport28.fr\/wp-content\/uploads\/2025\/06\/IMG_1524-scaled.jpg","inLanguage":"fr-FR"},{"@type":"WebPage","@id":"https:\/\/www.sport28.fr\/index.php\/2025\/06\/03\/4155\/","url":"https:\/\/www.sport28.fr\/index.php\/2025\/06\/03\/4155\/","name":"R\u00e9union d'information -Lutte contre les violences dans le sport - CDOS 28","isPartOf":{"@id":"https:\/\/www.sport28.fr\/#website"},"primaryImageOfPage":{"@id":"https:\/\/www.sport28.fr\/index.php\/2025\/06\/03\/4155\/#primaryimage"},"image":{"@id":"https:\/\/www.sport28.fr\/index.php\/2025\/06\/03\/4155\/#primaryimage"},"thumbnailUrl":"https:\/\/www.sport28.fr\/wp-content\/uploads\/2025\/06\/IMG_1524-scaled.jpg","datePublished":"2025-06-03T13:28:20+00:00","dateModified":"2025-06-03T13:29:12+00:00","breadcrumb":{"@id":"https:\/\/www.sport28.fr\/index.php\/2025\/06\/03\/4155\/#breadcrumb"},"inLanguage":"fr-FR","potentialAction":[{"@type":"ReadAction","target":["https:\/\/www.sport28.fr\/index.php\/2025\/06\/03\/4155\/"]}]},{"@type":"ImageObject","inLanguage":"fr-FR","@id":"https:\/\/www.sport28.fr\/index.php\/2025\/06\/03\/4155\/#primaryimage","url":"https:\/\/www.sport28.fr\/wp-content\/uploads\/2025\/06\/IMG_1524-scaled.jpg","contentUrl":"https:\/\/www.sport28.fr\/wp-content\/uploads\/2025\/06\/IMG_1524-scaled.jpg","width":2560,"height":1920},{"@type":"BreadcrumbList","@id":"https:\/\/www.sport28.fr\/index.php\/2025\/06\/03\/4155\/#breadcrumb","itemListElement":[{"@type":"ListItem","position":1,"name":"Accueil","item":"https:\/\/www.sport28.fr\/"},{"@type":"ListItem","position":2,"name":"R\u00e9union d&rsquo;information -Lutte contre les violences dans le sport"}]},{"@type":"WebSite","@id":"https:\/\/www.sport28.fr\/#website","url":"https:\/\/www.sport28.fr\/","name":"CDOS 28","description":"Comit\u00e9 D\u00e9partementale Olympique et Sportif d&#039;Eure et Loir","publisher":{"@id":"https:\/\/www.sport28.fr\/#organization"},"potentialAction":[{"@type":"SearchAction","target":{"@type":"EntryPoint","urlTemplate":"https:\/\/www.sport28.fr\/?s={search_term_string}"},"query-input":{"@type":"PropertyValueSpecification","valueRequired":true,"valueName":"search_term_string"}}],"inLanguage":"fr-FR"},{"@type":"Organization","@id":"https:\/\/www.sport28.fr\/#organization","name":"Comit\u00e9 d\u00e9partemental olympique et sportif d'eure-et-loir","alternateName":"cdos 28","url":"https:\/\/www.sport28.fr\/","logo":{"@type":"ImageObject","inLanguage":"fr-FR","@id":"https:\/\/www.sport28.fr\/#\/schema\/logo\/image\/","url":"https:\/\/www.sport28.fr\/wp-content\/uploads\/2023\/10\/cdos_eure_et_loir_logo.jpg","contentUrl":"https:\/\/www.sport28.fr\/wp-content\/uploads\/2023\/10\/cdos_eure_et_loir_logo.jpg","width":1000,"height":1000,"caption":"Comit\u00e9 d\u00e9partemental olympique et sportif d'eure-et-loir"},"image":{"@id":"https:\/\/www.sport28.fr\/#\/schema\/logo\/image\/"},"sameAs":["https:\/\/www.facebook.com\/CDOS28?locale=fr_FR"]},{"@type":"Person","@id":"https:\/\/www.sport28.fr\/#\/schema\/person\/d707dc6c4cc8f7ba6a4564f87a6818a8","name":"admin28","image":{"@type":"ImageObject","inLanguage":"fr-FR","@id":"https:\/\/secure.gravatar.com\/avatar\/ec586f5fe487447efd44e48a32fef6a1c590e9d744f9d2c3d84ed071f1581364?s=96&d=mm&r=g","url":"https:\/\/secure.gravatar.com\/avatar\/ec586f5fe487447efd44e48a32fef6a1c590e9d744f9d2c3d84ed071f1581364?s=96&d=mm&r=g","contentUrl":"https:\/\/secure.gravatar.com\/avatar\/ec586f5fe487447efd44e48a32fef6a1c590e9d744f9d2c3d84ed071f1581364?s=96&d=mm&r=g","caption":"admin28"},"sameAs":["http:\/\/www.dev.sport28.fr"],"url":"https:\/\/www.sport28.fr\/index.php\/author\/admin28\/"}]}},"_links":{"self":[{"href":"https:\/\/www.sport28.fr\/index.php\/wp-json\/wp\/v2\/posts\/4155","targetHints":{"allow":["GET"]}}],"collection":[{"href":"https:\/\/www.sport28.fr\/index.php\/wp-json\/wp\/v2\/posts"}],"about":[{"href":"https:\/\/www.sport28.fr\/index.php\/wp-json\/wp\/v2\/types\/post"}],"author":[{"embeddable":true,"href":"https:\/\/www.sport28.fr\/index.php\/wp-json\/wp\/v2\/users\/1"}],"replies":[{"embeddable":true,"href":"https:\/\/www.sport28.fr\/index.php\/wp-json\/wp\/v2\/comments?post=4155"}],"version-history":[{"count":2,"href":"https:\/\/www.sport28.fr\/index.php\/wp-json\/wp\/v2\/posts\/4155\/revisions"}],"predecessor-version":[{"id":4159,"href":"https:\/\/www.sport28.fr\/index.php\/wp-json\/wp\/v2\/posts\/4155\/revisions\/4159"}],"wp:featuredmedia":[{"embeddable":true,"href":"https:\/\/www.sport28.fr\/index.php\/wp-json\/wp\/v2\/media\/4156"}],"wp:attachment":[{"href":"https:\/\/www.sport28.fr\/index.php\/wp-json\/wp\/v2\/media?parent=4155"}],"wp:term":[{"taxonomy":"category","embeddable":true,"href":"https:\/\/www.sport28.fr\/index.php\/wp-json\/wp\/v2\/categories?post=4155"},{"taxonomy":"post_tag","embeddable":true,"href":"https:\/\/www.sport28.fr\/index.php\/wp-json\/wp\/v2\/tags?post=4155"}],"curies":[{"name":"wp","href":"https:\/\/api.w.org\/{rel}","templated":true}]}}