{"id":4140,"date":"2025-05-27T09:41:49","date_gmt":"2025-05-27T07:41:49","guid":{"rendered":"https:\/\/www.sport28.fr\/?p=4140"},"modified":"2025-05-27T09:41:51","modified_gmt":"2025-05-27T07:41:51","slug":"reunion-dinformation-a-chartres-lutte-contre-les-violences-dans-le-sport","status":"publish","type":"post","link":"https:\/\/www.sport28.fr\/index.php\/2025\/05\/27\/reunion-dinformation-a-chartres-lutte-contre-les-violences-dans-le-sport\/","title":{"rendered":"R\u00e9union d&rsquo;information \u00e0 Chartres : Lutte contre les violences dans le sport"},"content":{"rendered":"\n<p>Dans le cadre des initiatives port\u00e9es par Monsieur le Pr\u00e9fet pour lutter contre les violences dans le sport, le CDOS 28, en partenariat avec le SDJES 28, organise une s\u00e9rie de r\u00e9unions d&rsquo;information sur l&rsquo;ensemble du territoire eur\u00e9lien.<\/p>\n\n\n\n<p><img decoding=\"async\" height=\"16\" width=\"16\" alt=\"\ud83d\udccd\" src=\"https:\/\/static.xx.fbcdn.net\/images\/emoji.php\/v9\/tcc\/2\/16\/1f4cd.png\"> Prochaine \u00e9tape : Chartres<\/p>\n\n\n\n<p><img decoding=\"async\" height=\"16\" width=\"16\" alt=\"\ud83d\udcc6\" src=\"https:\/\/static.xx.fbcdn.net\/images\/emoji.php\/v9\/t9e\/2\/16\/1f4c6.png\"> Lundi 02 juin 2025 \u00e0 19h<\/p>\n\n\n\n<p><img decoding=\"async\" height=\"16\" width=\"16\" alt=\"\ud83d\udccc\" src=\"https:\/\/static.xx.fbcdn.net\/images\/emoji.php\/v9\/t4b\/2\/16\/1f4cc.png\"> CRJS Chartres<\/p>\n\n\n\n<p><img loading=\"lazy\" decoding=\"async\" height=\"16\" width=\"16\" alt=\"\ud83d\udc65\" src=\"https:\/\/static.xx.fbcdn.net\/images\/emoji.php\/v9\/t2a\/2\/16\/1f465.png\"> Pour les associations sportives et les communes de l&rsquo;agglom\u00e9ration de Chartres.<\/p>\n\n\n\n<p><img loading=\"lazy\" decoding=\"async\" height=\"16\" width=\"16\" alt=\"\ud83d\udc49\" src=\"https:\/\/static.xx.fbcdn.net\/images\/emoji.php\/v9\/tf0\/2\/16\/1f449.png\"> Inscription obligatoire via ce lien : <a href=\"https:\/\/docs.google.com\/forms\/d\/1BYnObSe28LaKZAB_h36txdeLpiiaqvZ0ryD_AsLwGnY\/edit?fbclid=IwZXh0bgNhZW0CMTAAYnJpZBEwNXVsd05lQ29tUmRvVGlnVwEeAUcYrxdBjLpUGdimwLmpr4ui8p_TjuyPwbhi6HYi1htunorbQw_GaPvEv0w_aem_nRrQ0LQ-RJ3U6Wzodf0jsQ\" rel=\"noreferrer noopener\" target=\"_blank\">https:\/\/docs.google.com\/&#8230;\/1BYnObSe28LaKZAB&#8230;\/edit<\/a><\/p>\n\n\n\n<figure class=\"wp-block-gallery has-nested-images columns-default is-cropped wp-block-gallery-1 is-layout-flex wp-block-gallery-is-layout-flex\">\n<figure class=\"wp-block-image size-large\"><img loading=\"lazy\" decoding=\"async\" width=\"1024\" height=\"1024\" data-id=\"4141\" src=\"https:\/\/www.sport28.fr\/wp-content\/uploads\/2025\/05\/VSS-CHARTRES-1024x1024.png\" alt=\"\" class=\"wp-image-4141\" srcset=\"https:\/\/www.sport28.fr\/wp-content\/uploads\/2025\/05\/VSS-CHARTRES-1024x1024.png 1024w, https:\/\/www.sport28.fr\/wp-content\/uploads\/2025\/05\/VSS-CHARTRES-300x300.png 300w, https:\/\/www.sport28.fr\/wp-content\/uploads\/2025\/05\/VSS-CHARTRES-150x150.png 150w, https:\/\/www.sport28.fr\/wp-content\/uploads\/2025\/05\/VSS-CHARTRES-768x768.png 768w, https:\/\/www.sport28.fr\/wp-content\/uploads\/2025\/05\/VSS-CHARTRES.png 1080w\" sizes=\"(max-width: 1024px) 100vw, 1024px\" \/><\/figure>\n<\/figure>\n","protected":false},"excerpt":{"rendered":"<p>Dans le cadre des initiatives port\u00e9es par Monsieur le Pr\u00e9fet pour lutter contre les violences dans le sport, le CDOS 28, en partenariat avec le SDJES 28, organise une s\u00e9rie [&hellip;]<\/p>\n","protected":false},"author":1,"featured_media":4141,"comment_status":"closed","ping_status":"open","sticky":false,"template":"","format":"standard","meta":{"footnotes":""},"categories":[1],"tags":[],"class_list":["post-4140","post","type-post","status-publish","format-standard","has-post-thumbnail","hentry","category-non-classe"],"yoast_head":"<!-- This site is optimized with the Yoast SEO plugin v27.5 - https:\/\/yoast.com\/product\/yoast-seo-wordpress\/ -->\n<title>R\u00e9union d&#039;information \u00e0 Chartres : Lutte contre les violences dans le sport - CDOS 28<\/title>\n<meta name=\"robots\" content=\"index, follow, max-snippet:-1, max-image-preview:large, max-video-preview:-1\" \/>\n<link rel=\"canonical\" href=\"https:\/\/www.sport28.fr\/index.php\/2025\/05\/27\/reunion-dinformation-a-chartres-lutte-contre-les-violences-dans-le-sport\/\" \/>\n<meta property=\"og:locale\" content=\"fr_FR\" \/>\n<meta property=\"og:type\" content=\"article\" \/>\n<meta property=\"og:title\" content=\"R\u00e9union d&#039;information \u00e0 Chartres : Lutte contre les violences dans le sport - CDOS 28\" \/>\n<meta property=\"og:description\" content=\"Dans le cadre des initiatives port\u00e9es par Monsieur le Pr\u00e9fet pour lutter contre les violences dans le sport, le CDOS 28, en partenariat avec le SDJES 28, organise une s\u00e9rie [&hellip;]\" \/>\n<meta property=\"og:url\" content=\"https:\/\/www.sport28.fr\/index.php\/2025\/05\/27\/reunion-dinformation-a-chartres-lutte-contre-les-violences-dans-le-sport\/\" \/>\n<meta property=\"og:site_name\" content=\"CDOS 28\" \/>\n<meta property=\"article:publisher\" content=\"https:\/\/www.facebook.com\/CDOS28?locale=fr_FR\" \/>\n<meta property=\"article:published_time\" content=\"2025-05-27T07:41:49+00:00\" \/>\n<meta property=\"article:modified_time\" content=\"2025-05-27T07:41:51+00:00\" \/>\n<meta property=\"og:image\" content=\"https:\/\/www.sport28.fr\/wp-content\/uploads\/2025\/05\/VSS-CHARTRES.png\" \/>\n\t<meta property=\"og:image:width\" content=\"1080\" \/>\n\t<meta property=\"og:image:height\" content=\"1080\" \/>\n\t<meta property=\"og:image:type\" content=\"image\/png\" \/>\n<meta name=\"author\" content=\"admin28\" \/>\n<meta name=\"twitter:card\" content=\"summary_large_image\" \/>\n<meta name=\"twitter:label1\" content=\"\u00c9crit par\" \/>\n\t<meta name=\"twitter:data1\" content=\"admin28\" \/>\n\t<meta name=\"twitter:label2\" content=\"Dur\u00e9e de lecture estim\u00e9e\" \/>\n\t<meta name=\"twitter:data2\" content=\"2 minutes\" \/>\n<script type=\"application\/ld+json\" class=\"yoast-schema-graph\">{\"@context\":\"https:\\\/\\\/schema.org\",\"@graph\":[{\"@type\":\"Article\",\"@id\":\"https:\\\/\\\/www.sport28.fr\\\/index.php\\\/2025\\\/05\\\/27\\\/reunion-dinformation-a-chartres-lutte-contre-les-violences-dans-le-sport\\\/#article\",\"isPartOf\":{\"@id\":\"https:\\\/\\\/www.sport28.fr\\\/index.php\\\/2025\\\/05\\\/27\\\/reunion-dinformation-a-chartres-lutte-contre-les-violences-dans-le-sport\\\/\"},\"author\":{\"name\":\"admin28\",\"@id\":\"https:\\\/\\\/www.sport28.fr\\\/#\\\/schema\\\/person\\\/d707dc6c4cc8f7ba6a4564f87a6818a8\"},\"headline\":\"R\u00e9union d&rsquo;information \u00e0 Chartres : Lutte contre les violences dans le sport\",\"datePublished\":\"2025-05-27T07:41:49+00:00\",\"dateModified\":\"2025-05-27T07:41:51+00:00\",\"mainEntityOfPage\":{\"@id\":\"https:\\\/\\\/www.sport28.fr\\\/index.php\\\/2025\\\/05\\\/27\\\/reunion-dinformation-a-chartres-lutte-contre-les-violences-dans-le-sport\\\/\"},\"wordCount\":84,\"publisher\":{\"@id\":\"https:\\\/\\\/www.sport28.fr\\\/#organization\"},\"image\":{\"@id\":\"https:\\\/\\\/www.sport28.fr\\\/index.php\\\/2025\\\/05\\\/27\\\/reunion-dinformation-a-chartres-lutte-contre-les-violences-dans-le-sport\\\/#primaryimage\"},\"thumbnailUrl\":\"https:\\\/\\\/www.sport28.fr\\\/wp-content\\\/uploads\\\/2025\\\/05\\\/VSS-CHARTRES.png\",\"inLanguage\":\"fr-FR\"},{\"@type\":\"WebPage\",\"@id\":\"https:\\\/\\\/www.sport28.fr\\\/index.php\\\/2025\\\/05\\\/27\\\/reunion-dinformation-a-chartres-lutte-contre-les-violences-dans-le-sport\\\/\",\"url\":\"https:\\\/\\\/www.sport28.fr\\\/index.php\\\/2025\\\/05\\\/27\\\/reunion-dinformation-a-chartres-lutte-contre-les-violences-dans-le-sport\\\/\",\"name\":\"R\u00e9union d'information \u00e0 Chartres : Lutte contre les violences dans le sport - CDOS 28\",\"isPartOf\":{\"@id\":\"https:\\\/\\\/www.sport28.fr\\\/#website\"},\"primaryImageOfPage\":{\"@id\":\"https:\\\/\\\/www.sport28.fr\\\/index.php\\\/2025\\\/05\\\/27\\\/reunion-dinformation-a-chartres-lutte-contre-les-violences-dans-le-sport\\\/#primaryimage\"},\"image\":{\"@id\":\"https:\\\/\\\/www.sport28.fr\\\/index.php\\\/2025\\\/05\\\/27\\\/reunion-dinformation-a-chartres-lutte-contre-les-violences-dans-le-sport\\\/#primaryimage\"},\"thumbnailUrl\":\"https:\\\/\\\/www.sport28.fr\\\/wp-content\\\/uploads\\\/2025\\\/05\\\/VSS-CHARTRES.png\",\"datePublished\":\"2025-05-27T07:41:49+00:00\",\"dateModified\":\"2025-05-27T07:41:51+00:00\",\"breadcrumb\":{\"@id\":\"https:\\\/\\\/www.sport28.fr\\\/index.php\\\/2025\\\/05\\\/27\\\/reunion-dinformation-a-chartres-lutte-contre-les-violences-dans-le-sport\\\/#breadcrumb\"},\"inLanguage\":\"fr-FR\",\"potentialAction\":[{\"@type\":\"ReadAction\",\"target\":[\"https:\\\/\\\/www.sport28.fr\\\/index.php\\\/2025\\\/05\\\/27\\\/reunion-dinformation-a-chartres-lutte-contre-les-violences-dans-le-sport\\\/\"]}]},{\"@type\":\"ImageObject\",\"inLanguage\":\"fr-FR\",\"@id\":\"https:\\\/\\\/www.sport28.fr\\\/index.php\\\/2025\\\/05\\\/27\\\/reunion-dinformation-a-chartres-lutte-contre-les-violences-dans-le-sport\\\/#primaryimage\",\"url\":\"https:\\\/\\\/www.sport28.fr\\\/wp-content\\\/uploads\\\/2025\\\/05\\\/VSS-CHARTRES.png\",\"contentUrl\":\"https:\\\/\\\/www.sport28.fr\\\/wp-content\\\/uploads\\\/2025\\\/05\\\/VSS-CHARTRES.png\",\"width\":1080,\"height\":1080},{\"@type\":\"BreadcrumbList\",\"@id\":\"https:\\\/\\\/www.sport28.fr\\\/index.php\\\/2025\\\/05\\\/27\\\/reunion-dinformation-a-chartres-lutte-contre-les-violences-dans-le-sport\\\/#breadcrumb\",\"itemListElement\":[{\"@type\":\"ListItem\",\"position\":1,\"name\":\"Accueil\",\"item\":\"https:\\\/\\\/www.sport28.fr\\\/\"},{\"@type\":\"ListItem\",\"position\":2,\"name\":\"R\u00e9union d&rsquo;information \u00e0 Chartres : Lutte contre les violences dans le sport\"}]},{\"@type\":\"WebSite\",\"@id\":\"https:\\\/\\\/www.sport28.fr\\\/#website\",\"url\":\"https:\\\/\\\/www.sport28.fr\\\/\",\"name\":\"CDOS 28\",\"description\":\"Comit\u00e9 D\u00e9partementale Olympique et Sportif d&#039;Eure et Loir\",\"publisher\":{\"@id\":\"https:\\\/\\\/www.sport28.fr\\\/#organization\"},\"potentialAction\":[{\"@type\":\"SearchAction\",\"target\":{\"@type\":\"EntryPoint\",\"urlTemplate\":\"https:\\\/\\\/www.sport28.fr\\\/?s={search_term_string}\"},\"query-input\":{\"@type\":\"PropertyValueSpecification\",\"valueRequired\":true,\"valueName\":\"search_term_string\"}}],\"inLanguage\":\"fr-FR\"},{\"@type\":\"Organization\",\"@id\":\"https:\\\/\\\/www.sport28.fr\\\/#organization\",\"name\":\"Comit\u00e9 d\u00e9partemental olympique et sportif d'eure-et-loir\",\"alternateName\":\"cdos 28\",\"url\":\"https:\\\/\\\/www.sport28.fr\\\/\",\"logo\":{\"@type\":\"ImageObject\",\"inLanguage\":\"fr-FR\",\"@id\":\"https:\\\/\\\/www.sport28.fr\\\/#\\\/schema\\\/logo\\\/image\\\/\",\"url\":\"https:\\\/\\\/www.sport28.fr\\\/wp-content\\\/uploads\\\/2023\\\/10\\\/cdos_eure_et_loir_logo.jpg\",\"contentUrl\":\"https:\\\/\\\/www.sport28.fr\\\/wp-content\\\/uploads\\\/2023\\\/10\\\/cdos_eure_et_loir_logo.jpg\",\"width\":1000,\"height\":1000,\"caption\":\"Comit\u00e9 d\u00e9partemental olympique et sportif d'eure-et-loir\"},\"image\":{\"@id\":\"https:\\\/\\\/www.sport28.fr\\\/#\\\/schema\\\/logo\\\/image\\\/\"},\"sameAs\":[\"https:\\\/\\\/www.facebook.com\\\/CDOS28?locale=fr_FR\"]},{\"@type\":\"Person\",\"@id\":\"https:\\\/\\\/www.sport28.fr\\\/#\\\/schema\\\/person\\\/d707dc6c4cc8f7ba6a4564f87a6818a8\",\"name\":\"admin28\",\"image\":{\"@type\":\"ImageObject\",\"inLanguage\":\"fr-FR\",\"@id\":\"https:\\\/\\\/secure.gravatar.com\\\/avatar\\\/ec586f5fe487447efd44e48a32fef6a1c590e9d744f9d2c3d84ed071f1581364?s=96&d=mm&r=g\",\"url\":\"https:\\\/\\\/secure.gravatar.com\\\/avatar\\\/ec586f5fe487447efd44e48a32fef6a1c590e9d744f9d2c3d84ed071f1581364?s=96&d=mm&r=g\",\"contentUrl\":\"https:\\\/\\\/secure.gravatar.com\\\/avatar\\\/ec586f5fe487447efd44e48a32fef6a1c590e9d744f9d2c3d84ed071f1581364?s=96&d=mm&r=g\",\"caption\":\"admin28\"},\"sameAs\":[\"http:\\\/\\\/www.dev.sport28.fr\"],\"url\":\"https:\\\/\\\/www.sport28.fr\\\/index.php\\\/author\\\/admin28\\\/\"}]}<\/script>\n<!-- \/ Yoast SEO plugin. -->","yoast_head_json":{"title":"R\u00e9union d'information \u00e0 Chartres : Lutte contre les violences dans le sport - CDOS 28","robots":{"index":"index","follow":"follow","max-snippet":"max-snippet:-1","max-image-preview":"max-image-preview:large","max-video-preview":"max-video-preview:-1"},"canonical":"https:\/\/www.sport28.fr\/index.php\/2025\/05\/27\/reunion-dinformation-a-chartres-lutte-contre-les-violences-dans-le-sport\/","og_locale":"fr_FR","og_type":"article","og_title":"R\u00e9union d'information \u00e0 Chartres : Lutte contre les violences dans le sport - CDOS 28","og_description":"Dans le cadre des initiatives port\u00e9es par Monsieur le Pr\u00e9fet pour lutter contre les violences dans le sport, le CDOS 28, en partenariat avec le SDJES 28, organise une s\u00e9rie [&hellip;]","og_url":"https:\/\/www.sport28.fr\/index.php\/2025\/05\/27\/reunion-dinformation-a-chartres-lutte-contre-les-violences-dans-le-sport\/","og_site_name":"CDOS 28","article_publisher":"https:\/\/www.facebook.com\/CDOS28?locale=fr_FR","article_published_time":"2025-05-27T07:41:49+00:00","article_modified_time":"2025-05-27T07:41:51+00:00","og_image":[{"width":1080,"height":1080,"url":"https:\/\/www.sport28.fr\/wp-content\/uploads\/2025\/05\/VSS-CHARTRES.png","type":"image\/png"}],"author":"admin28","twitter_card":"summary_large_image","twitter_misc":{"\u00c9crit par":"admin28","Dur\u00e9e de lecture estim\u00e9e":"2 minutes"},"schema":{"@context":"https:\/\/schema.org","@graph":[{"@type":"Article","@id":"https:\/\/www.sport28.fr\/index.php\/2025\/05\/27\/reunion-dinformation-a-chartres-lutte-contre-les-violences-dans-le-sport\/#article","isPartOf":{"@id":"https:\/\/www.sport28.fr\/index.php\/2025\/05\/27\/reunion-dinformation-a-chartres-lutte-contre-les-violences-dans-le-sport\/"},"author":{"name":"admin28","@id":"https:\/\/www.sport28.fr\/#\/schema\/person\/d707dc6c4cc8f7ba6a4564f87a6818a8"},"headline":"R\u00e9union d&rsquo;information \u00e0 Chartres : Lutte contre les violences dans le sport","datePublished":"2025-05-27T07:41:49+00:00","dateModified":"2025-05-27T07:41:51+00:00","mainEntityOfPage":{"@id":"https:\/\/www.sport28.fr\/index.php\/2025\/05\/27\/reunion-dinformation-a-chartres-lutte-contre-les-violences-dans-le-sport\/"},"wordCount":84,"publisher":{"@id":"https:\/\/www.sport28.fr\/#organization"},"image":{"@id":"https:\/\/www.sport28.fr\/index.php\/2025\/05\/27\/reunion-dinformation-a-chartres-lutte-contre-les-violences-dans-le-sport\/#primaryimage"},"thumbnailUrl":"https:\/\/www.sport28.fr\/wp-content\/uploads\/2025\/05\/VSS-CHARTRES.png","inLanguage":"fr-FR"},{"@type":"WebPage","@id":"https:\/\/www.sport28.fr\/index.php\/2025\/05\/27\/reunion-dinformation-a-chartres-lutte-contre-les-violences-dans-le-sport\/","url":"https:\/\/www.sport28.fr\/index.php\/2025\/05\/27\/reunion-dinformation-a-chartres-lutte-contre-les-violences-dans-le-sport\/","name":"R\u00e9union d'information \u00e0 Chartres : Lutte contre les violences dans le sport - CDOS 28","isPartOf":{"@id":"https:\/\/www.sport28.fr\/#website"},"primaryImageOfPage":{"@id":"https:\/\/www.sport28.fr\/index.php\/2025\/05\/27\/reunion-dinformation-a-chartres-lutte-contre-les-violences-dans-le-sport\/#primaryimage"},"image":{"@id":"https:\/\/www.sport28.fr\/index.php\/2025\/05\/27\/reunion-dinformation-a-chartres-lutte-contre-les-violences-dans-le-sport\/#primaryimage"},"thumbnailUrl":"https:\/\/www.sport28.fr\/wp-content\/uploads\/2025\/05\/VSS-CHARTRES.png","datePublished":"2025-05-27T07:41:49+00:00","dateModified":"2025-05-27T07:41:51+00:00","breadcrumb":{"@id":"https:\/\/www.sport28.fr\/index.php\/2025\/05\/27\/reunion-dinformation-a-chartres-lutte-contre-les-violences-dans-le-sport\/#breadcrumb"},"inLanguage":"fr-FR","potentialAction":[{"@type":"ReadAction","target":["https:\/\/www.sport28.fr\/index.php\/2025\/05\/27\/reunion-dinformation-a-chartres-lutte-contre-les-violences-dans-le-sport\/"]}]},{"@type":"ImageObject","inLanguage":"fr-FR","@id":"https:\/\/www.sport28.fr\/index.php\/2025\/05\/27\/reunion-dinformation-a-chartres-lutte-contre-les-violences-dans-le-sport\/#primaryimage","url":"https:\/\/www.sport28.fr\/wp-content\/uploads\/2025\/05\/VSS-CHARTRES.png","contentUrl":"https:\/\/www.sport28.fr\/wp-content\/uploads\/2025\/05\/VSS-CHARTRES.png","width":1080,"height":1080},{"@type":"BreadcrumbList","@id":"https:\/\/www.sport28.fr\/index.php\/2025\/05\/27\/reunion-dinformation-a-chartres-lutte-contre-les-violences-dans-le-sport\/#breadcrumb","itemListElement":[{"@type":"ListItem","position":1,"name":"Accueil","item":"https:\/\/www.sport28.fr\/"},{"@type":"ListItem","position":2,"name":"R\u00e9union d&rsquo;information \u00e0 Chartres : Lutte contre les violences dans le sport"}]},{"@type":"WebSite","@id":"https:\/\/www.sport28.fr\/#website","url":"https:\/\/www.sport28.fr\/","name":"CDOS 28","description":"Comit\u00e9 D\u00e9partementale Olympique et Sportif d&#039;Eure et Loir","publisher":{"@id":"https:\/\/www.sport28.fr\/#organization"},"potentialAction":[{"@type":"SearchAction","target":{"@type":"EntryPoint","urlTemplate":"https:\/\/www.sport28.fr\/?s={search_term_string}"},"query-input":{"@type":"PropertyValueSpecification","valueRequired":true,"valueName":"search_term_string"}}],"inLanguage":"fr-FR"},{"@type":"Organization","@id":"https:\/\/www.sport28.fr\/#organization","name":"Comit\u00e9 d\u00e9partemental olympique et sportif d'eure-et-loir","alternateName":"cdos 28","url":"https:\/\/www.sport28.fr\/","logo":{"@type":"ImageObject","inLanguage":"fr-FR","@id":"https:\/\/www.sport28.fr\/#\/schema\/logo\/image\/","url":"https:\/\/www.sport28.fr\/wp-content\/uploads\/2023\/10\/cdos_eure_et_loir_logo.jpg","contentUrl":"https:\/\/www.sport28.fr\/wp-content\/uploads\/2023\/10\/cdos_eure_et_loir_logo.jpg","width":1000,"height":1000,"caption":"Comit\u00e9 d\u00e9partemental olympique et sportif d'eure-et-loir"},"image":{"@id":"https:\/\/www.sport28.fr\/#\/schema\/logo\/image\/"},"sameAs":["https:\/\/www.facebook.com\/CDOS28?locale=fr_FR"]},{"@type":"Person","@id":"https:\/\/www.sport28.fr\/#\/schema\/person\/d707dc6c4cc8f7ba6a4564f87a6818a8","name":"admin28","image":{"@type":"ImageObject","inLanguage":"fr-FR","@id":"https:\/\/secure.gravatar.com\/avatar\/ec586f5fe487447efd44e48a32fef6a1c590e9d744f9d2c3d84ed071f1581364?s=96&d=mm&r=g","url":"https:\/\/secure.gravatar.com\/avatar\/ec586f5fe487447efd44e48a32fef6a1c590e9d744f9d2c3d84ed071f1581364?s=96&d=mm&r=g","contentUrl":"https:\/\/secure.gravatar.com\/avatar\/ec586f5fe487447efd44e48a32fef6a1c590e9d744f9d2c3d84ed071f1581364?s=96&d=mm&r=g","caption":"admin28"},"sameAs":["http:\/\/www.dev.sport28.fr"],"url":"https:\/\/www.sport28.fr\/index.php\/author\/admin28\/"}]}},"_links":{"self":[{"href":"https:\/\/www.sport28.fr\/index.php\/wp-json\/wp\/v2\/posts\/4140","targetHints":{"allow":["GET"]}}],"collection":[{"href":"https:\/\/www.sport28.fr\/index.php\/wp-json\/wp\/v2\/posts"}],"about":[{"href":"https:\/\/www.sport28.fr\/index.php\/wp-json\/wp\/v2\/types\/post"}],"author":[{"embeddable":true,"href":"https:\/\/www.sport28.fr\/index.php\/wp-json\/wp\/v2\/users\/1"}],"replies":[{"embeddable":true,"href":"https:\/\/www.sport28.fr\/index.php\/wp-json\/wp\/v2\/comments?post=4140"}],"version-history":[{"count":1,"href":"https:\/\/www.sport28.fr\/index.php\/wp-json\/wp\/v2\/posts\/4140\/revisions"}],"predecessor-version":[{"id":4142,"href":"https:\/\/www.sport28.fr\/index.php\/wp-json\/wp\/v2\/posts\/4140\/revisions\/4142"}],"wp:featuredmedia":[{"embeddable":true,"href":"https:\/\/www.sport28.fr\/index.php\/wp-json\/wp\/v2\/media\/4141"}],"wp:attachment":[{"href":"https:\/\/www.sport28.fr\/index.php\/wp-json\/wp\/v2\/media?parent=4140"}],"wp:term":[{"taxonomy":"category","embeddable":true,"href":"https:\/\/www.sport28.fr\/index.php\/wp-json\/wp\/v2\/categories?post=4140"},{"taxonomy":"post_tag","embeddable":true,"href":"https:\/\/www.sport28.fr\/index.php\/wp-json\/wp\/v2\/tags?post=4140"}],"curies":[{"name":"wp","href":"https:\/\/api.w.org\/{rel}","templated":true}]}}