{"id":4134,"date":"2025-05-21T11:03:01","date_gmt":"2025-05-21T09:03:01","guid":{"rendered":"https:\/\/www.sport28.fr\/?p=4134"},"modified":"2025-05-21T11:03:02","modified_gmt":"2025-05-21T09:03:02","slug":"reunion-dinformation-lutte-contre-les-violences-dans-le-sport-2","status":"publish","type":"post","link":"https:\/\/www.sport28.fr\/index.php\/2025\/05\/21\/reunion-dinformation-lutte-contre-les-violences-dans-le-sport-2\/","title":{"rendered":"R\u00c9UNION D\u2019INFORMATION \u2013 LUTTE CONTRE LES VIOLENCES DANS LE SPORT"},"content":{"rendered":"\n<p><a><\/a>Suite \u00e0 la r\u00e9union de lancement du 13 novembre dernier, plac\u00e9e sous le haut patronage de Monsieur le pr\u00e9fet, le CDOS 28 et le SDJES poursuivent leur mobilisation sur le territoire <img decoding=\"async\" height=\"16\" width=\"16\" alt=\"\ud83c\udf0d\" src=\"https:\/\/static.xx.fbcdn.net\/images\/emoji.php\/v9\/tde\/2\/16\/1f30d.png\"><\/p>\n\n\n\n<p><img decoding=\"async\" height=\"16\" width=\"16\" alt=\"\u2705\" src=\"https:\/\/static.xx.fbcdn.net\/images\/emoji.php\/v9\/tb4\/2\/16\/2705.png\"> Hier, nous \u00e9tions \u00e0 Bonneval pour la 7\u1d49 \u00e9tape, aupr\u00e8s des clubs de la Communaut\u00e9 de communes bonnevalaise, en pr\u00e9sence de pr\u00e9sident du CDOS 28 et du sous-pr\u00e9fet de l\u2019arrondissement de Ch\u00e2teaudun.<\/p>\n\n\n\n<p>Un moment essentiel pour :<\/p>\n\n\n\n<p><img decoding=\"async\" height=\"16\" width=\"16\" alt=\"\ud83d\udd39\" src=\"https:\/\/static.xx.fbcdn.net\/images\/emoji.php\/v9\/t92\/2\/16\/1f539.png\"> Rappeler les outils de pr\u00e9vention disponibles<\/p>\n\n\n\n<p><img decoding=\"async\" height=\"16\" width=\"16\" alt=\"\ud83d\udd39\" src=\"https:\/\/static.xx.fbcdn.net\/images\/emoji.php\/v9\/t92\/2\/16\/1f539.png\"> Sensibiliser les acteurs du sport<\/p>\n\n\n\n<p><img decoding=\"async\" height=\"16\" width=\"16\" alt=\"\ud83d\udd39\" src=\"https:\/\/static.xx.fbcdn.net\/images\/emoji.php\/v9\/t92\/2\/16\/1f539.png\"> Renforcer la mobilisation collective face \u00e0 toutes les formes de violences<\/p>\n\n\n\n<p><img loading=\"lazy\" decoding=\"async\" height=\"16\" width=\"16\" alt=\"\ud83d\udccd\" src=\"https:\/\/static.xx.fbcdn.net\/images\/emoji.php\/v9\/tcc\/2\/16\/1f4cd.png\">Prochaine r\u00e9union : CHARTRES<\/p>\n\n\n\n<p><img loading=\"lazy\" decoding=\"async\" height=\"16\" width=\"16\" alt=\"\ud83d\uddd3\ufe0f\" src=\"https:\/\/static.xx.fbcdn.net\/images\/emoji.php\/v9\/tfb\/2\/16\/1f5d3.png\"> Lundi 2 juin au CRJS<\/p>\n\n\n\n<p><img loading=\"lazy\" decoding=\"async\" height=\"16\" width=\"16\" alt=\"\ud83d\udc65\" src=\"https:\/\/static.xx.fbcdn.net\/images\/emoji.php\/v9\/t2a\/2\/16\/1f465.png\"> \u00c0 destination des clubs et des communes de l\u2019agglom\u00e9ration de Chartres<\/p>\n\n\n\n<p><img loading=\"lazy\" decoding=\"async\" height=\"16\" width=\"16\" alt=\"\ud83d\udccc\" src=\"https:\/\/static.xx.fbcdn.net\/images\/emoji.php\/v9\/t4b\/2\/16\/1f4cc.png\"> Inscription obligatoire : <a href=\"https:\/\/docs.google.com\/forms\/d\/1BYnObSe28LaKZAB_h36txdeLpiiaqvZ0ryD_AsLwGnY\/edit?fbclid=IwZXh0bgNhZW0CMTAAYnJpZBEwNXVsd05lQ29tUmRvVGlnVwEedSxopQe2r586cTxS6c4Iee9haYTxTNy9YYEjfQfSKcwhMKfCrASLZJ34SW0_aem_5GGJM7nJ9cwmvA0dwJ0w6Q\" rel=\"noreferrer noopener\" target=\"_blank\">https:\/\/docs.google.com\/&#8230;\/1BYnObSe28LaKZAB&#8230;\/edit<\/a><\/p>\n\n\n\n<p><img loading=\"lazy\" decoding=\"async\" height=\"16\" width=\"16\" alt=\"\u270a\" src=\"https:\/\/static.xx.fbcdn.net\/images\/emoji.php\/v9\/te0\/2\/16\/270a.png\"> Mobilisons-nous ensemble pour un sport plus s\u00fbr et plus respectueux !<\/p>\n\n\n\n<p><a href=\"https:\/\/www.facebook.com\/hashtag\/stopviolences?__eep__=6&amp;__cft__[0]=AZV8HJ3bQ4YwJscP_76-eBt4vIdI5xBn-bkMwWu6nx1GMUCMuXYW4lYn72cbrpfq-KwTV0kqA4-7cIjDHS5EFkb6fqeIxHXroA5bQ5rzVLAtxvhBegnW9MGBLo_ddh68sMa849AOZj9AQGXuovp6D8qMYUH9Rj_sFjQoCXGSVWb8vp38oESE9RmrvEUGZGksqmI7khWvLJkDiz9tCdJOor79Mov-NKIgTq1WvrrCltUwaQ&amp;__tn__=*NK-R\">#StopViolences<\/a><a href=\"https:\/\/www.facebook.com\/hashtag\/cdos28?__eep__=6&amp;__cft__[0]=AZV8HJ3bQ4YwJscP_76-eBt4vIdI5xBn-bkMwWu6nx1GMUCMuXYW4lYn72cbrpfq-KwTV0kqA4-7cIjDHS5EFkb6fqeIxHXroA5bQ5rzVLAtxvhBegnW9MGBLo_ddh68sMa849AOZj9AQGXuovp6D8qMYUH9Rj_sFjQoCXGSVWb8vp38oESE9RmrvEUGZGksqmI7khWvLJkDiz9tCdJOor79Mov-NKIgTq1WvrrCltUwaQ&amp;__tn__=*NK-R\">#CDOS28<\/a><a href=\"https:\/\/www.facebook.com\/hashtag\/pr%C3%A9vention?__eep__=6&amp;__cft__[0]=AZV8HJ3bQ4YwJscP_76-eBt4vIdI5xBn-bkMwWu6nx1GMUCMuXYW4lYn72cbrpfq-KwTV0kqA4-7cIjDHS5EFkb6fqeIxHXroA5bQ5rzVLAtxvhBegnW9MGBLo_ddh68sMa849AOZj9AQGXuovp6D8qMYUH9Rj_sFjQoCXGSVWb8vp38oESE9RmrvEUGZGksqmI7khWvLJkDiz9tCdJOor79Mov-NKIgTq1WvrrCltUwaQ&amp;__tn__=*NK-R\">#Pr\u00e9vention<\/a><a href=\"https:\/\/www.facebook.com\/hashtag\/sportengag%C3%A9?__eep__=6&amp;__cft__[0]=AZV8HJ3bQ4YwJscP_76-eBt4vIdI5xBn-bkMwWu6nx1GMUCMuXYW4lYn72cbrpfq-KwTV0kqA4-7cIjDHS5EFkb6fqeIxHXroA5bQ5rzVLAtxvhBegnW9MGBLo_ddh68sMa849AOZj9AQGXuovp6D8qMYUH9Rj_sFjQoCXGSVWb8vp38oESE9RmrvEUGZGksqmI7khWvLJkDiz9tCdJOor79Mov-NKIgTq1WvrrCltUwaQ&amp;__tn__=*NK-R\">#SportEngag\u00e9<\/a><a href=\"https:\/\/www.facebook.com\/hashtag\/eureetloir?__eep__=6&amp;__cft__[0]=AZV8HJ3bQ4YwJscP_76-eBt4vIdI5xBn-bkMwWu6nx1GMUCMuXYW4lYn72cbrpfq-KwTV0kqA4-7cIjDHS5EFkb6fqeIxHXroA5bQ5rzVLAtxvhBegnW9MGBLo_ddh68sMa849AOZj9AQGXuovp6D8qMYUH9Rj_sFjQoCXGSVWb8vp38oESE9RmrvEUGZGksqmI7khWvLJkDiz9tCdJOor79Mov-NKIgTq1WvrrCltUwaQ&amp;__tn__=*NK-R\">#EureEtLoir<\/a><\/p>\n\n\n\n<figure class=\"wp-block-gallery has-nested-images columns-default is-cropped wp-block-gallery-1 is-layout-flex wp-block-gallery-is-layout-flex\">\n<figure class=\"wp-block-image size-large\"><img loading=\"lazy\" decoding=\"async\" width=\"768\" height=\"1024\" data-id=\"4136\" src=\"https:\/\/www.sport28.fr\/wp-content\/uploads\/2025\/05\/IMG_1084-768x1024.jpg\" alt=\"\" class=\"wp-image-4136\" srcset=\"https:\/\/www.sport28.fr\/wp-content\/uploads\/2025\/05\/IMG_1084-768x1024.jpg 768w, https:\/\/www.sport28.fr\/wp-content\/uploads\/2025\/05\/IMG_1084-225x300.jpg 225w, https:\/\/www.sport28.fr\/wp-content\/uploads\/2025\/05\/IMG_1084-1152x1536.jpg 1152w, https:\/\/www.sport28.fr\/wp-content\/uploads\/2025\/05\/IMG_1084-1536x2048.jpg 1536w, https:\/\/www.sport28.fr\/wp-content\/uploads\/2025\/05\/IMG_1084-scaled.jpg 1920w\" sizes=\"(max-width: 768px) 100vw, 768px\" \/><\/figure>\n\n\n\n<figure class=\"wp-block-image size-large\"><img loading=\"lazy\" decoding=\"async\" width=\"768\" height=\"1024\" data-id=\"4137\" src=\"https:\/\/www.sport28.fr\/wp-content\/uploads\/2025\/05\/IMG_1083-768x1024.jpg\" alt=\"\" class=\"wp-image-4137\" srcset=\"https:\/\/www.sport28.fr\/wp-content\/uploads\/2025\/05\/IMG_1083-768x1024.jpg 768w, https:\/\/www.sport28.fr\/wp-content\/uploads\/2025\/05\/IMG_1083-225x300.jpg 225w, https:\/\/www.sport28.fr\/wp-content\/uploads\/2025\/05\/IMG_1083-1152x1536.jpg 1152w, https:\/\/www.sport28.fr\/wp-content\/uploads\/2025\/05\/IMG_1083-1536x2048.jpg 1536w, https:\/\/www.sport28.fr\/wp-content\/uploads\/2025\/05\/IMG_1083-scaled.jpg 1920w\" sizes=\"(max-width: 768px) 100vw, 768px\" \/><\/figure>\n\n\n\n<figure class=\"wp-block-image size-large\"><img loading=\"lazy\" decoding=\"async\" width=\"1024\" height=\"768\" data-id=\"4135\" src=\"https:\/\/www.sport28.fr\/wp-content\/uploads\/2025\/05\/IMG_1082-1024x768.jpg\" alt=\"\" class=\"wp-image-4135\" srcset=\"https:\/\/www.sport28.fr\/wp-content\/uploads\/2025\/05\/IMG_1082-1024x768.jpg 1024w, https:\/\/www.sport28.fr\/wp-content\/uploads\/2025\/05\/IMG_1082-300x225.jpg 300w, https:\/\/www.sport28.fr\/wp-content\/uploads\/2025\/05\/IMG_1082-768x576.jpg 768w, https:\/\/www.sport28.fr\/wp-content\/uploads\/2025\/05\/IMG_1082-1536x1152.jpg 1536w, https:\/\/www.sport28.fr\/wp-content\/uploads\/2025\/05\/IMG_1082-2048x1536.jpg 2048w\" sizes=\"(max-width: 1024px) 100vw, 1024px\" \/><\/figure>\n<\/figure>\n","protected":false},"excerpt":{"rendered":"<p>Suite \u00e0 la r\u00e9union de lancement du 13 novembre dernier, plac\u00e9e sous le haut patronage de Monsieur le pr\u00e9fet, le CDOS 28 et le SDJES poursuivent leur mobilisation sur le [&hellip;]<\/p>\n","protected":false},"author":1,"featured_media":4135,"comment_status":"closed","ping_status":"open","sticky":false,"template":"","format":"standard","meta":{"footnotes":""},"categories":[1],"tags":[],"class_list":["post-4134","post","type-post","status-publish","format-standard","has-post-thumbnail","hentry","category-non-classe"],"yoast_head":"<!-- This site is optimized with the Yoast SEO plugin v27.5 - https:\/\/yoast.com\/product\/yoast-seo-wordpress\/ -->\n<title>R\u00c9UNION D\u2019INFORMATION \u2013 LUTTE CONTRE LES VIOLENCES DANS LE SPORT - CDOS 28<\/title>\n<meta name=\"robots\" content=\"index, follow, max-snippet:-1, max-image-preview:large, max-video-preview:-1\" \/>\n<link rel=\"canonical\" href=\"https:\/\/www.sport28.fr\/index.php\/2025\/05\/21\/reunion-dinformation-lutte-contre-les-violences-dans-le-sport-2\/\" \/>\n<meta property=\"og:locale\" content=\"fr_FR\" \/>\n<meta property=\"og:type\" content=\"article\" \/>\n<meta property=\"og:title\" content=\"R\u00c9UNION D\u2019INFORMATION \u2013 LUTTE CONTRE LES VIOLENCES DANS LE SPORT - CDOS 28\" \/>\n<meta property=\"og:description\" content=\"Suite \u00e0 la r\u00e9union de lancement du 13 novembre dernier, plac\u00e9e sous le haut patronage de Monsieur le pr\u00e9fet, le CDOS 28 et le SDJES poursuivent leur mobilisation sur le [&hellip;]\" \/>\n<meta property=\"og:url\" content=\"https:\/\/www.sport28.fr\/index.php\/2025\/05\/21\/reunion-dinformation-lutte-contre-les-violences-dans-le-sport-2\/\" \/>\n<meta property=\"og:site_name\" content=\"CDOS 28\" \/>\n<meta property=\"article:publisher\" content=\"https:\/\/www.facebook.com\/CDOS28?locale=fr_FR\" \/>\n<meta property=\"article:published_time\" content=\"2025-05-21T09:03:01+00:00\" \/>\n<meta property=\"article:modified_time\" content=\"2025-05-21T09:03:02+00:00\" \/>\n<meta property=\"og:image\" content=\"https:\/\/www.sport28.fr\/wp-content\/uploads\/2025\/05\/IMG_1082-scaled.jpg\" \/>\n\t<meta property=\"og:image:width\" content=\"2560\" \/>\n\t<meta property=\"og:image:height\" content=\"1920\" \/>\n\t<meta property=\"og:image:type\" content=\"image\/jpeg\" \/>\n<meta name=\"author\" content=\"admin28\" \/>\n<meta name=\"twitter:card\" content=\"summary_large_image\" \/>\n<meta name=\"twitter:label1\" content=\"\u00c9crit par\" \/>\n\t<meta name=\"twitter:data1\" content=\"admin28\" \/>\n\t<meta name=\"twitter:label2\" content=\"Dur\u00e9e de lecture estim\u00e9e\" \/>\n\t<meta name=\"twitter:data2\" content=\"4 minutes\" \/>\n<script type=\"application\/ld+json\" class=\"yoast-schema-graph\">{\"@context\":\"https:\\\/\\\/schema.org\",\"@graph\":[{\"@type\":\"Article\",\"@id\":\"https:\\\/\\\/www.sport28.fr\\\/index.php\\\/2025\\\/05\\\/21\\\/reunion-dinformation-lutte-contre-les-violences-dans-le-sport-2\\\/#article\",\"isPartOf\":{\"@id\":\"https:\\\/\\\/www.sport28.fr\\\/index.php\\\/2025\\\/05\\\/21\\\/reunion-dinformation-lutte-contre-les-violences-dans-le-sport-2\\\/\"},\"author\":{\"name\":\"admin28\",\"@id\":\"https:\\\/\\\/www.sport28.fr\\\/#\\\/schema\\\/person\\\/d707dc6c4cc8f7ba6a4564f87a6818a8\"},\"headline\":\"R\u00c9UNION D\u2019INFORMATION \u2013 LUTTE CONTRE LES VIOLENCES DANS LE SPORT\",\"datePublished\":\"2025-05-21T09:03:01+00:00\",\"dateModified\":\"2025-05-21T09:03:02+00:00\",\"mainEntityOfPage\":{\"@id\":\"https:\\\/\\\/www.sport28.fr\\\/index.php\\\/2025\\\/05\\\/21\\\/reunion-dinformation-lutte-contre-les-violences-dans-le-sport-2\\\/\"},\"wordCount\":149,\"publisher\":{\"@id\":\"https:\\\/\\\/www.sport28.fr\\\/#organization\"},\"image\":{\"@id\":\"https:\\\/\\\/www.sport28.fr\\\/index.php\\\/2025\\\/05\\\/21\\\/reunion-dinformation-lutte-contre-les-violences-dans-le-sport-2\\\/#primaryimage\"},\"thumbnailUrl\":\"https:\\\/\\\/www.sport28.fr\\\/wp-content\\\/uploads\\\/2025\\\/05\\\/IMG_1082-scaled.jpg\",\"inLanguage\":\"fr-FR\"},{\"@type\":\"WebPage\",\"@id\":\"https:\\\/\\\/www.sport28.fr\\\/index.php\\\/2025\\\/05\\\/21\\\/reunion-dinformation-lutte-contre-les-violences-dans-le-sport-2\\\/\",\"url\":\"https:\\\/\\\/www.sport28.fr\\\/index.php\\\/2025\\\/05\\\/21\\\/reunion-dinformation-lutte-contre-les-violences-dans-le-sport-2\\\/\",\"name\":\"R\u00c9UNION D\u2019INFORMATION \u2013 LUTTE CONTRE LES VIOLENCES DANS LE SPORT - CDOS 28\",\"isPartOf\":{\"@id\":\"https:\\\/\\\/www.sport28.fr\\\/#website\"},\"primaryImageOfPage\":{\"@id\":\"https:\\\/\\\/www.sport28.fr\\\/index.php\\\/2025\\\/05\\\/21\\\/reunion-dinformation-lutte-contre-les-violences-dans-le-sport-2\\\/#primaryimage\"},\"image\":{\"@id\":\"https:\\\/\\\/www.sport28.fr\\\/index.php\\\/2025\\\/05\\\/21\\\/reunion-dinformation-lutte-contre-les-violences-dans-le-sport-2\\\/#primaryimage\"},\"thumbnailUrl\":\"https:\\\/\\\/www.sport28.fr\\\/wp-content\\\/uploads\\\/2025\\\/05\\\/IMG_1082-scaled.jpg\",\"datePublished\":\"2025-05-21T09:03:01+00:00\",\"dateModified\":\"2025-05-21T09:03:02+00:00\",\"breadcrumb\":{\"@id\":\"https:\\\/\\\/www.sport28.fr\\\/index.php\\\/2025\\\/05\\\/21\\\/reunion-dinformation-lutte-contre-les-violences-dans-le-sport-2\\\/#breadcrumb\"},\"inLanguage\":\"fr-FR\",\"potentialAction\":[{\"@type\":\"ReadAction\",\"target\":[\"https:\\\/\\\/www.sport28.fr\\\/index.php\\\/2025\\\/05\\\/21\\\/reunion-dinformation-lutte-contre-les-violences-dans-le-sport-2\\\/\"]}]},{\"@type\":\"ImageObject\",\"inLanguage\":\"fr-FR\",\"@id\":\"https:\\\/\\\/www.sport28.fr\\\/index.php\\\/2025\\\/05\\\/21\\\/reunion-dinformation-lutte-contre-les-violences-dans-le-sport-2\\\/#primaryimage\",\"url\":\"https:\\\/\\\/www.sport28.fr\\\/wp-content\\\/uploads\\\/2025\\\/05\\\/IMG_1082-scaled.jpg\",\"contentUrl\":\"https:\\\/\\\/www.sport28.fr\\\/wp-content\\\/uploads\\\/2025\\\/05\\\/IMG_1082-scaled.jpg\",\"width\":2560,\"height\":1920},{\"@type\":\"BreadcrumbList\",\"@id\":\"https:\\\/\\\/www.sport28.fr\\\/index.php\\\/2025\\\/05\\\/21\\\/reunion-dinformation-lutte-contre-les-violences-dans-le-sport-2\\\/#breadcrumb\",\"itemListElement\":[{\"@type\":\"ListItem\",\"position\":1,\"name\":\"Accueil\",\"item\":\"https:\\\/\\\/www.sport28.fr\\\/\"},{\"@type\":\"ListItem\",\"position\":2,\"name\":\"R\u00c9UNION D\u2019INFORMATION \u2013 LUTTE CONTRE LES VIOLENCES DANS LE SPORT\"}]},{\"@type\":\"WebSite\",\"@id\":\"https:\\\/\\\/www.sport28.fr\\\/#website\",\"url\":\"https:\\\/\\\/www.sport28.fr\\\/\",\"name\":\"CDOS 28\",\"description\":\"Comit\u00e9 D\u00e9partementale Olympique et Sportif d&#039;Eure et Loir\",\"publisher\":{\"@id\":\"https:\\\/\\\/www.sport28.fr\\\/#organization\"},\"potentialAction\":[{\"@type\":\"SearchAction\",\"target\":{\"@type\":\"EntryPoint\",\"urlTemplate\":\"https:\\\/\\\/www.sport28.fr\\\/?s={search_term_string}\"},\"query-input\":{\"@type\":\"PropertyValueSpecification\",\"valueRequired\":true,\"valueName\":\"search_term_string\"}}],\"inLanguage\":\"fr-FR\"},{\"@type\":\"Organization\",\"@id\":\"https:\\\/\\\/www.sport28.fr\\\/#organization\",\"name\":\"Comit\u00e9 d\u00e9partemental olympique et sportif d'eure-et-loir\",\"alternateName\":\"cdos 28\",\"url\":\"https:\\\/\\\/www.sport28.fr\\\/\",\"logo\":{\"@type\":\"ImageObject\",\"inLanguage\":\"fr-FR\",\"@id\":\"https:\\\/\\\/www.sport28.fr\\\/#\\\/schema\\\/logo\\\/image\\\/\",\"url\":\"https:\\\/\\\/www.sport28.fr\\\/wp-content\\\/uploads\\\/2023\\\/10\\\/cdos_eure_et_loir_logo.jpg\",\"contentUrl\":\"https:\\\/\\\/www.sport28.fr\\\/wp-content\\\/uploads\\\/2023\\\/10\\\/cdos_eure_et_loir_logo.jpg\",\"width\":1000,\"height\":1000,\"caption\":\"Comit\u00e9 d\u00e9partemental olympique et sportif d'eure-et-loir\"},\"image\":{\"@id\":\"https:\\\/\\\/www.sport28.fr\\\/#\\\/schema\\\/logo\\\/image\\\/\"},\"sameAs\":[\"https:\\\/\\\/www.facebook.com\\\/CDOS28?locale=fr_FR\"]},{\"@type\":\"Person\",\"@id\":\"https:\\\/\\\/www.sport28.fr\\\/#\\\/schema\\\/person\\\/d707dc6c4cc8f7ba6a4564f87a6818a8\",\"name\":\"admin28\",\"image\":{\"@type\":\"ImageObject\",\"inLanguage\":\"fr-FR\",\"@id\":\"https:\\\/\\\/secure.gravatar.com\\\/avatar\\\/ec586f5fe487447efd44e48a32fef6a1c590e9d744f9d2c3d84ed071f1581364?s=96&d=mm&r=g\",\"url\":\"https:\\\/\\\/secure.gravatar.com\\\/avatar\\\/ec586f5fe487447efd44e48a32fef6a1c590e9d744f9d2c3d84ed071f1581364?s=96&d=mm&r=g\",\"contentUrl\":\"https:\\\/\\\/secure.gravatar.com\\\/avatar\\\/ec586f5fe487447efd44e48a32fef6a1c590e9d744f9d2c3d84ed071f1581364?s=96&d=mm&r=g\",\"caption\":\"admin28\"},\"sameAs\":[\"http:\\\/\\\/www.dev.sport28.fr\"],\"url\":\"https:\\\/\\\/www.sport28.fr\\\/index.php\\\/author\\\/admin28\\\/\"}]}<\/script>\n<!-- \/ Yoast SEO plugin. -->","yoast_head_json":{"title":"R\u00c9UNION D\u2019INFORMATION \u2013 LUTTE CONTRE LES VIOLENCES DANS LE SPORT - CDOS 28","robots":{"index":"index","follow":"follow","max-snippet":"max-snippet:-1","max-image-preview":"max-image-preview:large","max-video-preview":"max-video-preview:-1"},"canonical":"https:\/\/www.sport28.fr\/index.php\/2025\/05\/21\/reunion-dinformation-lutte-contre-les-violences-dans-le-sport-2\/","og_locale":"fr_FR","og_type":"article","og_title":"R\u00c9UNION D\u2019INFORMATION \u2013 LUTTE CONTRE LES VIOLENCES DANS LE SPORT - CDOS 28","og_description":"Suite \u00e0 la r\u00e9union de lancement du 13 novembre dernier, plac\u00e9e sous le haut patronage de Monsieur le pr\u00e9fet, le CDOS 28 et le SDJES poursuivent leur mobilisation sur le [&hellip;]","og_url":"https:\/\/www.sport28.fr\/index.php\/2025\/05\/21\/reunion-dinformation-lutte-contre-les-violences-dans-le-sport-2\/","og_site_name":"CDOS 28","article_publisher":"https:\/\/www.facebook.com\/CDOS28?locale=fr_FR","article_published_time":"2025-05-21T09:03:01+00:00","article_modified_time":"2025-05-21T09:03:02+00:00","og_image":[{"width":2560,"height":1920,"url":"https:\/\/www.sport28.fr\/wp-content\/uploads\/2025\/05\/IMG_1082-scaled.jpg","type":"image\/jpeg"}],"author":"admin28","twitter_card":"summary_large_image","twitter_misc":{"\u00c9crit par":"admin28","Dur\u00e9e de lecture estim\u00e9e":"4 minutes"},"schema":{"@context":"https:\/\/schema.org","@graph":[{"@type":"Article","@id":"https:\/\/www.sport28.fr\/index.php\/2025\/05\/21\/reunion-dinformation-lutte-contre-les-violences-dans-le-sport-2\/#article","isPartOf":{"@id":"https:\/\/www.sport28.fr\/index.php\/2025\/05\/21\/reunion-dinformation-lutte-contre-les-violences-dans-le-sport-2\/"},"author":{"name":"admin28","@id":"https:\/\/www.sport28.fr\/#\/schema\/person\/d707dc6c4cc8f7ba6a4564f87a6818a8"},"headline":"R\u00c9UNION D\u2019INFORMATION \u2013 LUTTE CONTRE LES VIOLENCES DANS LE SPORT","datePublished":"2025-05-21T09:03:01+00:00","dateModified":"2025-05-21T09:03:02+00:00","mainEntityOfPage":{"@id":"https:\/\/www.sport28.fr\/index.php\/2025\/05\/21\/reunion-dinformation-lutte-contre-les-violences-dans-le-sport-2\/"},"wordCount":149,"publisher":{"@id":"https:\/\/www.sport28.fr\/#organization"},"image":{"@id":"https:\/\/www.sport28.fr\/index.php\/2025\/05\/21\/reunion-dinformation-lutte-contre-les-violences-dans-le-sport-2\/#primaryimage"},"thumbnailUrl":"https:\/\/www.sport28.fr\/wp-content\/uploads\/2025\/05\/IMG_1082-scaled.jpg","inLanguage":"fr-FR"},{"@type":"WebPage","@id":"https:\/\/www.sport28.fr\/index.php\/2025\/05\/21\/reunion-dinformation-lutte-contre-les-violences-dans-le-sport-2\/","url":"https:\/\/www.sport28.fr\/index.php\/2025\/05\/21\/reunion-dinformation-lutte-contre-les-violences-dans-le-sport-2\/","name":"R\u00c9UNION D\u2019INFORMATION \u2013 LUTTE CONTRE LES VIOLENCES DANS LE SPORT - CDOS 28","isPartOf":{"@id":"https:\/\/www.sport28.fr\/#website"},"primaryImageOfPage":{"@id":"https:\/\/www.sport28.fr\/index.php\/2025\/05\/21\/reunion-dinformation-lutte-contre-les-violences-dans-le-sport-2\/#primaryimage"},"image":{"@id":"https:\/\/www.sport28.fr\/index.php\/2025\/05\/21\/reunion-dinformation-lutte-contre-les-violences-dans-le-sport-2\/#primaryimage"},"thumbnailUrl":"https:\/\/www.sport28.fr\/wp-content\/uploads\/2025\/05\/IMG_1082-scaled.jpg","datePublished":"2025-05-21T09:03:01+00:00","dateModified":"2025-05-21T09:03:02+00:00","breadcrumb":{"@id":"https:\/\/www.sport28.fr\/index.php\/2025\/05\/21\/reunion-dinformation-lutte-contre-les-violences-dans-le-sport-2\/#breadcrumb"},"inLanguage":"fr-FR","potentialAction":[{"@type":"ReadAction","target":["https:\/\/www.sport28.fr\/index.php\/2025\/05\/21\/reunion-dinformation-lutte-contre-les-violences-dans-le-sport-2\/"]}]},{"@type":"ImageObject","inLanguage":"fr-FR","@id":"https:\/\/www.sport28.fr\/index.php\/2025\/05\/21\/reunion-dinformation-lutte-contre-les-violences-dans-le-sport-2\/#primaryimage","url":"https:\/\/www.sport28.fr\/wp-content\/uploads\/2025\/05\/IMG_1082-scaled.jpg","contentUrl":"https:\/\/www.sport28.fr\/wp-content\/uploads\/2025\/05\/IMG_1082-scaled.jpg","width":2560,"height":1920},{"@type":"BreadcrumbList","@id":"https:\/\/www.sport28.fr\/index.php\/2025\/05\/21\/reunion-dinformation-lutte-contre-les-violences-dans-le-sport-2\/#breadcrumb","itemListElement":[{"@type":"ListItem","position":1,"name":"Accueil","item":"https:\/\/www.sport28.fr\/"},{"@type":"ListItem","position":2,"name":"R\u00c9UNION D\u2019INFORMATION \u2013 LUTTE CONTRE LES VIOLENCES DANS LE SPORT"}]},{"@type":"WebSite","@id":"https:\/\/www.sport28.fr\/#website","url":"https:\/\/www.sport28.fr\/","name":"CDOS 28","description":"Comit\u00e9 D\u00e9partementale Olympique et Sportif d&#039;Eure et Loir","publisher":{"@id":"https:\/\/www.sport28.fr\/#organization"},"potentialAction":[{"@type":"SearchAction","target":{"@type":"EntryPoint","urlTemplate":"https:\/\/www.sport28.fr\/?s={search_term_string}"},"query-input":{"@type":"PropertyValueSpecification","valueRequired":true,"valueName":"search_term_string"}}],"inLanguage":"fr-FR"},{"@type":"Organization","@id":"https:\/\/www.sport28.fr\/#organization","name":"Comit\u00e9 d\u00e9partemental olympique et sportif d'eure-et-loir","alternateName":"cdos 28","url":"https:\/\/www.sport28.fr\/","logo":{"@type":"ImageObject","inLanguage":"fr-FR","@id":"https:\/\/www.sport28.fr\/#\/schema\/logo\/image\/","url":"https:\/\/www.sport28.fr\/wp-content\/uploads\/2023\/10\/cdos_eure_et_loir_logo.jpg","contentUrl":"https:\/\/www.sport28.fr\/wp-content\/uploads\/2023\/10\/cdos_eure_et_loir_logo.jpg","width":1000,"height":1000,"caption":"Comit\u00e9 d\u00e9partemental olympique et sportif d'eure-et-loir"},"image":{"@id":"https:\/\/www.sport28.fr\/#\/schema\/logo\/image\/"},"sameAs":["https:\/\/www.facebook.com\/CDOS28?locale=fr_FR"]},{"@type":"Person","@id":"https:\/\/www.sport28.fr\/#\/schema\/person\/d707dc6c4cc8f7ba6a4564f87a6818a8","name":"admin28","image":{"@type":"ImageObject","inLanguage":"fr-FR","@id":"https:\/\/secure.gravatar.com\/avatar\/ec586f5fe487447efd44e48a32fef6a1c590e9d744f9d2c3d84ed071f1581364?s=96&d=mm&r=g","url":"https:\/\/secure.gravatar.com\/avatar\/ec586f5fe487447efd44e48a32fef6a1c590e9d744f9d2c3d84ed071f1581364?s=96&d=mm&r=g","contentUrl":"https:\/\/secure.gravatar.com\/avatar\/ec586f5fe487447efd44e48a32fef6a1c590e9d744f9d2c3d84ed071f1581364?s=96&d=mm&r=g","caption":"admin28"},"sameAs":["http:\/\/www.dev.sport28.fr"],"url":"https:\/\/www.sport28.fr\/index.php\/author\/admin28\/"}]}},"_links":{"self":[{"href":"https:\/\/www.sport28.fr\/index.php\/wp-json\/wp\/v2\/posts\/4134","targetHints":{"allow":["GET"]}}],"collection":[{"href":"https:\/\/www.sport28.fr\/index.php\/wp-json\/wp\/v2\/posts"}],"about":[{"href":"https:\/\/www.sport28.fr\/index.php\/wp-json\/wp\/v2\/types\/post"}],"author":[{"embeddable":true,"href":"https:\/\/www.sport28.fr\/index.php\/wp-json\/wp\/v2\/users\/1"}],"replies":[{"embeddable":true,"href":"https:\/\/www.sport28.fr\/index.php\/wp-json\/wp\/v2\/comments?post=4134"}],"version-history":[{"count":1,"href":"https:\/\/www.sport28.fr\/index.php\/wp-json\/wp\/v2\/posts\/4134\/revisions"}],"predecessor-version":[{"id":4138,"href":"https:\/\/www.sport28.fr\/index.php\/wp-json\/wp\/v2\/posts\/4134\/revisions\/4138"}],"wp:featuredmedia":[{"embeddable":true,"href":"https:\/\/www.sport28.fr\/index.php\/wp-json\/wp\/v2\/media\/4135"}],"wp:attachment":[{"href":"https:\/\/www.sport28.fr\/index.php\/wp-json\/wp\/v2\/media?parent=4134"}],"wp:term":[{"taxonomy":"category","embeddable":true,"href":"https:\/\/www.sport28.fr\/index.php\/wp-json\/wp\/v2\/categories?post=4134"},{"taxonomy":"post_tag","embeddable":true,"href":"https:\/\/www.sport28.fr\/index.php\/wp-json\/wp\/v2\/tags?post=4134"}],"curies":[{"name":"wp","href":"https:\/\/api.w.org\/{rel}","templated":true}]}}