{"id":4125,"date":"2025-05-21T10:03:44","date_gmt":"2025-05-21T08:03:44","guid":{"rendered":"https:\/\/www.sport28.fr\/?p=4125"},"modified":"2025-05-21T10:03:45","modified_gmt":"2025-05-21T08:03:45","slug":"reunion-dinformation-lutte-contre-les-violences-dans-le-sport","status":"publish","type":"post","link":"https:\/\/www.sport28.fr\/index.php\/2025\/05\/21\/reunion-dinformation-lutte-contre-les-violences-dans-le-sport\/","title":{"rendered":"R\u00c9UNION D\u2019INFORMATION \u2013 LUTTE CONTRE LES VIOLENCES DANS LE SPORT"},"content":{"rendered":"\n<p>Suite \u00e0 la r\u00e9union de lancement du 13 novembre dernier, plac\u00e9e sous le haut patronage de Monsieur le Pr\u00e9fet, le CDOS 28 et le SDJES poursuivent leur mobilisation sur le territoire avec une s\u00e9rie de r\u00e9unions d\u2019information destin\u00e9es aux associations sportives.<\/p>\n\n\n\n<p><img decoding=\"async\" height=\"16\" width=\"16\" src=\"https:\/\/static.xx.fbcdn.net\/images\/emoji.php\/v9\/tcc\/2\/16\/1f4cd.png\" alt=\"\ud83d\udccd\"> Mardi 13 mai, nous \u00e9tions \u00e0 \u00c9pernon pour la 6\u1d49 \u00e9tape, aupr\u00e8s des clubs de la Communaut\u00e9 de communes Des Portes Eur\u00e9liennes d&rsquo;\u00cele-de-France.<\/p>\n\n\n\n<p><img decoding=\"async\" height=\"16\" width=\"16\" alt=\"\ud83d\udc49\" src=\"https:\/\/static.xx.fbcdn.net\/images\/emoji.php\/v9\/tf0\/2\/16\/1f449.png\"> Un moment essentiel pour :<\/p>\n\n\n\n<p><img decoding=\"async\" height=\"16\" width=\"16\" alt=\"\u2714\ufe0f\" src=\"https:\/\/static.xx.fbcdn.net\/images\/emoji.php\/v9\/td2\/2\/16\/2714.png\"> rappeler les outils de pr\u00e9vention disponibles<\/p>\n\n\n\n<p><img decoding=\"async\" height=\"16\" width=\"16\" alt=\"\u2714\ufe0f\" src=\"https:\/\/static.xx.fbcdn.net\/images\/emoji.php\/v9\/td2\/2\/16\/2714.png\"> sensibiliser les acteurs du sport<\/p>\n\n\n\n<p><img decoding=\"async\" height=\"16\" width=\"16\" alt=\"\u2714\ufe0f\" src=\"https:\/\/static.xx.fbcdn.net\/images\/emoji.php\/v9\/td2\/2\/16\/2714.png\"> renforcer la mobilisation collective face \u00e0 toutes les formes de violences<\/p>\n\n\n\n<p>Mobilisons-nous ensemble pour un sport plus s\u00fbr et plus respectueux ! <img loading=\"lazy\" decoding=\"async\" height=\"16\" width=\"16\" alt=\"\ud83d\udcaa\" src=\"https:\/\/static.xx.fbcdn.net\/images\/emoji.php\/v9\/tb\/2\/16\/1f4aa.png\"><img loading=\"lazy\" decoding=\"async\" height=\"16\" width=\"16\" alt=\"\u2696\ufe0f\" src=\"https:\/\/static.xx.fbcdn.net\/images\/emoji.php\/v9\/t8b\/2\/16\/2696.png\"><img loading=\"lazy\" decoding=\"async\" height=\"16\" width=\"16\" alt=\"\ud83c\udfc5\" src=\"https:\/\/static.xx.fbcdn.net\/images\/emoji.php\/v9\/tdc\/2\/16\/1f3c5.png\"><\/p>\n\n\n\n<p><a href=\"https:\/\/www.facebook.com\/hashtag\/stopviolences?__eep__=6&amp;__cft__[0]=AZWqGQuCI0QWZX1PTj-_n9YJlJLToYt3lppChdQ601122Ch5oSYFHBqnu9MoBsO65fJBeaTTrYRfox_rFB15ZdDfIkAu9AQiBQo_F8HfoG7QuNxvvNNIShxsBw627Nyx4HQuhg2PcGEoHpU7xWO6mlnxmDv83dUz_uVFPPoFiTZgxUu9xRrbqmSJCgYFlOZ1sSwu5O6EA61PKIjMtaY8phT4&amp;__tn__=*NK-R\">#StopViolences<\/a><a href=\"https:\/\/www.facebook.com\/hashtag\/cdos28?__eep__=6&amp;__cft__[0]=AZWqGQuCI0QWZX1PTj-_n9YJlJLToYt3lppChdQ601122Ch5oSYFHBqnu9MoBsO65fJBeaTTrYRfox_rFB15ZdDfIkAu9AQiBQo_F8HfoG7QuNxvvNNIShxsBw627Nyx4HQuhg2PcGEoHpU7xWO6mlnxmDv83dUz_uVFPPoFiTZgxUu9xRrbqmSJCgYFlOZ1sSwu5O6EA61PKIjMtaY8phT4&amp;__tn__=*NK-R\">#CDOS28<\/a><a href=\"https:\/\/www.facebook.com\/hashtag\/pr%C3%A9vention?__eep__=6&amp;__cft__[0]=AZWqGQuCI0QWZX1PTj-_n9YJlJLToYt3lppChdQ601122Ch5oSYFHBqnu9MoBsO65fJBeaTTrYRfox_rFB15ZdDfIkAu9AQiBQo_F8HfoG7QuNxvvNNIShxsBw627Nyx4HQuhg2PcGEoHpU7xWO6mlnxmDv83dUz_uVFPPoFiTZgxUu9xRrbqmSJCgYFlOZ1sSwu5O6EA61PKIjMtaY8phT4&amp;__tn__=*NK-R\">#Pr\u00e9vention<\/a><a href=\"https:\/\/www.facebook.com\/hashtag\/sportengag%C3%A9?__eep__=6&amp;__cft__[0]=AZWqGQuCI0QWZX1PTj-_n9YJlJLToYt3lppChdQ601122Ch5oSYFHBqnu9MoBsO65fJBeaTTrYRfox_rFB15ZdDfIkAu9AQiBQo_F8HfoG7QuNxvvNNIShxsBw627Nyx4HQuhg2PcGEoHpU7xWO6mlnxmDv83dUz_uVFPPoFiTZgxUu9xRrbqmSJCgYFlOZ1sSwu5O6EA61PKIjMtaY8phT4&amp;__tn__=*NK-R\">#SportEngag\u00e9<\/a><a href=\"https:\/\/www.facebook.com\/hashtag\/eureetloir?__eep__=6&amp;__cft__[0]=AZWqGQuCI0QWZX1PTj-_n9YJlJLToYt3lppChdQ601122Ch5oSYFHBqnu9MoBsO65fJBeaTTrYRfox_rFB15ZdDfIkAu9AQiBQo_F8HfoG7QuNxvvNNIShxsBw627Nyx4HQuhg2PcGEoHpU7xWO6mlnxmDv83dUz_uVFPPoFiTZgxUu9xRrbqmSJCgYFlOZ1sSwu5O6EA61PKIjMtaY8phT4&amp;__tn__=*NK-R\">#EureEtLoir<\/a><\/p>\n\n\n\n<figure class=\"wp-block-gallery has-nested-images columns-default is-cropped wp-block-gallery-1 is-layout-flex wp-block-gallery-is-layout-flex\">\n<figure class=\"wp-block-image size-large\"><img loading=\"lazy\" decoding=\"async\" width=\"1024\" height=\"768\" data-id=\"4126\" src=\"https:\/\/www.sport28.fr\/wp-content\/uploads\/2025\/05\/IMG_1050-1024x768.jpg\" alt=\"\" class=\"wp-image-4126\" srcset=\"https:\/\/www.sport28.fr\/wp-content\/uploads\/2025\/05\/IMG_1050-1024x768.jpg 1024w, https:\/\/www.sport28.fr\/wp-content\/uploads\/2025\/05\/IMG_1050-300x225.jpg 300w, https:\/\/www.sport28.fr\/wp-content\/uploads\/2025\/05\/IMG_1050-768x576.jpg 768w, https:\/\/www.sport28.fr\/wp-content\/uploads\/2025\/05\/IMG_1050-1536x1152.jpg 1536w, https:\/\/www.sport28.fr\/wp-content\/uploads\/2025\/05\/IMG_1050-2048x1536.jpg 2048w\" sizes=\"(max-width: 1024px) 100vw, 1024px\" \/><\/figure>\n<\/figure>\n","protected":false},"excerpt":{"rendered":"<p>Suite \u00e0 la r\u00e9union de lancement du 13 novembre dernier, plac\u00e9e sous le haut patronage de Monsieur le Pr\u00e9fet, le CDOS 28 et le SDJES poursuivent leur mobilisation sur le [&hellip;]<\/p>\n","protected":false},"author":1,"featured_media":4126,"comment_status":"closed","ping_status":"open","sticky":false,"template":"","format":"standard","meta":{"footnotes":""},"categories":[1],"tags":[],"class_list":["post-4125","post","type-post","status-publish","format-standard","has-post-thumbnail","hentry","category-non-classe"],"yoast_head":"<!-- This site is optimized with the Yoast SEO plugin v27.5 - https:\/\/yoast.com\/product\/yoast-seo-wordpress\/ -->\n<title>R\u00c9UNION D\u2019INFORMATION \u2013 LUTTE CONTRE LES VIOLENCES DANS LE SPORT - CDOS 28<\/title>\n<meta name=\"robots\" content=\"index, follow, max-snippet:-1, max-image-preview:large, max-video-preview:-1\" \/>\n<link rel=\"canonical\" href=\"https:\/\/www.sport28.fr\/index.php\/2025\/05\/21\/reunion-dinformation-lutte-contre-les-violences-dans-le-sport\/\" \/>\n<meta property=\"og:locale\" content=\"fr_FR\" \/>\n<meta property=\"og:type\" content=\"article\" \/>\n<meta property=\"og:title\" content=\"R\u00c9UNION D\u2019INFORMATION \u2013 LUTTE CONTRE LES VIOLENCES DANS LE SPORT - CDOS 28\" \/>\n<meta property=\"og:description\" content=\"Suite \u00e0 la r\u00e9union de lancement du 13 novembre dernier, plac\u00e9e sous le haut patronage de Monsieur le Pr\u00e9fet, le CDOS 28 et le SDJES poursuivent leur mobilisation sur le [&hellip;]\" \/>\n<meta property=\"og:url\" content=\"https:\/\/www.sport28.fr\/index.php\/2025\/05\/21\/reunion-dinformation-lutte-contre-les-violences-dans-le-sport\/\" \/>\n<meta property=\"og:site_name\" content=\"CDOS 28\" \/>\n<meta property=\"article:publisher\" content=\"https:\/\/www.facebook.com\/CDOS28?locale=fr_FR\" \/>\n<meta property=\"article:published_time\" content=\"2025-05-21T08:03:44+00:00\" \/>\n<meta property=\"article:modified_time\" content=\"2025-05-21T08:03:45+00:00\" \/>\n<meta property=\"og:image\" content=\"https:\/\/www.sport28.fr\/wp-content\/uploads\/2025\/05\/IMG_1050-scaled.jpg\" \/>\n\t<meta property=\"og:image:width\" content=\"2560\" \/>\n\t<meta property=\"og:image:height\" content=\"1920\" \/>\n\t<meta property=\"og:image:type\" content=\"image\/jpeg\" \/>\n<meta name=\"author\" content=\"admin28\" \/>\n<meta name=\"twitter:card\" content=\"summary_large_image\" \/>\n<meta name=\"twitter:label1\" content=\"\u00c9crit par\" \/>\n\t<meta name=\"twitter:data1\" content=\"admin28\" \/>\n\t<meta name=\"twitter:label2\" content=\"Dur\u00e9e de lecture estim\u00e9e\" \/>\n\t<meta name=\"twitter:data2\" content=\"3 minutes\" \/>\n<script type=\"application\/ld+json\" class=\"yoast-schema-graph\">{\"@context\":\"https:\\\/\\\/schema.org\",\"@graph\":[{\"@type\":\"Article\",\"@id\":\"https:\\\/\\\/www.sport28.fr\\\/index.php\\\/2025\\\/05\\\/21\\\/reunion-dinformation-lutte-contre-les-violences-dans-le-sport\\\/#article\",\"isPartOf\":{\"@id\":\"https:\\\/\\\/www.sport28.fr\\\/index.php\\\/2025\\\/05\\\/21\\\/reunion-dinformation-lutte-contre-les-violences-dans-le-sport\\\/\"},\"author\":{\"name\":\"admin28\",\"@id\":\"https:\\\/\\\/www.sport28.fr\\\/#\\\/schema\\\/person\\\/d707dc6c4cc8f7ba6a4564f87a6818a8\"},\"headline\":\"R\u00c9UNION D\u2019INFORMATION \u2013 LUTTE CONTRE LES VIOLENCES DANS LE SPORT\",\"datePublished\":\"2025-05-21T08:03:44+00:00\",\"dateModified\":\"2025-05-21T08:03:45+00:00\",\"mainEntityOfPage\":{\"@id\":\"https:\\\/\\\/www.sport28.fr\\\/index.php\\\/2025\\\/05\\\/21\\\/reunion-dinformation-lutte-contre-les-violences-dans-le-sport\\\/\"},\"wordCount\":122,\"publisher\":{\"@id\":\"https:\\\/\\\/www.sport28.fr\\\/#organization\"},\"image\":{\"@id\":\"https:\\\/\\\/www.sport28.fr\\\/index.php\\\/2025\\\/05\\\/21\\\/reunion-dinformation-lutte-contre-les-violences-dans-le-sport\\\/#primaryimage\"},\"thumbnailUrl\":\"https:\\\/\\\/www.sport28.fr\\\/wp-content\\\/uploads\\\/2025\\\/05\\\/IMG_1050-scaled.jpg\",\"inLanguage\":\"fr-FR\"},{\"@type\":\"WebPage\",\"@id\":\"https:\\\/\\\/www.sport28.fr\\\/index.php\\\/2025\\\/05\\\/21\\\/reunion-dinformation-lutte-contre-les-violences-dans-le-sport\\\/\",\"url\":\"https:\\\/\\\/www.sport28.fr\\\/index.php\\\/2025\\\/05\\\/21\\\/reunion-dinformation-lutte-contre-les-violences-dans-le-sport\\\/\",\"name\":\"R\u00c9UNION D\u2019INFORMATION \u2013 LUTTE CONTRE LES VIOLENCES DANS LE SPORT - CDOS 28\",\"isPartOf\":{\"@id\":\"https:\\\/\\\/www.sport28.fr\\\/#website\"},\"primaryImageOfPage\":{\"@id\":\"https:\\\/\\\/www.sport28.fr\\\/index.php\\\/2025\\\/05\\\/21\\\/reunion-dinformation-lutte-contre-les-violences-dans-le-sport\\\/#primaryimage\"},\"image\":{\"@id\":\"https:\\\/\\\/www.sport28.fr\\\/index.php\\\/2025\\\/05\\\/21\\\/reunion-dinformation-lutte-contre-les-violences-dans-le-sport\\\/#primaryimage\"},\"thumbnailUrl\":\"https:\\\/\\\/www.sport28.fr\\\/wp-content\\\/uploads\\\/2025\\\/05\\\/IMG_1050-scaled.jpg\",\"datePublished\":\"2025-05-21T08:03:44+00:00\",\"dateModified\":\"2025-05-21T08:03:45+00:00\",\"breadcrumb\":{\"@id\":\"https:\\\/\\\/www.sport28.fr\\\/index.php\\\/2025\\\/05\\\/21\\\/reunion-dinformation-lutte-contre-les-violences-dans-le-sport\\\/#breadcrumb\"},\"inLanguage\":\"fr-FR\",\"potentialAction\":[{\"@type\":\"ReadAction\",\"target\":[\"https:\\\/\\\/www.sport28.fr\\\/index.php\\\/2025\\\/05\\\/21\\\/reunion-dinformation-lutte-contre-les-violences-dans-le-sport\\\/\"]}]},{\"@type\":\"ImageObject\",\"inLanguage\":\"fr-FR\",\"@id\":\"https:\\\/\\\/www.sport28.fr\\\/index.php\\\/2025\\\/05\\\/21\\\/reunion-dinformation-lutte-contre-les-violences-dans-le-sport\\\/#primaryimage\",\"url\":\"https:\\\/\\\/www.sport28.fr\\\/wp-content\\\/uploads\\\/2025\\\/05\\\/IMG_1050-scaled.jpg\",\"contentUrl\":\"https:\\\/\\\/www.sport28.fr\\\/wp-content\\\/uploads\\\/2025\\\/05\\\/IMG_1050-scaled.jpg\",\"width\":2560,\"height\":1920},{\"@type\":\"BreadcrumbList\",\"@id\":\"https:\\\/\\\/www.sport28.fr\\\/index.php\\\/2025\\\/05\\\/21\\\/reunion-dinformation-lutte-contre-les-violences-dans-le-sport\\\/#breadcrumb\",\"itemListElement\":[{\"@type\":\"ListItem\",\"position\":1,\"name\":\"Accueil\",\"item\":\"https:\\\/\\\/www.sport28.fr\\\/\"},{\"@type\":\"ListItem\",\"position\":2,\"name\":\"R\u00c9UNION D\u2019INFORMATION \u2013 LUTTE CONTRE LES VIOLENCES DANS LE SPORT\"}]},{\"@type\":\"WebSite\",\"@id\":\"https:\\\/\\\/www.sport28.fr\\\/#website\",\"url\":\"https:\\\/\\\/www.sport28.fr\\\/\",\"name\":\"CDOS 28\",\"description\":\"Comit\u00e9 D\u00e9partementale Olympique et Sportif d&#039;Eure et Loir\",\"publisher\":{\"@id\":\"https:\\\/\\\/www.sport28.fr\\\/#organization\"},\"potentialAction\":[{\"@type\":\"SearchAction\",\"target\":{\"@type\":\"EntryPoint\",\"urlTemplate\":\"https:\\\/\\\/www.sport28.fr\\\/?s={search_term_string}\"},\"query-input\":{\"@type\":\"PropertyValueSpecification\",\"valueRequired\":true,\"valueName\":\"search_term_string\"}}],\"inLanguage\":\"fr-FR\"},{\"@type\":\"Organization\",\"@id\":\"https:\\\/\\\/www.sport28.fr\\\/#organization\",\"name\":\"Comit\u00e9 d\u00e9partemental olympique et sportif d'eure-et-loir\",\"alternateName\":\"cdos 28\",\"url\":\"https:\\\/\\\/www.sport28.fr\\\/\",\"logo\":{\"@type\":\"ImageObject\",\"inLanguage\":\"fr-FR\",\"@id\":\"https:\\\/\\\/www.sport28.fr\\\/#\\\/schema\\\/logo\\\/image\\\/\",\"url\":\"https:\\\/\\\/www.sport28.fr\\\/wp-content\\\/uploads\\\/2023\\\/10\\\/cdos_eure_et_loir_logo.jpg\",\"contentUrl\":\"https:\\\/\\\/www.sport28.fr\\\/wp-content\\\/uploads\\\/2023\\\/10\\\/cdos_eure_et_loir_logo.jpg\",\"width\":1000,\"height\":1000,\"caption\":\"Comit\u00e9 d\u00e9partemental olympique et sportif d'eure-et-loir\"},\"image\":{\"@id\":\"https:\\\/\\\/www.sport28.fr\\\/#\\\/schema\\\/logo\\\/image\\\/\"},\"sameAs\":[\"https:\\\/\\\/www.facebook.com\\\/CDOS28?locale=fr_FR\"]},{\"@type\":\"Person\",\"@id\":\"https:\\\/\\\/www.sport28.fr\\\/#\\\/schema\\\/person\\\/d707dc6c4cc8f7ba6a4564f87a6818a8\",\"name\":\"admin28\",\"image\":{\"@type\":\"ImageObject\",\"inLanguage\":\"fr-FR\",\"@id\":\"https:\\\/\\\/secure.gravatar.com\\\/avatar\\\/ec586f5fe487447efd44e48a32fef6a1c590e9d744f9d2c3d84ed071f1581364?s=96&d=mm&r=g\",\"url\":\"https:\\\/\\\/secure.gravatar.com\\\/avatar\\\/ec586f5fe487447efd44e48a32fef6a1c590e9d744f9d2c3d84ed071f1581364?s=96&d=mm&r=g\",\"contentUrl\":\"https:\\\/\\\/secure.gravatar.com\\\/avatar\\\/ec586f5fe487447efd44e48a32fef6a1c590e9d744f9d2c3d84ed071f1581364?s=96&d=mm&r=g\",\"caption\":\"admin28\"},\"sameAs\":[\"http:\\\/\\\/www.dev.sport28.fr\"],\"url\":\"https:\\\/\\\/www.sport28.fr\\\/index.php\\\/author\\\/admin28\\\/\"}]}<\/script>\n<!-- \/ Yoast SEO plugin. -->","yoast_head_json":{"title":"R\u00c9UNION D\u2019INFORMATION \u2013 LUTTE CONTRE LES VIOLENCES DANS LE SPORT - CDOS 28","robots":{"index":"index","follow":"follow","max-snippet":"max-snippet:-1","max-image-preview":"max-image-preview:large","max-video-preview":"max-video-preview:-1"},"canonical":"https:\/\/www.sport28.fr\/index.php\/2025\/05\/21\/reunion-dinformation-lutte-contre-les-violences-dans-le-sport\/","og_locale":"fr_FR","og_type":"article","og_title":"R\u00c9UNION D\u2019INFORMATION \u2013 LUTTE CONTRE LES VIOLENCES DANS LE SPORT - CDOS 28","og_description":"Suite \u00e0 la r\u00e9union de lancement du 13 novembre dernier, plac\u00e9e sous le haut patronage de Monsieur le Pr\u00e9fet, le CDOS 28 et le SDJES poursuivent leur mobilisation sur le [&hellip;]","og_url":"https:\/\/www.sport28.fr\/index.php\/2025\/05\/21\/reunion-dinformation-lutte-contre-les-violences-dans-le-sport\/","og_site_name":"CDOS 28","article_publisher":"https:\/\/www.facebook.com\/CDOS28?locale=fr_FR","article_published_time":"2025-05-21T08:03:44+00:00","article_modified_time":"2025-05-21T08:03:45+00:00","og_image":[{"width":2560,"height":1920,"url":"https:\/\/www.sport28.fr\/wp-content\/uploads\/2025\/05\/IMG_1050-scaled.jpg","type":"image\/jpeg"}],"author":"admin28","twitter_card":"summary_large_image","twitter_misc":{"\u00c9crit par":"admin28","Dur\u00e9e de lecture estim\u00e9e":"3 minutes"},"schema":{"@context":"https:\/\/schema.org","@graph":[{"@type":"Article","@id":"https:\/\/www.sport28.fr\/index.php\/2025\/05\/21\/reunion-dinformation-lutte-contre-les-violences-dans-le-sport\/#article","isPartOf":{"@id":"https:\/\/www.sport28.fr\/index.php\/2025\/05\/21\/reunion-dinformation-lutte-contre-les-violences-dans-le-sport\/"},"author":{"name":"admin28","@id":"https:\/\/www.sport28.fr\/#\/schema\/person\/d707dc6c4cc8f7ba6a4564f87a6818a8"},"headline":"R\u00c9UNION D\u2019INFORMATION \u2013 LUTTE CONTRE LES VIOLENCES DANS LE SPORT","datePublished":"2025-05-21T08:03:44+00:00","dateModified":"2025-05-21T08:03:45+00:00","mainEntityOfPage":{"@id":"https:\/\/www.sport28.fr\/index.php\/2025\/05\/21\/reunion-dinformation-lutte-contre-les-violences-dans-le-sport\/"},"wordCount":122,"publisher":{"@id":"https:\/\/www.sport28.fr\/#organization"},"image":{"@id":"https:\/\/www.sport28.fr\/index.php\/2025\/05\/21\/reunion-dinformation-lutte-contre-les-violences-dans-le-sport\/#primaryimage"},"thumbnailUrl":"https:\/\/www.sport28.fr\/wp-content\/uploads\/2025\/05\/IMG_1050-scaled.jpg","inLanguage":"fr-FR"},{"@type":"WebPage","@id":"https:\/\/www.sport28.fr\/index.php\/2025\/05\/21\/reunion-dinformation-lutte-contre-les-violences-dans-le-sport\/","url":"https:\/\/www.sport28.fr\/index.php\/2025\/05\/21\/reunion-dinformation-lutte-contre-les-violences-dans-le-sport\/","name":"R\u00c9UNION D\u2019INFORMATION \u2013 LUTTE CONTRE LES VIOLENCES DANS LE SPORT - CDOS 28","isPartOf":{"@id":"https:\/\/www.sport28.fr\/#website"},"primaryImageOfPage":{"@id":"https:\/\/www.sport28.fr\/index.php\/2025\/05\/21\/reunion-dinformation-lutte-contre-les-violences-dans-le-sport\/#primaryimage"},"image":{"@id":"https:\/\/www.sport28.fr\/index.php\/2025\/05\/21\/reunion-dinformation-lutte-contre-les-violences-dans-le-sport\/#primaryimage"},"thumbnailUrl":"https:\/\/www.sport28.fr\/wp-content\/uploads\/2025\/05\/IMG_1050-scaled.jpg","datePublished":"2025-05-21T08:03:44+00:00","dateModified":"2025-05-21T08:03:45+00:00","breadcrumb":{"@id":"https:\/\/www.sport28.fr\/index.php\/2025\/05\/21\/reunion-dinformation-lutte-contre-les-violences-dans-le-sport\/#breadcrumb"},"inLanguage":"fr-FR","potentialAction":[{"@type":"ReadAction","target":["https:\/\/www.sport28.fr\/index.php\/2025\/05\/21\/reunion-dinformation-lutte-contre-les-violences-dans-le-sport\/"]}]},{"@type":"ImageObject","inLanguage":"fr-FR","@id":"https:\/\/www.sport28.fr\/index.php\/2025\/05\/21\/reunion-dinformation-lutte-contre-les-violences-dans-le-sport\/#primaryimage","url":"https:\/\/www.sport28.fr\/wp-content\/uploads\/2025\/05\/IMG_1050-scaled.jpg","contentUrl":"https:\/\/www.sport28.fr\/wp-content\/uploads\/2025\/05\/IMG_1050-scaled.jpg","width":2560,"height":1920},{"@type":"BreadcrumbList","@id":"https:\/\/www.sport28.fr\/index.php\/2025\/05\/21\/reunion-dinformation-lutte-contre-les-violences-dans-le-sport\/#breadcrumb","itemListElement":[{"@type":"ListItem","position":1,"name":"Accueil","item":"https:\/\/www.sport28.fr\/"},{"@type":"ListItem","position":2,"name":"R\u00c9UNION D\u2019INFORMATION \u2013 LUTTE CONTRE LES VIOLENCES DANS LE SPORT"}]},{"@type":"WebSite","@id":"https:\/\/www.sport28.fr\/#website","url":"https:\/\/www.sport28.fr\/","name":"CDOS 28","description":"Comit\u00e9 D\u00e9partementale Olympique et Sportif d&#039;Eure et Loir","publisher":{"@id":"https:\/\/www.sport28.fr\/#organization"},"potentialAction":[{"@type":"SearchAction","target":{"@type":"EntryPoint","urlTemplate":"https:\/\/www.sport28.fr\/?s={search_term_string}"},"query-input":{"@type":"PropertyValueSpecification","valueRequired":true,"valueName":"search_term_string"}}],"inLanguage":"fr-FR"},{"@type":"Organization","@id":"https:\/\/www.sport28.fr\/#organization","name":"Comit\u00e9 d\u00e9partemental olympique et sportif d'eure-et-loir","alternateName":"cdos 28","url":"https:\/\/www.sport28.fr\/","logo":{"@type":"ImageObject","inLanguage":"fr-FR","@id":"https:\/\/www.sport28.fr\/#\/schema\/logo\/image\/","url":"https:\/\/www.sport28.fr\/wp-content\/uploads\/2023\/10\/cdos_eure_et_loir_logo.jpg","contentUrl":"https:\/\/www.sport28.fr\/wp-content\/uploads\/2023\/10\/cdos_eure_et_loir_logo.jpg","width":1000,"height":1000,"caption":"Comit\u00e9 d\u00e9partemental olympique et sportif d'eure-et-loir"},"image":{"@id":"https:\/\/www.sport28.fr\/#\/schema\/logo\/image\/"},"sameAs":["https:\/\/www.facebook.com\/CDOS28?locale=fr_FR"]},{"@type":"Person","@id":"https:\/\/www.sport28.fr\/#\/schema\/person\/d707dc6c4cc8f7ba6a4564f87a6818a8","name":"admin28","image":{"@type":"ImageObject","inLanguage":"fr-FR","@id":"https:\/\/secure.gravatar.com\/avatar\/ec586f5fe487447efd44e48a32fef6a1c590e9d744f9d2c3d84ed071f1581364?s=96&d=mm&r=g","url":"https:\/\/secure.gravatar.com\/avatar\/ec586f5fe487447efd44e48a32fef6a1c590e9d744f9d2c3d84ed071f1581364?s=96&d=mm&r=g","contentUrl":"https:\/\/secure.gravatar.com\/avatar\/ec586f5fe487447efd44e48a32fef6a1c590e9d744f9d2c3d84ed071f1581364?s=96&d=mm&r=g","caption":"admin28"},"sameAs":["http:\/\/www.dev.sport28.fr"],"url":"https:\/\/www.sport28.fr\/index.php\/author\/admin28\/"}]}},"_links":{"self":[{"href":"https:\/\/www.sport28.fr\/index.php\/wp-json\/wp\/v2\/posts\/4125","targetHints":{"allow":["GET"]}}],"collection":[{"href":"https:\/\/www.sport28.fr\/index.php\/wp-json\/wp\/v2\/posts"}],"about":[{"href":"https:\/\/www.sport28.fr\/index.php\/wp-json\/wp\/v2\/types\/post"}],"author":[{"embeddable":true,"href":"https:\/\/www.sport28.fr\/index.php\/wp-json\/wp\/v2\/users\/1"}],"replies":[{"embeddable":true,"href":"https:\/\/www.sport28.fr\/index.php\/wp-json\/wp\/v2\/comments?post=4125"}],"version-history":[{"count":1,"href":"https:\/\/www.sport28.fr\/index.php\/wp-json\/wp\/v2\/posts\/4125\/revisions"}],"predecessor-version":[{"id":4127,"href":"https:\/\/www.sport28.fr\/index.php\/wp-json\/wp\/v2\/posts\/4125\/revisions\/4127"}],"wp:featuredmedia":[{"embeddable":true,"href":"https:\/\/www.sport28.fr\/index.php\/wp-json\/wp\/v2\/media\/4126"}],"wp:attachment":[{"href":"https:\/\/www.sport28.fr\/index.php\/wp-json\/wp\/v2\/media?parent=4125"}],"wp:term":[{"taxonomy":"category","embeddable":true,"href":"https:\/\/www.sport28.fr\/index.php\/wp-json\/wp\/v2\/categories?post=4125"},{"taxonomy":"post_tag","embeddable":true,"href":"https:\/\/www.sport28.fr\/index.php\/wp-json\/wp\/v2\/tags?post=4125"}],"curies":[{"name":"wp","href":"https:\/\/api.w.org\/{rel}","templated":true}]}}