{"id":4061,"date":"2025-05-07T10:11:58","date_gmt":"2025-05-07T08:11:58","guid":{"rendered":"https:\/\/www.sport28.fr\/?p=4061"},"modified":"2025-05-07T10:11:59","modified_gmt":"2025-05-07T08:11:59","slug":"forum-theatre-sport-sans-violence-3-juin-2025-a-chartres","status":"publish","type":"post","link":"https:\/\/www.sport28.fr\/index.php\/2025\/05\/07\/forum-theatre-sport-sans-violence-3-juin-2025-a-chartres\/","title":{"rendered":"Forum th\u00e9\u00e2tre \u00ab\u00a0Sport sans violence\u00a0\u00bb | 3 juin 2025 \u00e0 Chartres"},"content":{"rendered":"\n<p>Dans le cadre de sa mission de sensibilisation, le CDOS 28 organise un forum th\u00e9\u00e2tre sur la th\u00e9matique \u00ab\u00a0Sport sans violence\u00a0\u00bb.<\/p>\n\n\n\n<p>\ud83d\udcc5&nbsp;Cette repr\u00e9sentation se tiendra le Mardi 3 juin 2025 \u00e0 19h<br>\ud83d\udccd&nbsp;A l\u2019H\u00f4tellerie Saint-Yves pr\u00e8s de la cath\u00e9drale de Chartres&nbsp;<\/p>\n\n\n\n<p>\ud83c\udfad&nbsp;Anim\u00e9 par la Ligue d\u2019improvisation de Touraine<br>\ud83c\udf9f\ufe0f&nbsp;L\u2019\u00e9v\u00e9nement sera gratuit et limit\u00e9 \u00e0 80 places.<\/p>\n\n\n\n<p>Ce temps fort interactif s\u2019adresse \u00e0 l\u2019ensemble des acteurs du mouvement sportif : dirigeants, \u00e9ducateurs, b\u00e9n\u00e9voles, licenci\u00e9s, etc.<\/p>\n\n\n\n<p>Nous vous serions reconnaissants de bien vouloir relayer l\u2019information aupr\u00e8s des acteurs de votre club afin qu\u2019ils puissent s\u2019inscrire d\u00e8s maintenant.<\/p>\n\n\n\n<p>\ud83c\udf9f\ufe0f L\u2019\u00e9v\u00e9nement sera <strong>gratuit<\/strong><strong> <\/strong>et limit\u00e9 en nombre de places.<\/p>\n\n\n\n<p><strong>Inscription obligatoire&nbsp;:<\/strong><strong><\/strong><\/p>\n\n\n\n<p>Les \u00e9tapes pour s\u2019inscrire :&nbsp;<\/p>\n\n\n\n<p>1- Inscription obligatoire via ce lien&nbsp;:&nbsp; <a href=\"https:\/\/eur02.safelinks.protection.outlook.com\/?url=https%3A%2F%2Fforms.gle%2FouTCzTA6t9jwgaHeA&amp;data=05%7C02%7Ceureetloir%40franceolympique.com%7Ce856cf639a1349b132d608dd8d3e3162%7Cfa5ef80ec3ea4908bc542aaac2e4733e%7C0%7C0%7C638822020917531425%7CUnknown%7CTWFpbGZsb3d8eyJFbXB0eU1hcGkiOnRydWUsIlYiOiIwLjAuMDAwMCIsIlAiOiJXaW4zMiIsIkFOIjoiTWFpbCIsIldUIjoyfQ%3D%3D%7C0%7C%7C%7C&amp;sdata=PGDd3%2FOyRuHvQ%2B%2BZX1IF%2BVbPN%2BA4ga%2BXCXkBKqbdIe0%3D&amp;reserved=0\">https:\/\/forms.gle\/ouTCzTA6t9jwgaHeA<\/a><\/p>\n\n\n\n<p>&nbsp;2 &#8211; <img decoding=\"async\" width=\"17\" height=\"17\" src=\"blob:https:\/\/www.sport28.fr\/29327f86-27ed-490f-a248-508ec953cf15\" alt=\"\ud83d\udcb5 Billet En Dollars Emoji: Signification &amp; Utilisation\">Une caution de 20 euros par personne en ch\u00e8que vous sera demand\u00e9e afin de valider votre inscription et qui vous sera rendue le jour de votre participation \u00e0 envoyer par courrier au nom du CDOS 28 et \u00e0 l\u2019adresse 5 rue du petit R\u00e9au, 28830 L\u00e8ves.<\/p>\n\n\n\n<p>3- Un retour vous sera fait pour confirmer votre inscription.<\/p>\n\n\n\n<figure class=\"wp-block-image size-large\"><img fetchpriority=\"high\" decoding=\"async\" width=\"724\" height=\"1024\" src=\"https:\/\/www.sport28.fr\/wp-content\/uploads\/2025\/05\/forum-theatre-sport-sans-violence-724x1024.png\" alt=\"\" class=\"wp-image-4062\" srcset=\"https:\/\/www.sport28.fr\/wp-content\/uploads\/2025\/05\/forum-theatre-sport-sans-violence-724x1024.png 724w, https:\/\/www.sport28.fr\/wp-content\/uploads\/2025\/05\/forum-theatre-sport-sans-violence-212x300.png 212w, https:\/\/www.sport28.fr\/wp-content\/uploads\/2025\/05\/forum-theatre-sport-sans-violence-768x1086.png 768w, https:\/\/www.sport28.fr\/wp-content\/uploads\/2025\/05\/forum-theatre-sport-sans-violence-1086x1536.png 1086w, https:\/\/www.sport28.fr\/wp-content\/uploads\/2025\/05\/forum-theatre-sport-sans-violence-1448x2048.png 1448w, https:\/\/www.sport28.fr\/wp-content\/uploads\/2025\/05\/forum-theatre-sport-sans-violence.png 1587w\" sizes=\"(max-width: 724px) 100vw, 724px\" \/><\/figure>\n","protected":false},"excerpt":{"rendered":"<p>Dans le cadre de sa mission de sensibilisation, le CDOS 28 organise un forum th\u00e9\u00e2tre sur la th\u00e9matique \u00ab\u00a0Sport sans violence\u00a0\u00bb. \ud83d\udcc5&nbsp;Cette repr\u00e9sentation se tiendra le Mardi 3 juin 2025 [&hellip;]<\/p>\n","protected":false},"author":1,"featured_media":4062,"comment_status":"closed","ping_status":"open","sticky":false,"template":"","format":"standard","meta":{"footnotes":""},"categories":[29],"tags":[],"class_list":["post-4061","post","type-post","status-publish","format-standard","has-post-thumbnail","hentry","category-sport-education-et-citoyennete"],"yoast_head":"<!-- This site is optimized with the Yoast SEO plugin v27.5 - https:\/\/yoast.com\/product\/yoast-seo-wordpress\/ -->\n<title>Forum th\u00e9\u00e2tre &quot;Sport sans violence&quot; | 3 juin 2025 \u00e0 Chartres - CDOS 28<\/title>\n<meta name=\"robots\" content=\"index, follow, max-snippet:-1, max-image-preview:large, max-video-preview:-1\" \/>\n<link rel=\"canonical\" href=\"https:\/\/www.sport28.fr\/index.php\/2025\/05\/07\/forum-theatre-sport-sans-violence-3-juin-2025-a-chartres\/\" \/>\n<meta property=\"og:locale\" content=\"fr_FR\" \/>\n<meta property=\"og:type\" content=\"article\" \/>\n<meta property=\"og:title\" content=\"Forum th\u00e9\u00e2tre &quot;Sport sans violence&quot; | 3 juin 2025 \u00e0 Chartres - CDOS 28\" \/>\n<meta property=\"og:description\" content=\"Dans le cadre de sa mission de sensibilisation, le CDOS 28 organise un forum th\u00e9\u00e2tre sur la th\u00e9matique \u00ab\u00a0Sport sans violence\u00a0\u00bb. \ud83d\udcc5&nbsp;Cette repr\u00e9sentation se tiendra le Mardi 3 juin 2025 [&hellip;]\" \/>\n<meta property=\"og:url\" content=\"https:\/\/www.sport28.fr\/index.php\/2025\/05\/07\/forum-theatre-sport-sans-violence-3-juin-2025-a-chartres\/\" \/>\n<meta property=\"og:site_name\" content=\"CDOS 28\" \/>\n<meta property=\"article:publisher\" content=\"https:\/\/www.facebook.com\/CDOS28?locale=fr_FR\" \/>\n<meta property=\"article:published_time\" content=\"2025-05-07T08:11:58+00:00\" \/>\n<meta property=\"article:modified_time\" content=\"2025-05-07T08:11:59+00:00\" \/>\n<meta property=\"og:image\" content=\"https:\/\/www.sport28.fr\/wp-content\/uploads\/2025\/05\/forum-theatre-sport-sans-violence.png\" \/>\n\t<meta property=\"og:image:width\" content=\"1587\" \/>\n\t<meta property=\"og:image:height\" content=\"2245\" \/>\n\t<meta property=\"og:image:type\" content=\"image\/png\" \/>\n<meta name=\"author\" content=\"admin28\" \/>\n<meta name=\"twitter:card\" content=\"summary_large_image\" \/>\n<meta name=\"twitter:label1\" content=\"\u00c9crit par\" \/>\n\t<meta name=\"twitter:data1\" content=\"admin28\" \/>\n\t<meta name=\"twitter:label2\" content=\"Dur\u00e9e de lecture estim\u00e9e\" \/>\n\t<meta name=\"twitter:data2\" content=\"2 minutes\" \/>\n<script type=\"application\/ld+json\" class=\"yoast-schema-graph\">{\"@context\":\"https:\\\/\\\/schema.org\",\"@graph\":[{\"@type\":\"Article\",\"@id\":\"https:\\\/\\\/www.sport28.fr\\\/index.php\\\/2025\\\/05\\\/07\\\/forum-theatre-sport-sans-violence-3-juin-2025-a-chartres\\\/#article\",\"isPartOf\":{\"@id\":\"https:\\\/\\\/www.sport28.fr\\\/index.php\\\/2025\\\/05\\\/07\\\/forum-theatre-sport-sans-violence-3-juin-2025-a-chartres\\\/\"},\"author\":{\"name\":\"admin28\",\"@id\":\"https:\\\/\\\/www.sport28.fr\\\/#\\\/schema\\\/person\\\/d707dc6c4cc8f7ba6a4564f87a6818a8\"},\"headline\":\"Forum th\u00e9\u00e2tre \u00ab\u00a0Sport sans violence\u00a0\u00bb | 3 juin 2025 \u00e0 Chartres\",\"datePublished\":\"2025-05-07T08:11:58+00:00\",\"dateModified\":\"2025-05-07T08:11:59+00:00\",\"mainEntityOfPage\":{\"@id\":\"https:\\\/\\\/www.sport28.fr\\\/index.php\\\/2025\\\/05\\\/07\\\/forum-theatre-sport-sans-violence-3-juin-2025-a-chartres\\\/\"},\"wordCount\":211,\"publisher\":{\"@id\":\"https:\\\/\\\/www.sport28.fr\\\/#organization\"},\"image\":{\"@id\":\"https:\\\/\\\/www.sport28.fr\\\/index.php\\\/2025\\\/05\\\/07\\\/forum-theatre-sport-sans-violence-3-juin-2025-a-chartres\\\/#primaryimage\"},\"thumbnailUrl\":\"https:\\\/\\\/www.sport28.fr\\\/wp-content\\\/uploads\\\/2025\\\/05\\\/forum-theatre-sport-sans-violence.png\",\"articleSection\":[\"Sport, \u00e9ducation et citoyennet\u00e9\"],\"inLanguage\":\"fr-FR\"},{\"@type\":\"WebPage\",\"@id\":\"https:\\\/\\\/www.sport28.fr\\\/index.php\\\/2025\\\/05\\\/07\\\/forum-theatre-sport-sans-violence-3-juin-2025-a-chartres\\\/\",\"url\":\"https:\\\/\\\/www.sport28.fr\\\/index.php\\\/2025\\\/05\\\/07\\\/forum-theatre-sport-sans-violence-3-juin-2025-a-chartres\\\/\",\"name\":\"Forum th\u00e9\u00e2tre \\\"Sport sans violence\\\" | 3 juin 2025 \u00e0 Chartres - CDOS 28\",\"isPartOf\":{\"@id\":\"https:\\\/\\\/www.sport28.fr\\\/#website\"},\"primaryImageOfPage\":{\"@id\":\"https:\\\/\\\/www.sport28.fr\\\/index.php\\\/2025\\\/05\\\/07\\\/forum-theatre-sport-sans-violence-3-juin-2025-a-chartres\\\/#primaryimage\"},\"image\":{\"@id\":\"https:\\\/\\\/www.sport28.fr\\\/index.php\\\/2025\\\/05\\\/07\\\/forum-theatre-sport-sans-violence-3-juin-2025-a-chartres\\\/#primaryimage\"},\"thumbnailUrl\":\"https:\\\/\\\/www.sport28.fr\\\/wp-content\\\/uploads\\\/2025\\\/05\\\/forum-theatre-sport-sans-violence.png\",\"datePublished\":\"2025-05-07T08:11:58+00:00\",\"dateModified\":\"2025-05-07T08:11:59+00:00\",\"breadcrumb\":{\"@id\":\"https:\\\/\\\/www.sport28.fr\\\/index.php\\\/2025\\\/05\\\/07\\\/forum-theatre-sport-sans-violence-3-juin-2025-a-chartres\\\/#breadcrumb\"},\"inLanguage\":\"fr-FR\",\"potentialAction\":[{\"@type\":\"ReadAction\",\"target\":[\"https:\\\/\\\/www.sport28.fr\\\/index.php\\\/2025\\\/05\\\/07\\\/forum-theatre-sport-sans-violence-3-juin-2025-a-chartres\\\/\"]}]},{\"@type\":\"ImageObject\",\"inLanguage\":\"fr-FR\",\"@id\":\"https:\\\/\\\/www.sport28.fr\\\/index.php\\\/2025\\\/05\\\/07\\\/forum-theatre-sport-sans-violence-3-juin-2025-a-chartres\\\/#primaryimage\",\"url\":\"https:\\\/\\\/www.sport28.fr\\\/wp-content\\\/uploads\\\/2025\\\/05\\\/forum-theatre-sport-sans-violence.png\",\"contentUrl\":\"https:\\\/\\\/www.sport28.fr\\\/wp-content\\\/uploads\\\/2025\\\/05\\\/forum-theatre-sport-sans-violence.png\",\"width\":1587,\"height\":2245},{\"@type\":\"BreadcrumbList\",\"@id\":\"https:\\\/\\\/www.sport28.fr\\\/index.php\\\/2025\\\/05\\\/07\\\/forum-theatre-sport-sans-violence-3-juin-2025-a-chartres\\\/#breadcrumb\",\"itemListElement\":[{\"@type\":\"ListItem\",\"position\":1,\"name\":\"Accueil\",\"item\":\"https:\\\/\\\/www.sport28.fr\\\/\"},{\"@type\":\"ListItem\",\"position\":2,\"name\":\"Forum th\u00e9\u00e2tre \u00ab\u00a0Sport sans violence\u00a0\u00bb | 3 juin 2025 \u00e0 Chartres\"}]},{\"@type\":\"WebSite\",\"@id\":\"https:\\\/\\\/www.sport28.fr\\\/#website\",\"url\":\"https:\\\/\\\/www.sport28.fr\\\/\",\"name\":\"CDOS 28\",\"description\":\"Comit\u00e9 D\u00e9partementale Olympique et Sportif d&#039;Eure et Loir\",\"publisher\":{\"@id\":\"https:\\\/\\\/www.sport28.fr\\\/#organization\"},\"potentialAction\":[{\"@type\":\"SearchAction\",\"target\":{\"@type\":\"EntryPoint\",\"urlTemplate\":\"https:\\\/\\\/www.sport28.fr\\\/?s={search_term_string}\"},\"query-input\":{\"@type\":\"PropertyValueSpecification\",\"valueRequired\":true,\"valueName\":\"search_term_string\"}}],\"inLanguage\":\"fr-FR\"},{\"@type\":\"Organization\",\"@id\":\"https:\\\/\\\/www.sport28.fr\\\/#organization\",\"name\":\"Comit\u00e9 d\u00e9partemental olympique et sportif d'eure-et-loir\",\"alternateName\":\"cdos 28\",\"url\":\"https:\\\/\\\/www.sport28.fr\\\/\",\"logo\":{\"@type\":\"ImageObject\",\"inLanguage\":\"fr-FR\",\"@id\":\"https:\\\/\\\/www.sport28.fr\\\/#\\\/schema\\\/logo\\\/image\\\/\",\"url\":\"https:\\\/\\\/www.sport28.fr\\\/wp-content\\\/uploads\\\/2023\\\/10\\\/cdos_eure_et_loir_logo.jpg\",\"contentUrl\":\"https:\\\/\\\/www.sport28.fr\\\/wp-content\\\/uploads\\\/2023\\\/10\\\/cdos_eure_et_loir_logo.jpg\",\"width\":1000,\"height\":1000,\"caption\":\"Comit\u00e9 d\u00e9partemental olympique et sportif d'eure-et-loir\"},\"image\":{\"@id\":\"https:\\\/\\\/www.sport28.fr\\\/#\\\/schema\\\/logo\\\/image\\\/\"},\"sameAs\":[\"https:\\\/\\\/www.facebook.com\\\/CDOS28?locale=fr_FR\"]},{\"@type\":\"Person\",\"@id\":\"https:\\\/\\\/www.sport28.fr\\\/#\\\/schema\\\/person\\\/d707dc6c4cc8f7ba6a4564f87a6818a8\",\"name\":\"admin28\",\"image\":{\"@type\":\"ImageObject\",\"inLanguage\":\"fr-FR\",\"@id\":\"https:\\\/\\\/secure.gravatar.com\\\/avatar\\\/ec586f5fe487447efd44e48a32fef6a1c590e9d744f9d2c3d84ed071f1581364?s=96&d=mm&r=g\",\"url\":\"https:\\\/\\\/secure.gravatar.com\\\/avatar\\\/ec586f5fe487447efd44e48a32fef6a1c590e9d744f9d2c3d84ed071f1581364?s=96&d=mm&r=g\",\"contentUrl\":\"https:\\\/\\\/secure.gravatar.com\\\/avatar\\\/ec586f5fe487447efd44e48a32fef6a1c590e9d744f9d2c3d84ed071f1581364?s=96&d=mm&r=g\",\"caption\":\"admin28\"},\"sameAs\":[\"http:\\\/\\\/www.dev.sport28.fr\"],\"url\":\"https:\\\/\\\/www.sport28.fr\\\/index.php\\\/author\\\/admin28\\\/\"}]}<\/script>\n<!-- \/ Yoast SEO plugin. -->","yoast_head_json":{"title":"Forum th\u00e9\u00e2tre \"Sport sans violence\" | 3 juin 2025 \u00e0 Chartres - CDOS 28","robots":{"index":"index","follow":"follow","max-snippet":"max-snippet:-1","max-image-preview":"max-image-preview:large","max-video-preview":"max-video-preview:-1"},"canonical":"https:\/\/www.sport28.fr\/index.php\/2025\/05\/07\/forum-theatre-sport-sans-violence-3-juin-2025-a-chartres\/","og_locale":"fr_FR","og_type":"article","og_title":"Forum th\u00e9\u00e2tre \"Sport sans violence\" | 3 juin 2025 \u00e0 Chartres - CDOS 28","og_description":"Dans le cadre de sa mission de sensibilisation, le CDOS 28 organise un forum th\u00e9\u00e2tre sur la th\u00e9matique \u00ab\u00a0Sport sans violence\u00a0\u00bb. \ud83d\udcc5&nbsp;Cette repr\u00e9sentation se tiendra le Mardi 3 juin 2025 [&hellip;]","og_url":"https:\/\/www.sport28.fr\/index.php\/2025\/05\/07\/forum-theatre-sport-sans-violence-3-juin-2025-a-chartres\/","og_site_name":"CDOS 28","article_publisher":"https:\/\/www.facebook.com\/CDOS28?locale=fr_FR","article_published_time":"2025-05-07T08:11:58+00:00","article_modified_time":"2025-05-07T08:11:59+00:00","og_image":[{"width":1587,"height":2245,"url":"https:\/\/www.sport28.fr\/wp-content\/uploads\/2025\/05\/forum-theatre-sport-sans-violence.png","type":"image\/png"}],"author":"admin28","twitter_card":"summary_large_image","twitter_misc":{"\u00c9crit par":"admin28","Dur\u00e9e de lecture estim\u00e9e":"2 minutes"},"schema":{"@context":"https:\/\/schema.org","@graph":[{"@type":"Article","@id":"https:\/\/www.sport28.fr\/index.php\/2025\/05\/07\/forum-theatre-sport-sans-violence-3-juin-2025-a-chartres\/#article","isPartOf":{"@id":"https:\/\/www.sport28.fr\/index.php\/2025\/05\/07\/forum-theatre-sport-sans-violence-3-juin-2025-a-chartres\/"},"author":{"name":"admin28","@id":"https:\/\/www.sport28.fr\/#\/schema\/person\/d707dc6c4cc8f7ba6a4564f87a6818a8"},"headline":"Forum th\u00e9\u00e2tre \u00ab\u00a0Sport sans violence\u00a0\u00bb | 3 juin 2025 \u00e0 Chartres","datePublished":"2025-05-07T08:11:58+00:00","dateModified":"2025-05-07T08:11:59+00:00","mainEntityOfPage":{"@id":"https:\/\/www.sport28.fr\/index.php\/2025\/05\/07\/forum-theatre-sport-sans-violence-3-juin-2025-a-chartres\/"},"wordCount":211,"publisher":{"@id":"https:\/\/www.sport28.fr\/#organization"},"image":{"@id":"https:\/\/www.sport28.fr\/index.php\/2025\/05\/07\/forum-theatre-sport-sans-violence-3-juin-2025-a-chartres\/#primaryimage"},"thumbnailUrl":"https:\/\/www.sport28.fr\/wp-content\/uploads\/2025\/05\/forum-theatre-sport-sans-violence.png","articleSection":["Sport, \u00e9ducation et citoyennet\u00e9"],"inLanguage":"fr-FR"},{"@type":"WebPage","@id":"https:\/\/www.sport28.fr\/index.php\/2025\/05\/07\/forum-theatre-sport-sans-violence-3-juin-2025-a-chartres\/","url":"https:\/\/www.sport28.fr\/index.php\/2025\/05\/07\/forum-theatre-sport-sans-violence-3-juin-2025-a-chartres\/","name":"Forum th\u00e9\u00e2tre \"Sport sans violence\" | 3 juin 2025 \u00e0 Chartres - CDOS 28","isPartOf":{"@id":"https:\/\/www.sport28.fr\/#website"},"primaryImageOfPage":{"@id":"https:\/\/www.sport28.fr\/index.php\/2025\/05\/07\/forum-theatre-sport-sans-violence-3-juin-2025-a-chartres\/#primaryimage"},"image":{"@id":"https:\/\/www.sport28.fr\/index.php\/2025\/05\/07\/forum-theatre-sport-sans-violence-3-juin-2025-a-chartres\/#primaryimage"},"thumbnailUrl":"https:\/\/www.sport28.fr\/wp-content\/uploads\/2025\/05\/forum-theatre-sport-sans-violence.png","datePublished":"2025-05-07T08:11:58+00:00","dateModified":"2025-05-07T08:11:59+00:00","breadcrumb":{"@id":"https:\/\/www.sport28.fr\/index.php\/2025\/05\/07\/forum-theatre-sport-sans-violence-3-juin-2025-a-chartres\/#breadcrumb"},"inLanguage":"fr-FR","potentialAction":[{"@type":"ReadAction","target":["https:\/\/www.sport28.fr\/index.php\/2025\/05\/07\/forum-theatre-sport-sans-violence-3-juin-2025-a-chartres\/"]}]},{"@type":"ImageObject","inLanguage":"fr-FR","@id":"https:\/\/www.sport28.fr\/index.php\/2025\/05\/07\/forum-theatre-sport-sans-violence-3-juin-2025-a-chartres\/#primaryimage","url":"https:\/\/www.sport28.fr\/wp-content\/uploads\/2025\/05\/forum-theatre-sport-sans-violence.png","contentUrl":"https:\/\/www.sport28.fr\/wp-content\/uploads\/2025\/05\/forum-theatre-sport-sans-violence.png","width":1587,"height":2245},{"@type":"BreadcrumbList","@id":"https:\/\/www.sport28.fr\/index.php\/2025\/05\/07\/forum-theatre-sport-sans-violence-3-juin-2025-a-chartres\/#breadcrumb","itemListElement":[{"@type":"ListItem","position":1,"name":"Accueil","item":"https:\/\/www.sport28.fr\/"},{"@type":"ListItem","position":2,"name":"Forum th\u00e9\u00e2tre \u00ab\u00a0Sport sans violence\u00a0\u00bb | 3 juin 2025 \u00e0 Chartres"}]},{"@type":"WebSite","@id":"https:\/\/www.sport28.fr\/#website","url":"https:\/\/www.sport28.fr\/","name":"CDOS 28","description":"Comit\u00e9 D\u00e9partementale Olympique et Sportif d&#039;Eure et Loir","publisher":{"@id":"https:\/\/www.sport28.fr\/#organization"},"potentialAction":[{"@type":"SearchAction","target":{"@type":"EntryPoint","urlTemplate":"https:\/\/www.sport28.fr\/?s={search_term_string}"},"query-input":{"@type":"PropertyValueSpecification","valueRequired":true,"valueName":"search_term_string"}}],"inLanguage":"fr-FR"},{"@type":"Organization","@id":"https:\/\/www.sport28.fr\/#organization","name":"Comit\u00e9 d\u00e9partemental olympique et sportif d'eure-et-loir","alternateName":"cdos 28","url":"https:\/\/www.sport28.fr\/","logo":{"@type":"ImageObject","inLanguage":"fr-FR","@id":"https:\/\/www.sport28.fr\/#\/schema\/logo\/image\/","url":"https:\/\/www.sport28.fr\/wp-content\/uploads\/2023\/10\/cdos_eure_et_loir_logo.jpg","contentUrl":"https:\/\/www.sport28.fr\/wp-content\/uploads\/2023\/10\/cdos_eure_et_loir_logo.jpg","width":1000,"height":1000,"caption":"Comit\u00e9 d\u00e9partemental olympique et sportif d'eure-et-loir"},"image":{"@id":"https:\/\/www.sport28.fr\/#\/schema\/logo\/image\/"},"sameAs":["https:\/\/www.facebook.com\/CDOS28?locale=fr_FR"]},{"@type":"Person","@id":"https:\/\/www.sport28.fr\/#\/schema\/person\/d707dc6c4cc8f7ba6a4564f87a6818a8","name":"admin28","image":{"@type":"ImageObject","inLanguage":"fr-FR","@id":"https:\/\/secure.gravatar.com\/avatar\/ec586f5fe487447efd44e48a32fef6a1c590e9d744f9d2c3d84ed071f1581364?s=96&d=mm&r=g","url":"https:\/\/secure.gravatar.com\/avatar\/ec586f5fe487447efd44e48a32fef6a1c590e9d744f9d2c3d84ed071f1581364?s=96&d=mm&r=g","contentUrl":"https:\/\/secure.gravatar.com\/avatar\/ec586f5fe487447efd44e48a32fef6a1c590e9d744f9d2c3d84ed071f1581364?s=96&d=mm&r=g","caption":"admin28"},"sameAs":["http:\/\/www.dev.sport28.fr"],"url":"https:\/\/www.sport28.fr\/index.php\/author\/admin28\/"}]}},"_links":{"self":[{"href":"https:\/\/www.sport28.fr\/index.php\/wp-json\/wp\/v2\/posts\/4061","targetHints":{"allow":["GET"]}}],"collection":[{"href":"https:\/\/www.sport28.fr\/index.php\/wp-json\/wp\/v2\/posts"}],"about":[{"href":"https:\/\/www.sport28.fr\/index.php\/wp-json\/wp\/v2\/types\/post"}],"author":[{"embeddable":true,"href":"https:\/\/www.sport28.fr\/index.php\/wp-json\/wp\/v2\/users\/1"}],"replies":[{"embeddable":true,"href":"https:\/\/www.sport28.fr\/index.php\/wp-json\/wp\/v2\/comments?post=4061"}],"version-history":[{"count":1,"href":"https:\/\/www.sport28.fr\/index.php\/wp-json\/wp\/v2\/posts\/4061\/revisions"}],"predecessor-version":[{"id":4063,"href":"https:\/\/www.sport28.fr\/index.php\/wp-json\/wp\/v2\/posts\/4061\/revisions\/4063"}],"wp:featuredmedia":[{"embeddable":true,"href":"https:\/\/www.sport28.fr\/index.php\/wp-json\/wp\/v2\/media\/4062"}],"wp:attachment":[{"href":"https:\/\/www.sport28.fr\/index.php\/wp-json\/wp\/v2\/media?parent=4061"}],"wp:term":[{"taxonomy":"category","embeddable":true,"href":"https:\/\/www.sport28.fr\/index.php\/wp-json\/wp\/v2\/categories?post=4061"},{"taxonomy":"post_tag","embeddable":true,"href":"https:\/\/www.sport28.fr\/index.php\/wp-json\/wp\/v2\/tags?post=4061"}],"curies":[{"name":"wp","href":"https:\/\/api.w.org\/{rel}","templated":true}]}}