{"id":3839,"date":"2025-04-07T09:34:40","date_gmt":"2025-04-07T07:34:40","guid":{"rendered":"https:\/\/www.sport28.fr\/?p=3839"},"modified":"2025-04-07T09:34:47","modified_gmt":"2025-04-07T07:34:47","slug":"le-departement-soutient-lacces-aux-activites-sportives-pour-les-eureliens-de-moins-de-18-ans","status":"publish","type":"post","link":"https:\/\/www.sport28.fr\/index.php\/2025\/04\/07\/le-departement-soutient-lacces-aux-activites-sportives-pour-les-eureliens-de-moins-de-18-ans\/","title":{"rendered":"LE DEPARTEMENT SOUTIENT L&rsquo;ACCES AUX ACTIVITES SPORTIVES POUR LES EURELIENS DE MOINS DE 18 ANS !"},"content":{"rendered":"\n<p>Le sport chez les jeunes est un enjeu fondamental pour le D\u00e9partement. C&rsquo;est pourquoi les \u00e9lus du Conseil d\u00e9partemental ont reconduit l&rsquo;<strong>aide financi\u00e8re d\u00e9partementale accord\u00e9e aux clubs ou associations sportives, en fonction du nombre de licenci\u00e9s de moins de 18 ans<\/strong>.<\/p>\n\n\n\n<p>La plateforme de demande de subventions est ouverte du <strong>1er au 30 avril 2025<\/strong>, \u00e0 l&rsquo;adresse suivante : <a href=\"https:\/\/eur02.safelinks.protection.outlook.com\/?url=https%3A%2F%2Fsubventions.eurelien.fr%2Faccount-management%2Fcd28-demandeurs%2Fux%2F%23%2Flogin%3FredirectTo%3Dhttps%3A%252F%252Fsubventions.eurelien.fr%252Faides%252F%2523%252Fcd28%252Fconnecte%252Ftiers-selection%26jwtKey%3Djwt-cd28-portail-depot-demande-aides%26footer%3Dhttps%3A%252F%252Fsubventions.eurelien.fr%252Faides%252F%2523%252Fcd28%252Fmentions-legales%2CMentions%2520l%25C3%25A9gales%2C_self%3Bhttps%3A%252F%252Fsubventions.eurelien.fr%252Faides%252F%2523%252Fcd28%252Fcontact-page%2CNous%2520contacter%2C_self&amp;data=05%7C02%7Ceureetloir%40franceolympique.com%7C386c104c9f02423f31de08dd7417de96%7Cfa5ef80ec3ea4908bc542aaac2e4733e%7C0%7C0%7C638794368062016824%7CUnknown%7CTWFpbGZsb3d8eyJFbXB0eU1hcGkiOnRydWUsIlYiOiIwLjAuMDAwMCIsIlAiOiJXaW4zMiIsIkFOIjoiTWFpbCIsIldUIjoyfQ%3D%3D%7C0%7C%7C%7C&amp;sdata=DZCuz4foxoFy9e9KCys%2FhviseilSILtlWdt7QIB8Ppc%3D&amp;reserved=0\" target=\"_blank\" rel=\"noreferrer noopener\">https:\/\/subventions.eurelien.fr<\/a>&nbsp;<\/p>\n\n\n\n<p>En compl\u00e9ment de ce communiqu\u00e9, nous tenions \u00e9galement \u00e0 vous informer du lancement de la <strong>campagne territoriale annuelle<\/strong> de l&rsquo;Agence Nationale du Sport <strong>du 28 mars au 12 mai 2025<\/strong>. Vous trouverez toutes les informations utiles via le lien suivant : <a href=\"https:\/\/eur02.safelinks.protection.outlook.com\/?url=https%3A%2F%2Fvia28-asso.fr%2Fagence-nationale-du-sport-ans-2025%2F&amp;data=05%7C02%7Ceureetloir%40franceolympique.com%7C386c104c9f02423f31de08dd7417de96%7Cfa5ef80ec3ea4908bc542aaac2e4733e%7C0%7C0%7C638794368062040744%7CUnknown%7CTWFpbGZsb3d8eyJFbXB0eU1hcGkiOnRydWUsIlYiOiIwLjAuMDAwMCIsIlAiOiJXaW4zMiIsIkFOIjoiTWFpbCIsIldUIjoyfQ%3D%3D%7C0%7C%7C%7C&amp;sdata=Ln2SZIh9a1LN66hLoHrm3PB5ZgOmnSPpiFORaSgWxd8%3D&amp;reserved=0\" target=\"_blank\" rel=\"noreferrer noopener\">ANS 2025<\/a><\/p>\n\n\n\n<p><\/p>\n","protected":false},"excerpt":{"rendered":"<p>Le sport chez les jeunes est un enjeu fondamental pour le D\u00e9partement. C&rsquo;est pourquoi les \u00e9lus du Conseil d\u00e9partemental ont reconduit l&rsquo;aide financi\u00e8re d\u00e9partementale accord\u00e9e aux clubs ou associations sportives, [&hellip;]<\/p>\n","protected":false},"author":1,"featured_media":3840,"comment_status":"closed","ping_status":"open","sticky":false,"template":"","format":"standard","meta":{"footnotes":""},"categories":[29,31],"tags":[],"class_list":["post-3839","post","type-post","status-publish","format-standard","has-post-thumbnail","hentry","category-sport-education-et-citoyennete","category-sport-politiques-publiques"],"yoast_head":"<!-- This site is optimized with the Yoast SEO plugin v27.5 - https:\/\/yoast.com\/product\/yoast-seo-wordpress\/ -->\n<title>LE DEPARTEMENT SOUTIENT L&#039;ACCES AUX ACTIVITES SPORTIVES POUR LES EURELIENS DE MOINS DE 18 ANS ! - CDOS 28<\/title>\n<meta name=\"robots\" content=\"index, follow, max-snippet:-1, max-image-preview:large, max-video-preview:-1\" \/>\n<link rel=\"canonical\" href=\"https:\/\/www.sport28.fr\/index.php\/2025\/04\/07\/le-departement-soutient-lacces-aux-activites-sportives-pour-les-eureliens-de-moins-de-18-ans\/\" \/>\n<meta property=\"og:locale\" content=\"fr_FR\" \/>\n<meta property=\"og:type\" content=\"article\" \/>\n<meta property=\"og:title\" content=\"LE DEPARTEMENT SOUTIENT L&#039;ACCES AUX ACTIVITES SPORTIVES POUR LES EURELIENS DE MOINS DE 18 ANS ! - CDOS 28\" \/>\n<meta property=\"og:description\" content=\"Le sport chez les jeunes est un enjeu fondamental pour le D\u00e9partement. C&rsquo;est pourquoi les \u00e9lus du Conseil d\u00e9partemental ont reconduit l&rsquo;aide financi\u00e8re d\u00e9partementale accord\u00e9e aux clubs ou associations sportives, [&hellip;]\" \/>\n<meta property=\"og:url\" content=\"https:\/\/www.sport28.fr\/index.php\/2025\/04\/07\/le-departement-soutient-lacces-aux-activites-sportives-pour-les-eureliens-de-moins-de-18-ans\/\" \/>\n<meta property=\"og:site_name\" content=\"CDOS 28\" \/>\n<meta property=\"article:publisher\" content=\"https:\/\/www.facebook.com\/CDOS28?locale=fr_FR\" \/>\n<meta property=\"article:published_time\" content=\"2025-04-07T07:34:40+00:00\" \/>\n<meta property=\"article:modified_time\" content=\"2025-04-07T07:34:47+00:00\" \/>\n<meta property=\"og:image\" content=\"https:\/\/www.sport28.fr\/wp-content\/uploads\/2025\/04\/1920x1080-proposition-3-b.jpg\" \/>\n\t<meta property=\"og:image:width\" content=\"638\" \/>\n\t<meta property=\"og:image:height\" content=\"426\" \/>\n\t<meta property=\"og:image:type\" content=\"image\/jpeg\" \/>\n<meta name=\"author\" content=\"admin28\" \/>\n<meta name=\"twitter:card\" content=\"summary_large_image\" \/>\n<meta name=\"twitter:label1\" content=\"\u00c9crit par\" \/>\n\t<meta name=\"twitter:data1\" content=\"admin28\" \/>\n\t<meta name=\"twitter:label2\" content=\"Dur\u00e9e de lecture estim\u00e9e\" \/>\n\t<meta name=\"twitter:data2\" content=\"1 minute\" \/>\n<script type=\"application\/ld+json\" class=\"yoast-schema-graph\">{\"@context\":\"https:\\\/\\\/schema.org\",\"@graph\":[{\"@type\":\"Article\",\"@id\":\"https:\\\/\\\/www.sport28.fr\\\/index.php\\\/2025\\\/04\\\/07\\\/le-departement-soutient-lacces-aux-activites-sportives-pour-les-eureliens-de-moins-de-18-ans\\\/#article\",\"isPartOf\":{\"@id\":\"https:\\\/\\\/www.sport28.fr\\\/index.php\\\/2025\\\/04\\\/07\\\/le-departement-soutient-lacces-aux-activites-sportives-pour-les-eureliens-de-moins-de-18-ans\\\/\"},\"author\":{\"name\":\"admin28\",\"@id\":\"https:\\\/\\\/www.sport28.fr\\\/#\\\/schema\\\/person\\\/d707dc6c4cc8f7ba6a4564f87a6818a8\"},\"headline\":\"LE DEPARTEMENT SOUTIENT L&rsquo;ACCES AUX ACTIVITES SPORTIVES POUR LES EURELIENS DE MOINS DE 18 ANS !\",\"datePublished\":\"2025-04-07T07:34:40+00:00\",\"dateModified\":\"2025-04-07T07:34:47+00:00\",\"mainEntityOfPage\":{\"@id\":\"https:\\\/\\\/www.sport28.fr\\\/index.php\\\/2025\\\/04\\\/07\\\/le-departement-soutient-lacces-aux-activites-sportives-pour-les-eureliens-de-moins-de-18-ans\\\/\"},\"wordCount\":117,\"publisher\":{\"@id\":\"https:\\\/\\\/www.sport28.fr\\\/#organization\"},\"image\":{\"@id\":\"https:\\\/\\\/www.sport28.fr\\\/index.php\\\/2025\\\/04\\\/07\\\/le-departement-soutient-lacces-aux-activites-sportives-pour-les-eureliens-de-moins-de-18-ans\\\/#primaryimage\"},\"thumbnailUrl\":\"https:\\\/\\\/www.sport28.fr\\\/wp-content\\\/uploads\\\/2025\\\/04\\\/1920x1080-proposition-3-b.jpg\",\"articleSection\":[\"Sport, \u00e9ducation et citoyennet\u00e9\",\"Sport, politiques publiques\"],\"inLanguage\":\"fr-FR\"},{\"@type\":\"WebPage\",\"@id\":\"https:\\\/\\\/www.sport28.fr\\\/index.php\\\/2025\\\/04\\\/07\\\/le-departement-soutient-lacces-aux-activites-sportives-pour-les-eureliens-de-moins-de-18-ans\\\/\",\"url\":\"https:\\\/\\\/www.sport28.fr\\\/index.php\\\/2025\\\/04\\\/07\\\/le-departement-soutient-lacces-aux-activites-sportives-pour-les-eureliens-de-moins-de-18-ans\\\/\",\"name\":\"LE DEPARTEMENT SOUTIENT L'ACCES AUX ACTIVITES SPORTIVES POUR LES EURELIENS DE MOINS DE 18 ANS ! - CDOS 28\",\"isPartOf\":{\"@id\":\"https:\\\/\\\/www.sport28.fr\\\/#website\"},\"primaryImageOfPage\":{\"@id\":\"https:\\\/\\\/www.sport28.fr\\\/index.php\\\/2025\\\/04\\\/07\\\/le-departement-soutient-lacces-aux-activites-sportives-pour-les-eureliens-de-moins-de-18-ans\\\/#primaryimage\"},\"image\":{\"@id\":\"https:\\\/\\\/www.sport28.fr\\\/index.php\\\/2025\\\/04\\\/07\\\/le-departement-soutient-lacces-aux-activites-sportives-pour-les-eureliens-de-moins-de-18-ans\\\/#primaryimage\"},\"thumbnailUrl\":\"https:\\\/\\\/www.sport28.fr\\\/wp-content\\\/uploads\\\/2025\\\/04\\\/1920x1080-proposition-3-b.jpg\",\"datePublished\":\"2025-04-07T07:34:40+00:00\",\"dateModified\":\"2025-04-07T07:34:47+00:00\",\"breadcrumb\":{\"@id\":\"https:\\\/\\\/www.sport28.fr\\\/index.php\\\/2025\\\/04\\\/07\\\/le-departement-soutient-lacces-aux-activites-sportives-pour-les-eureliens-de-moins-de-18-ans\\\/#breadcrumb\"},\"inLanguage\":\"fr-FR\",\"potentialAction\":[{\"@type\":\"ReadAction\",\"target\":[\"https:\\\/\\\/www.sport28.fr\\\/index.php\\\/2025\\\/04\\\/07\\\/le-departement-soutient-lacces-aux-activites-sportives-pour-les-eureliens-de-moins-de-18-ans\\\/\"]}]},{\"@type\":\"ImageObject\",\"inLanguage\":\"fr-FR\",\"@id\":\"https:\\\/\\\/www.sport28.fr\\\/index.php\\\/2025\\\/04\\\/07\\\/le-departement-soutient-lacces-aux-activites-sportives-pour-les-eureliens-de-moins-de-18-ans\\\/#primaryimage\",\"url\":\"https:\\\/\\\/www.sport28.fr\\\/wp-content\\\/uploads\\\/2025\\\/04\\\/1920x1080-proposition-3-b.jpg\",\"contentUrl\":\"https:\\\/\\\/www.sport28.fr\\\/wp-content\\\/uploads\\\/2025\\\/04\\\/1920x1080-proposition-3-b.jpg\",\"width\":638,\"height\":426},{\"@type\":\"BreadcrumbList\",\"@id\":\"https:\\\/\\\/www.sport28.fr\\\/index.php\\\/2025\\\/04\\\/07\\\/le-departement-soutient-lacces-aux-activites-sportives-pour-les-eureliens-de-moins-de-18-ans\\\/#breadcrumb\",\"itemListElement\":[{\"@type\":\"ListItem\",\"position\":1,\"name\":\"Accueil\",\"item\":\"https:\\\/\\\/www.sport28.fr\\\/\"},{\"@type\":\"ListItem\",\"position\":2,\"name\":\"LE DEPARTEMENT SOUTIENT L&rsquo;ACCES AUX ACTIVITES SPORTIVES POUR LES EURELIENS DE MOINS DE 18 ANS !\"}]},{\"@type\":\"WebSite\",\"@id\":\"https:\\\/\\\/www.sport28.fr\\\/#website\",\"url\":\"https:\\\/\\\/www.sport28.fr\\\/\",\"name\":\"CDOS 28\",\"description\":\"Comit\u00e9 D\u00e9partementale Olympique et Sportif d&#039;Eure et Loir\",\"publisher\":{\"@id\":\"https:\\\/\\\/www.sport28.fr\\\/#organization\"},\"potentialAction\":[{\"@type\":\"SearchAction\",\"target\":{\"@type\":\"EntryPoint\",\"urlTemplate\":\"https:\\\/\\\/www.sport28.fr\\\/?s={search_term_string}\"},\"query-input\":{\"@type\":\"PropertyValueSpecification\",\"valueRequired\":true,\"valueName\":\"search_term_string\"}}],\"inLanguage\":\"fr-FR\"},{\"@type\":\"Organization\",\"@id\":\"https:\\\/\\\/www.sport28.fr\\\/#organization\",\"name\":\"Comit\u00e9 d\u00e9partemental olympique et sportif d'eure-et-loir\",\"alternateName\":\"cdos 28\",\"url\":\"https:\\\/\\\/www.sport28.fr\\\/\",\"logo\":{\"@type\":\"ImageObject\",\"inLanguage\":\"fr-FR\",\"@id\":\"https:\\\/\\\/www.sport28.fr\\\/#\\\/schema\\\/logo\\\/image\\\/\",\"url\":\"https:\\\/\\\/www.sport28.fr\\\/wp-content\\\/uploads\\\/2023\\\/10\\\/cdos_eure_et_loir_logo.jpg\",\"contentUrl\":\"https:\\\/\\\/www.sport28.fr\\\/wp-content\\\/uploads\\\/2023\\\/10\\\/cdos_eure_et_loir_logo.jpg\",\"width\":1000,\"height\":1000,\"caption\":\"Comit\u00e9 d\u00e9partemental olympique et sportif d'eure-et-loir\"},\"image\":{\"@id\":\"https:\\\/\\\/www.sport28.fr\\\/#\\\/schema\\\/logo\\\/image\\\/\"},\"sameAs\":[\"https:\\\/\\\/www.facebook.com\\\/CDOS28?locale=fr_FR\"]},{\"@type\":\"Person\",\"@id\":\"https:\\\/\\\/www.sport28.fr\\\/#\\\/schema\\\/person\\\/d707dc6c4cc8f7ba6a4564f87a6818a8\",\"name\":\"admin28\",\"image\":{\"@type\":\"ImageObject\",\"inLanguage\":\"fr-FR\",\"@id\":\"https:\\\/\\\/secure.gravatar.com\\\/avatar\\\/ec586f5fe487447efd44e48a32fef6a1c590e9d744f9d2c3d84ed071f1581364?s=96&d=mm&r=g\",\"url\":\"https:\\\/\\\/secure.gravatar.com\\\/avatar\\\/ec586f5fe487447efd44e48a32fef6a1c590e9d744f9d2c3d84ed071f1581364?s=96&d=mm&r=g\",\"contentUrl\":\"https:\\\/\\\/secure.gravatar.com\\\/avatar\\\/ec586f5fe487447efd44e48a32fef6a1c590e9d744f9d2c3d84ed071f1581364?s=96&d=mm&r=g\",\"caption\":\"admin28\"},\"sameAs\":[\"http:\\\/\\\/www.dev.sport28.fr\"],\"url\":\"https:\\\/\\\/www.sport28.fr\\\/index.php\\\/author\\\/admin28\\\/\"}]}<\/script>\n<!-- \/ Yoast SEO plugin. -->","yoast_head_json":{"title":"LE DEPARTEMENT SOUTIENT L'ACCES AUX ACTIVITES SPORTIVES POUR LES EURELIENS DE MOINS DE 18 ANS ! - CDOS 28","robots":{"index":"index","follow":"follow","max-snippet":"max-snippet:-1","max-image-preview":"max-image-preview:large","max-video-preview":"max-video-preview:-1"},"canonical":"https:\/\/www.sport28.fr\/index.php\/2025\/04\/07\/le-departement-soutient-lacces-aux-activites-sportives-pour-les-eureliens-de-moins-de-18-ans\/","og_locale":"fr_FR","og_type":"article","og_title":"LE DEPARTEMENT SOUTIENT L'ACCES AUX ACTIVITES SPORTIVES POUR LES EURELIENS DE MOINS DE 18 ANS ! - CDOS 28","og_description":"Le sport chez les jeunes est un enjeu fondamental pour le D\u00e9partement. C&rsquo;est pourquoi les \u00e9lus du Conseil d\u00e9partemental ont reconduit l&rsquo;aide financi\u00e8re d\u00e9partementale accord\u00e9e aux clubs ou associations sportives, [&hellip;]","og_url":"https:\/\/www.sport28.fr\/index.php\/2025\/04\/07\/le-departement-soutient-lacces-aux-activites-sportives-pour-les-eureliens-de-moins-de-18-ans\/","og_site_name":"CDOS 28","article_publisher":"https:\/\/www.facebook.com\/CDOS28?locale=fr_FR","article_published_time":"2025-04-07T07:34:40+00:00","article_modified_time":"2025-04-07T07:34:47+00:00","og_image":[{"width":638,"height":426,"url":"https:\/\/www.sport28.fr\/wp-content\/uploads\/2025\/04\/1920x1080-proposition-3-b.jpg","type":"image\/jpeg"}],"author":"admin28","twitter_card":"summary_large_image","twitter_misc":{"\u00c9crit par":"admin28","Dur\u00e9e de lecture estim\u00e9e":"1 minute"},"schema":{"@context":"https:\/\/schema.org","@graph":[{"@type":"Article","@id":"https:\/\/www.sport28.fr\/index.php\/2025\/04\/07\/le-departement-soutient-lacces-aux-activites-sportives-pour-les-eureliens-de-moins-de-18-ans\/#article","isPartOf":{"@id":"https:\/\/www.sport28.fr\/index.php\/2025\/04\/07\/le-departement-soutient-lacces-aux-activites-sportives-pour-les-eureliens-de-moins-de-18-ans\/"},"author":{"name":"admin28","@id":"https:\/\/www.sport28.fr\/#\/schema\/person\/d707dc6c4cc8f7ba6a4564f87a6818a8"},"headline":"LE DEPARTEMENT SOUTIENT L&rsquo;ACCES AUX ACTIVITES SPORTIVES POUR LES EURELIENS DE MOINS DE 18 ANS !","datePublished":"2025-04-07T07:34:40+00:00","dateModified":"2025-04-07T07:34:47+00:00","mainEntityOfPage":{"@id":"https:\/\/www.sport28.fr\/index.php\/2025\/04\/07\/le-departement-soutient-lacces-aux-activites-sportives-pour-les-eureliens-de-moins-de-18-ans\/"},"wordCount":117,"publisher":{"@id":"https:\/\/www.sport28.fr\/#organization"},"image":{"@id":"https:\/\/www.sport28.fr\/index.php\/2025\/04\/07\/le-departement-soutient-lacces-aux-activites-sportives-pour-les-eureliens-de-moins-de-18-ans\/#primaryimage"},"thumbnailUrl":"https:\/\/www.sport28.fr\/wp-content\/uploads\/2025\/04\/1920x1080-proposition-3-b.jpg","articleSection":["Sport, \u00e9ducation et citoyennet\u00e9","Sport, politiques publiques"],"inLanguage":"fr-FR"},{"@type":"WebPage","@id":"https:\/\/www.sport28.fr\/index.php\/2025\/04\/07\/le-departement-soutient-lacces-aux-activites-sportives-pour-les-eureliens-de-moins-de-18-ans\/","url":"https:\/\/www.sport28.fr\/index.php\/2025\/04\/07\/le-departement-soutient-lacces-aux-activites-sportives-pour-les-eureliens-de-moins-de-18-ans\/","name":"LE DEPARTEMENT SOUTIENT L'ACCES AUX ACTIVITES SPORTIVES POUR LES EURELIENS DE MOINS DE 18 ANS ! - CDOS 28","isPartOf":{"@id":"https:\/\/www.sport28.fr\/#website"},"primaryImageOfPage":{"@id":"https:\/\/www.sport28.fr\/index.php\/2025\/04\/07\/le-departement-soutient-lacces-aux-activites-sportives-pour-les-eureliens-de-moins-de-18-ans\/#primaryimage"},"image":{"@id":"https:\/\/www.sport28.fr\/index.php\/2025\/04\/07\/le-departement-soutient-lacces-aux-activites-sportives-pour-les-eureliens-de-moins-de-18-ans\/#primaryimage"},"thumbnailUrl":"https:\/\/www.sport28.fr\/wp-content\/uploads\/2025\/04\/1920x1080-proposition-3-b.jpg","datePublished":"2025-04-07T07:34:40+00:00","dateModified":"2025-04-07T07:34:47+00:00","breadcrumb":{"@id":"https:\/\/www.sport28.fr\/index.php\/2025\/04\/07\/le-departement-soutient-lacces-aux-activites-sportives-pour-les-eureliens-de-moins-de-18-ans\/#breadcrumb"},"inLanguage":"fr-FR","potentialAction":[{"@type":"ReadAction","target":["https:\/\/www.sport28.fr\/index.php\/2025\/04\/07\/le-departement-soutient-lacces-aux-activites-sportives-pour-les-eureliens-de-moins-de-18-ans\/"]}]},{"@type":"ImageObject","inLanguage":"fr-FR","@id":"https:\/\/www.sport28.fr\/index.php\/2025\/04\/07\/le-departement-soutient-lacces-aux-activites-sportives-pour-les-eureliens-de-moins-de-18-ans\/#primaryimage","url":"https:\/\/www.sport28.fr\/wp-content\/uploads\/2025\/04\/1920x1080-proposition-3-b.jpg","contentUrl":"https:\/\/www.sport28.fr\/wp-content\/uploads\/2025\/04\/1920x1080-proposition-3-b.jpg","width":638,"height":426},{"@type":"BreadcrumbList","@id":"https:\/\/www.sport28.fr\/index.php\/2025\/04\/07\/le-departement-soutient-lacces-aux-activites-sportives-pour-les-eureliens-de-moins-de-18-ans\/#breadcrumb","itemListElement":[{"@type":"ListItem","position":1,"name":"Accueil","item":"https:\/\/www.sport28.fr\/"},{"@type":"ListItem","position":2,"name":"LE DEPARTEMENT SOUTIENT L&rsquo;ACCES AUX ACTIVITES SPORTIVES POUR LES EURELIENS DE MOINS DE 18 ANS !"}]},{"@type":"WebSite","@id":"https:\/\/www.sport28.fr\/#website","url":"https:\/\/www.sport28.fr\/","name":"CDOS 28","description":"Comit\u00e9 D\u00e9partementale Olympique et Sportif d&#039;Eure et Loir","publisher":{"@id":"https:\/\/www.sport28.fr\/#organization"},"potentialAction":[{"@type":"SearchAction","target":{"@type":"EntryPoint","urlTemplate":"https:\/\/www.sport28.fr\/?s={search_term_string}"},"query-input":{"@type":"PropertyValueSpecification","valueRequired":true,"valueName":"search_term_string"}}],"inLanguage":"fr-FR"},{"@type":"Organization","@id":"https:\/\/www.sport28.fr\/#organization","name":"Comit\u00e9 d\u00e9partemental olympique et sportif d'eure-et-loir","alternateName":"cdos 28","url":"https:\/\/www.sport28.fr\/","logo":{"@type":"ImageObject","inLanguage":"fr-FR","@id":"https:\/\/www.sport28.fr\/#\/schema\/logo\/image\/","url":"https:\/\/www.sport28.fr\/wp-content\/uploads\/2023\/10\/cdos_eure_et_loir_logo.jpg","contentUrl":"https:\/\/www.sport28.fr\/wp-content\/uploads\/2023\/10\/cdos_eure_et_loir_logo.jpg","width":1000,"height":1000,"caption":"Comit\u00e9 d\u00e9partemental olympique et sportif d'eure-et-loir"},"image":{"@id":"https:\/\/www.sport28.fr\/#\/schema\/logo\/image\/"},"sameAs":["https:\/\/www.facebook.com\/CDOS28?locale=fr_FR"]},{"@type":"Person","@id":"https:\/\/www.sport28.fr\/#\/schema\/person\/d707dc6c4cc8f7ba6a4564f87a6818a8","name":"admin28","image":{"@type":"ImageObject","inLanguage":"fr-FR","@id":"https:\/\/secure.gravatar.com\/avatar\/ec586f5fe487447efd44e48a32fef6a1c590e9d744f9d2c3d84ed071f1581364?s=96&d=mm&r=g","url":"https:\/\/secure.gravatar.com\/avatar\/ec586f5fe487447efd44e48a32fef6a1c590e9d744f9d2c3d84ed071f1581364?s=96&d=mm&r=g","contentUrl":"https:\/\/secure.gravatar.com\/avatar\/ec586f5fe487447efd44e48a32fef6a1c590e9d744f9d2c3d84ed071f1581364?s=96&d=mm&r=g","caption":"admin28"},"sameAs":["http:\/\/www.dev.sport28.fr"],"url":"https:\/\/www.sport28.fr\/index.php\/author\/admin28\/"}]}},"_links":{"self":[{"href":"https:\/\/www.sport28.fr\/index.php\/wp-json\/wp\/v2\/posts\/3839","targetHints":{"allow":["GET"]}}],"collection":[{"href":"https:\/\/www.sport28.fr\/index.php\/wp-json\/wp\/v2\/posts"}],"about":[{"href":"https:\/\/www.sport28.fr\/index.php\/wp-json\/wp\/v2\/types\/post"}],"author":[{"embeddable":true,"href":"https:\/\/www.sport28.fr\/index.php\/wp-json\/wp\/v2\/users\/1"}],"replies":[{"embeddable":true,"href":"https:\/\/www.sport28.fr\/index.php\/wp-json\/wp\/v2\/comments?post=3839"}],"version-history":[{"count":1,"href":"https:\/\/www.sport28.fr\/index.php\/wp-json\/wp\/v2\/posts\/3839\/revisions"}],"predecessor-version":[{"id":3841,"href":"https:\/\/www.sport28.fr\/index.php\/wp-json\/wp\/v2\/posts\/3839\/revisions\/3841"}],"wp:featuredmedia":[{"embeddable":true,"href":"https:\/\/www.sport28.fr\/index.php\/wp-json\/wp\/v2\/media\/3840"}],"wp:attachment":[{"href":"https:\/\/www.sport28.fr\/index.php\/wp-json\/wp\/v2\/media?parent=3839"}],"wp:term":[{"taxonomy":"category","embeddable":true,"href":"https:\/\/www.sport28.fr\/index.php\/wp-json\/wp\/v2\/categories?post=3839"},{"taxonomy":"post_tag","embeddable":true,"href":"https:\/\/www.sport28.fr\/index.php\/wp-json\/wp\/v2\/tags?post=3839"}],"curies":[{"name":"wp","href":"https:\/\/api.w.org\/{rel}","templated":true}]}}