{"id":3724,"date":"2025-01-24T15:28:11","date_gmt":"2025-01-24T14:28:11","guid":{"rendered":"https:\/\/www.sport28.fr\/?p=3724"},"modified":"2025-01-24T15:28:16","modified_gmt":"2025-01-24T14:28:16","slug":"premiere-reunion-dinformation-ssv-a-nogent-le-rotrou","status":"publish","type":"post","link":"https:\/\/www.sport28.fr\/index.php\/2025\/01\/24\/premiere-reunion-dinformation-ssv-a-nogent-le-rotrou\/","title":{"rendered":"Premi\u00e8re r\u00e9union d&rsquo;information SSV \u00e0 Nogent-le-Rotrou"},"content":{"rendered":"\n<p>Hier soir, nous avons organis\u00e9 <strong>la premi\u00e8re r\u00e9union d&rsquo;information<\/strong> \u00e0 Nogent-le-Rotrou, dans le cadre de notre engagement commun contre les violences et les incivilit\u00e9s dans le sport.<\/p>\n\n\n\n<p>\ud83d\udc4f <strong>Merci aux clubs et associations sportives<\/strong> pour leur pr\u00e9sence et leur implication sur ce sujet essentiel.<\/p>\n\n\n\n<p><br>\ud83d\ude4f <strong>Un grand merci \u00e9galement \u00e0 la Ville de Nogent-le-Rotrou<\/strong> pour son accueil chaleureux et \u00e0 <strong>Monsieur le Sous-Pr\u00e9fet<\/strong>, dont la pr\u00e9sence a marqu\u00e9 l&rsquo;importance de cette initiative.<\/p>\n\n\n\n<p>Cette r\u00e9union s&rsquo;inscrit dans le projet du <strong>CDOS 28<\/strong>, en partenariat avec le <strong>SDJES 28<\/strong>, et soutenu par la <strong>DRAJES Centre-Val de Loire<\/strong>.<\/p>\n\n\n\n<p>Ensemble, nous continuons \u00e0 sensibiliser et informer les acteurs du sport pour construire des espaces sportifs plus respectueux et inclusifs.<\/p>\n\n\n\n<figure class=\"wp-block-gallery has-nested-images columns-default is-cropped wp-block-gallery-1 is-layout-flex wp-block-gallery-is-layout-flex\">\n<figure class=\"wp-block-image size-large\"><img fetchpriority=\"high\" decoding=\"async\" width=\"1024\" height=\"768\" data-id=\"3725\" src=\"https:\/\/www.sport28.fr\/wp-content\/uploads\/2025\/01\/SSV-5-1024x768.jpg\" alt=\"\" class=\"wp-image-3725\" srcset=\"https:\/\/www.sport28.fr\/wp-content\/uploads\/2025\/01\/SSV-5-1024x768.jpg 1024w, https:\/\/www.sport28.fr\/wp-content\/uploads\/2025\/01\/SSV-5-300x225.jpg 300w, https:\/\/www.sport28.fr\/wp-content\/uploads\/2025\/01\/SSV-5-768x576.jpg 768w, https:\/\/www.sport28.fr\/wp-content\/uploads\/2025\/01\/SSV-5-1536x1152.jpg 1536w, https:\/\/www.sport28.fr\/wp-content\/uploads\/2025\/01\/SSV-5-2048x1536.jpg 2048w, https:\/\/www.sport28.fr\/wp-content\/uploads\/2025\/01\/SSV-5-1320x990.jpg 1320w\" sizes=\"(max-width: 1024px) 100vw, 1024px\" \/><\/figure>\n\n\n\n<figure class=\"wp-block-image size-large\"><img decoding=\"async\" width=\"1024\" height=\"768\" data-id=\"3727\" src=\"https:\/\/www.sport28.fr\/wp-content\/uploads\/2025\/01\/SSV-4-1024x768.jpg\" alt=\"\" class=\"wp-image-3727\" srcset=\"https:\/\/www.sport28.fr\/wp-content\/uploads\/2025\/01\/SSV-4-1024x768.jpg 1024w, https:\/\/www.sport28.fr\/wp-content\/uploads\/2025\/01\/SSV-4-300x225.jpg 300w, https:\/\/www.sport28.fr\/wp-content\/uploads\/2025\/01\/SSV-4-768x576.jpg 768w, https:\/\/www.sport28.fr\/wp-content\/uploads\/2025\/01\/SSV-4-1536x1152.jpg 1536w, https:\/\/www.sport28.fr\/wp-content\/uploads\/2025\/01\/SSV-4-2048x1536.jpg 2048w, https:\/\/www.sport28.fr\/wp-content\/uploads\/2025\/01\/SSV-4-1320x990.jpg 1320w\" sizes=\"(max-width: 1024px) 100vw, 1024px\" \/><\/figure>\n\n\n\n<figure class=\"wp-block-image size-large\"><img decoding=\"async\" width=\"1024\" height=\"768\" data-id=\"3726\" src=\"https:\/\/www.sport28.fr\/wp-content\/uploads\/2025\/01\/SSV-3-1024x768.jpg\" alt=\"\" class=\"wp-image-3726\" srcset=\"https:\/\/www.sport28.fr\/wp-content\/uploads\/2025\/01\/SSV-3-1024x768.jpg 1024w, https:\/\/www.sport28.fr\/wp-content\/uploads\/2025\/01\/SSV-3-300x225.jpg 300w, https:\/\/www.sport28.fr\/wp-content\/uploads\/2025\/01\/SSV-3-768x576.jpg 768w, https:\/\/www.sport28.fr\/wp-content\/uploads\/2025\/01\/SSV-3-1536x1152.jpg 1536w, https:\/\/www.sport28.fr\/wp-content\/uploads\/2025\/01\/SSV-3-2048x1536.jpg 2048w, https:\/\/www.sport28.fr\/wp-content\/uploads\/2025\/01\/SSV-3-1320x990.jpg 1320w\" sizes=\"(max-width: 1024px) 100vw, 1024px\" \/><\/figure>\n<\/figure>\n","protected":false},"excerpt":{"rendered":"<p>Hier soir, nous avons organis\u00e9 la premi\u00e8re r\u00e9union d&rsquo;information \u00e0 Nogent-le-Rotrou, dans le cadre de notre engagement commun contre les violences et les incivilit\u00e9s dans le sport. \ud83d\udc4f Merci aux [&hellip;]<\/p>\n","protected":false},"author":1,"featured_media":3725,"comment_status":"closed","ping_status":"open","sticky":false,"template":"","format":"standard","meta":{"footnotes":""},"categories":[29],"tags":[],"class_list":["post-3724","post","type-post","status-publish","format-standard","has-post-thumbnail","hentry","category-sport-education-et-citoyennete"],"yoast_head":"<!-- This site is optimized with the Yoast SEO plugin v27.5 - https:\/\/yoast.com\/product\/yoast-seo-wordpress\/ -->\n<title>Premi\u00e8re r\u00e9union d&#039;information SSV \u00e0 Nogent-le-Rotrou - CDOS 28<\/title>\n<meta name=\"robots\" content=\"index, follow, max-snippet:-1, max-image-preview:large, max-video-preview:-1\" \/>\n<link rel=\"canonical\" href=\"https:\/\/www.sport28.fr\/index.php\/2025\/01\/24\/premiere-reunion-dinformation-ssv-a-nogent-le-rotrou\/\" \/>\n<meta property=\"og:locale\" content=\"fr_FR\" \/>\n<meta property=\"og:type\" content=\"article\" \/>\n<meta property=\"og:title\" content=\"Premi\u00e8re r\u00e9union d&#039;information SSV \u00e0 Nogent-le-Rotrou - CDOS 28\" \/>\n<meta property=\"og:description\" content=\"Hier soir, nous avons organis\u00e9 la premi\u00e8re r\u00e9union d&rsquo;information \u00e0 Nogent-le-Rotrou, dans le cadre de notre engagement commun contre les violences et les incivilit\u00e9s dans le sport. \ud83d\udc4f Merci aux [&hellip;]\" \/>\n<meta property=\"og:url\" content=\"https:\/\/www.sport28.fr\/index.php\/2025\/01\/24\/premiere-reunion-dinformation-ssv-a-nogent-le-rotrou\/\" \/>\n<meta property=\"og:site_name\" content=\"CDOS 28\" \/>\n<meta property=\"article:publisher\" content=\"https:\/\/www.facebook.com\/CDOS28?locale=fr_FR\" \/>\n<meta property=\"article:published_time\" content=\"2025-01-24T14:28:11+00:00\" \/>\n<meta property=\"article:modified_time\" content=\"2025-01-24T14:28:16+00:00\" \/>\n<meta property=\"og:image\" content=\"https:\/\/www.sport28.fr\/wp-content\/uploads\/2025\/01\/SSV-5-scaled.jpg\" \/>\n\t<meta property=\"og:image:width\" content=\"2560\" \/>\n\t<meta property=\"og:image:height\" content=\"1920\" \/>\n\t<meta property=\"og:image:type\" content=\"image\/jpeg\" \/>\n<meta name=\"author\" content=\"admin28\" \/>\n<meta name=\"twitter:card\" content=\"summary_large_image\" \/>\n<meta name=\"twitter:label1\" content=\"\u00c9crit par\" \/>\n\t<meta name=\"twitter:data1\" content=\"admin28\" \/>\n\t<meta name=\"twitter:label2\" content=\"Dur\u00e9e de lecture estim\u00e9e\" \/>\n\t<meta name=\"twitter:data2\" content=\"2 minutes\" \/>\n<script type=\"application\/ld+json\" class=\"yoast-schema-graph\">{\"@context\":\"https:\\\/\\\/schema.org\",\"@graph\":[{\"@type\":\"Article\",\"@id\":\"https:\\\/\\\/www.sport28.fr\\\/index.php\\\/2025\\\/01\\\/24\\\/premiere-reunion-dinformation-ssv-a-nogent-le-rotrou\\\/#article\",\"isPartOf\":{\"@id\":\"https:\\\/\\\/www.sport28.fr\\\/index.php\\\/2025\\\/01\\\/24\\\/premiere-reunion-dinformation-ssv-a-nogent-le-rotrou\\\/\"},\"author\":{\"name\":\"admin28\",\"@id\":\"https:\\\/\\\/www.sport28.fr\\\/#\\\/schema\\\/person\\\/d707dc6c4cc8f7ba6a4564f87a6818a8\"},\"headline\":\"Premi\u00e8re r\u00e9union d&rsquo;information SSV \u00e0 Nogent-le-Rotrou\",\"datePublished\":\"2025-01-24T14:28:11+00:00\",\"dateModified\":\"2025-01-24T14:28:16+00:00\",\"mainEntityOfPage\":{\"@id\":\"https:\\\/\\\/www.sport28.fr\\\/index.php\\\/2025\\\/01\\\/24\\\/premiere-reunion-dinformation-ssv-a-nogent-le-rotrou\\\/\"},\"wordCount\":121,\"publisher\":{\"@id\":\"https:\\\/\\\/www.sport28.fr\\\/#organization\"},\"image\":{\"@id\":\"https:\\\/\\\/www.sport28.fr\\\/index.php\\\/2025\\\/01\\\/24\\\/premiere-reunion-dinformation-ssv-a-nogent-le-rotrou\\\/#primaryimage\"},\"thumbnailUrl\":\"https:\\\/\\\/www.sport28.fr\\\/wp-content\\\/uploads\\\/2025\\\/01\\\/SSV-5-scaled.jpg\",\"articleSection\":[\"Sport, \u00e9ducation et citoyennet\u00e9\"],\"inLanguage\":\"fr-FR\"},{\"@type\":\"WebPage\",\"@id\":\"https:\\\/\\\/www.sport28.fr\\\/index.php\\\/2025\\\/01\\\/24\\\/premiere-reunion-dinformation-ssv-a-nogent-le-rotrou\\\/\",\"url\":\"https:\\\/\\\/www.sport28.fr\\\/index.php\\\/2025\\\/01\\\/24\\\/premiere-reunion-dinformation-ssv-a-nogent-le-rotrou\\\/\",\"name\":\"Premi\u00e8re r\u00e9union d'information SSV \u00e0 Nogent-le-Rotrou - CDOS 28\",\"isPartOf\":{\"@id\":\"https:\\\/\\\/www.sport28.fr\\\/#website\"},\"primaryImageOfPage\":{\"@id\":\"https:\\\/\\\/www.sport28.fr\\\/index.php\\\/2025\\\/01\\\/24\\\/premiere-reunion-dinformation-ssv-a-nogent-le-rotrou\\\/#primaryimage\"},\"image\":{\"@id\":\"https:\\\/\\\/www.sport28.fr\\\/index.php\\\/2025\\\/01\\\/24\\\/premiere-reunion-dinformation-ssv-a-nogent-le-rotrou\\\/#primaryimage\"},\"thumbnailUrl\":\"https:\\\/\\\/www.sport28.fr\\\/wp-content\\\/uploads\\\/2025\\\/01\\\/SSV-5-scaled.jpg\",\"datePublished\":\"2025-01-24T14:28:11+00:00\",\"dateModified\":\"2025-01-24T14:28:16+00:00\",\"breadcrumb\":{\"@id\":\"https:\\\/\\\/www.sport28.fr\\\/index.php\\\/2025\\\/01\\\/24\\\/premiere-reunion-dinformation-ssv-a-nogent-le-rotrou\\\/#breadcrumb\"},\"inLanguage\":\"fr-FR\",\"potentialAction\":[{\"@type\":\"ReadAction\",\"target\":[\"https:\\\/\\\/www.sport28.fr\\\/index.php\\\/2025\\\/01\\\/24\\\/premiere-reunion-dinformation-ssv-a-nogent-le-rotrou\\\/\"]}]},{\"@type\":\"ImageObject\",\"inLanguage\":\"fr-FR\",\"@id\":\"https:\\\/\\\/www.sport28.fr\\\/index.php\\\/2025\\\/01\\\/24\\\/premiere-reunion-dinformation-ssv-a-nogent-le-rotrou\\\/#primaryimage\",\"url\":\"https:\\\/\\\/www.sport28.fr\\\/wp-content\\\/uploads\\\/2025\\\/01\\\/SSV-5-scaled.jpg\",\"contentUrl\":\"https:\\\/\\\/www.sport28.fr\\\/wp-content\\\/uploads\\\/2025\\\/01\\\/SSV-5-scaled.jpg\",\"width\":2560,\"height\":1920},{\"@type\":\"BreadcrumbList\",\"@id\":\"https:\\\/\\\/www.sport28.fr\\\/index.php\\\/2025\\\/01\\\/24\\\/premiere-reunion-dinformation-ssv-a-nogent-le-rotrou\\\/#breadcrumb\",\"itemListElement\":[{\"@type\":\"ListItem\",\"position\":1,\"name\":\"Accueil\",\"item\":\"https:\\\/\\\/www.sport28.fr\\\/\"},{\"@type\":\"ListItem\",\"position\":2,\"name\":\"Premi\u00e8re r\u00e9union d&rsquo;information SSV \u00e0 Nogent-le-Rotrou\"}]},{\"@type\":\"WebSite\",\"@id\":\"https:\\\/\\\/www.sport28.fr\\\/#website\",\"url\":\"https:\\\/\\\/www.sport28.fr\\\/\",\"name\":\"CDOS 28\",\"description\":\"Comit\u00e9 D\u00e9partementale Olympique et Sportif d&#039;Eure et Loir\",\"publisher\":{\"@id\":\"https:\\\/\\\/www.sport28.fr\\\/#organization\"},\"potentialAction\":[{\"@type\":\"SearchAction\",\"target\":{\"@type\":\"EntryPoint\",\"urlTemplate\":\"https:\\\/\\\/www.sport28.fr\\\/?s={search_term_string}\"},\"query-input\":{\"@type\":\"PropertyValueSpecification\",\"valueRequired\":true,\"valueName\":\"search_term_string\"}}],\"inLanguage\":\"fr-FR\"},{\"@type\":\"Organization\",\"@id\":\"https:\\\/\\\/www.sport28.fr\\\/#organization\",\"name\":\"Comit\u00e9 d\u00e9partemental olympique et sportif d'eure-et-loir\",\"alternateName\":\"cdos 28\",\"url\":\"https:\\\/\\\/www.sport28.fr\\\/\",\"logo\":{\"@type\":\"ImageObject\",\"inLanguage\":\"fr-FR\",\"@id\":\"https:\\\/\\\/www.sport28.fr\\\/#\\\/schema\\\/logo\\\/image\\\/\",\"url\":\"https:\\\/\\\/www.sport28.fr\\\/wp-content\\\/uploads\\\/2023\\\/10\\\/cdos_eure_et_loir_logo.jpg\",\"contentUrl\":\"https:\\\/\\\/www.sport28.fr\\\/wp-content\\\/uploads\\\/2023\\\/10\\\/cdos_eure_et_loir_logo.jpg\",\"width\":1000,\"height\":1000,\"caption\":\"Comit\u00e9 d\u00e9partemental olympique et sportif d'eure-et-loir\"},\"image\":{\"@id\":\"https:\\\/\\\/www.sport28.fr\\\/#\\\/schema\\\/logo\\\/image\\\/\"},\"sameAs\":[\"https:\\\/\\\/www.facebook.com\\\/CDOS28?locale=fr_FR\"]},{\"@type\":\"Person\",\"@id\":\"https:\\\/\\\/www.sport28.fr\\\/#\\\/schema\\\/person\\\/d707dc6c4cc8f7ba6a4564f87a6818a8\",\"name\":\"admin28\",\"image\":{\"@type\":\"ImageObject\",\"inLanguage\":\"fr-FR\",\"@id\":\"https:\\\/\\\/secure.gravatar.com\\\/avatar\\\/ec586f5fe487447efd44e48a32fef6a1c590e9d744f9d2c3d84ed071f1581364?s=96&d=mm&r=g\",\"url\":\"https:\\\/\\\/secure.gravatar.com\\\/avatar\\\/ec586f5fe487447efd44e48a32fef6a1c590e9d744f9d2c3d84ed071f1581364?s=96&d=mm&r=g\",\"contentUrl\":\"https:\\\/\\\/secure.gravatar.com\\\/avatar\\\/ec586f5fe487447efd44e48a32fef6a1c590e9d744f9d2c3d84ed071f1581364?s=96&d=mm&r=g\",\"caption\":\"admin28\"},\"sameAs\":[\"http:\\\/\\\/www.dev.sport28.fr\"],\"url\":\"https:\\\/\\\/www.sport28.fr\\\/index.php\\\/author\\\/admin28\\\/\"}]}<\/script>\n<!-- \/ Yoast SEO plugin. -->","yoast_head_json":{"title":"Premi\u00e8re r\u00e9union d'information SSV \u00e0 Nogent-le-Rotrou - CDOS 28","robots":{"index":"index","follow":"follow","max-snippet":"max-snippet:-1","max-image-preview":"max-image-preview:large","max-video-preview":"max-video-preview:-1"},"canonical":"https:\/\/www.sport28.fr\/index.php\/2025\/01\/24\/premiere-reunion-dinformation-ssv-a-nogent-le-rotrou\/","og_locale":"fr_FR","og_type":"article","og_title":"Premi\u00e8re r\u00e9union d'information SSV \u00e0 Nogent-le-Rotrou - CDOS 28","og_description":"Hier soir, nous avons organis\u00e9 la premi\u00e8re r\u00e9union d&rsquo;information \u00e0 Nogent-le-Rotrou, dans le cadre de notre engagement commun contre les violences et les incivilit\u00e9s dans le sport. \ud83d\udc4f Merci aux [&hellip;]","og_url":"https:\/\/www.sport28.fr\/index.php\/2025\/01\/24\/premiere-reunion-dinformation-ssv-a-nogent-le-rotrou\/","og_site_name":"CDOS 28","article_publisher":"https:\/\/www.facebook.com\/CDOS28?locale=fr_FR","article_published_time":"2025-01-24T14:28:11+00:00","article_modified_time":"2025-01-24T14:28:16+00:00","og_image":[{"width":2560,"height":1920,"url":"https:\/\/www.sport28.fr\/wp-content\/uploads\/2025\/01\/SSV-5-scaled.jpg","type":"image\/jpeg"}],"author":"admin28","twitter_card":"summary_large_image","twitter_misc":{"\u00c9crit par":"admin28","Dur\u00e9e de lecture estim\u00e9e":"2 minutes"},"schema":{"@context":"https:\/\/schema.org","@graph":[{"@type":"Article","@id":"https:\/\/www.sport28.fr\/index.php\/2025\/01\/24\/premiere-reunion-dinformation-ssv-a-nogent-le-rotrou\/#article","isPartOf":{"@id":"https:\/\/www.sport28.fr\/index.php\/2025\/01\/24\/premiere-reunion-dinformation-ssv-a-nogent-le-rotrou\/"},"author":{"name":"admin28","@id":"https:\/\/www.sport28.fr\/#\/schema\/person\/d707dc6c4cc8f7ba6a4564f87a6818a8"},"headline":"Premi\u00e8re r\u00e9union d&rsquo;information SSV \u00e0 Nogent-le-Rotrou","datePublished":"2025-01-24T14:28:11+00:00","dateModified":"2025-01-24T14:28:16+00:00","mainEntityOfPage":{"@id":"https:\/\/www.sport28.fr\/index.php\/2025\/01\/24\/premiere-reunion-dinformation-ssv-a-nogent-le-rotrou\/"},"wordCount":121,"publisher":{"@id":"https:\/\/www.sport28.fr\/#organization"},"image":{"@id":"https:\/\/www.sport28.fr\/index.php\/2025\/01\/24\/premiere-reunion-dinformation-ssv-a-nogent-le-rotrou\/#primaryimage"},"thumbnailUrl":"https:\/\/www.sport28.fr\/wp-content\/uploads\/2025\/01\/SSV-5-scaled.jpg","articleSection":["Sport, \u00e9ducation et citoyennet\u00e9"],"inLanguage":"fr-FR"},{"@type":"WebPage","@id":"https:\/\/www.sport28.fr\/index.php\/2025\/01\/24\/premiere-reunion-dinformation-ssv-a-nogent-le-rotrou\/","url":"https:\/\/www.sport28.fr\/index.php\/2025\/01\/24\/premiere-reunion-dinformation-ssv-a-nogent-le-rotrou\/","name":"Premi\u00e8re r\u00e9union d'information SSV \u00e0 Nogent-le-Rotrou - CDOS 28","isPartOf":{"@id":"https:\/\/www.sport28.fr\/#website"},"primaryImageOfPage":{"@id":"https:\/\/www.sport28.fr\/index.php\/2025\/01\/24\/premiere-reunion-dinformation-ssv-a-nogent-le-rotrou\/#primaryimage"},"image":{"@id":"https:\/\/www.sport28.fr\/index.php\/2025\/01\/24\/premiere-reunion-dinformation-ssv-a-nogent-le-rotrou\/#primaryimage"},"thumbnailUrl":"https:\/\/www.sport28.fr\/wp-content\/uploads\/2025\/01\/SSV-5-scaled.jpg","datePublished":"2025-01-24T14:28:11+00:00","dateModified":"2025-01-24T14:28:16+00:00","breadcrumb":{"@id":"https:\/\/www.sport28.fr\/index.php\/2025\/01\/24\/premiere-reunion-dinformation-ssv-a-nogent-le-rotrou\/#breadcrumb"},"inLanguage":"fr-FR","potentialAction":[{"@type":"ReadAction","target":["https:\/\/www.sport28.fr\/index.php\/2025\/01\/24\/premiere-reunion-dinformation-ssv-a-nogent-le-rotrou\/"]}]},{"@type":"ImageObject","inLanguage":"fr-FR","@id":"https:\/\/www.sport28.fr\/index.php\/2025\/01\/24\/premiere-reunion-dinformation-ssv-a-nogent-le-rotrou\/#primaryimage","url":"https:\/\/www.sport28.fr\/wp-content\/uploads\/2025\/01\/SSV-5-scaled.jpg","contentUrl":"https:\/\/www.sport28.fr\/wp-content\/uploads\/2025\/01\/SSV-5-scaled.jpg","width":2560,"height":1920},{"@type":"BreadcrumbList","@id":"https:\/\/www.sport28.fr\/index.php\/2025\/01\/24\/premiere-reunion-dinformation-ssv-a-nogent-le-rotrou\/#breadcrumb","itemListElement":[{"@type":"ListItem","position":1,"name":"Accueil","item":"https:\/\/www.sport28.fr\/"},{"@type":"ListItem","position":2,"name":"Premi\u00e8re r\u00e9union d&rsquo;information SSV \u00e0 Nogent-le-Rotrou"}]},{"@type":"WebSite","@id":"https:\/\/www.sport28.fr\/#website","url":"https:\/\/www.sport28.fr\/","name":"CDOS 28","description":"Comit\u00e9 D\u00e9partementale Olympique et Sportif d&#039;Eure et Loir","publisher":{"@id":"https:\/\/www.sport28.fr\/#organization"},"potentialAction":[{"@type":"SearchAction","target":{"@type":"EntryPoint","urlTemplate":"https:\/\/www.sport28.fr\/?s={search_term_string}"},"query-input":{"@type":"PropertyValueSpecification","valueRequired":true,"valueName":"search_term_string"}}],"inLanguage":"fr-FR"},{"@type":"Organization","@id":"https:\/\/www.sport28.fr\/#organization","name":"Comit\u00e9 d\u00e9partemental olympique et sportif d'eure-et-loir","alternateName":"cdos 28","url":"https:\/\/www.sport28.fr\/","logo":{"@type":"ImageObject","inLanguage":"fr-FR","@id":"https:\/\/www.sport28.fr\/#\/schema\/logo\/image\/","url":"https:\/\/www.sport28.fr\/wp-content\/uploads\/2023\/10\/cdos_eure_et_loir_logo.jpg","contentUrl":"https:\/\/www.sport28.fr\/wp-content\/uploads\/2023\/10\/cdos_eure_et_loir_logo.jpg","width":1000,"height":1000,"caption":"Comit\u00e9 d\u00e9partemental olympique et sportif d'eure-et-loir"},"image":{"@id":"https:\/\/www.sport28.fr\/#\/schema\/logo\/image\/"},"sameAs":["https:\/\/www.facebook.com\/CDOS28?locale=fr_FR"]},{"@type":"Person","@id":"https:\/\/www.sport28.fr\/#\/schema\/person\/d707dc6c4cc8f7ba6a4564f87a6818a8","name":"admin28","image":{"@type":"ImageObject","inLanguage":"fr-FR","@id":"https:\/\/secure.gravatar.com\/avatar\/ec586f5fe487447efd44e48a32fef6a1c590e9d744f9d2c3d84ed071f1581364?s=96&d=mm&r=g","url":"https:\/\/secure.gravatar.com\/avatar\/ec586f5fe487447efd44e48a32fef6a1c590e9d744f9d2c3d84ed071f1581364?s=96&d=mm&r=g","contentUrl":"https:\/\/secure.gravatar.com\/avatar\/ec586f5fe487447efd44e48a32fef6a1c590e9d744f9d2c3d84ed071f1581364?s=96&d=mm&r=g","caption":"admin28"},"sameAs":["http:\/\/www.dev.sport28.fr"],"url":"https:\/\/www.sport28.fr\/index.php\/author\/admin28\/"}]}},"_links":{"self":[{"href":"https:\/\/www.sport28.fr\/index.php\/wp-json\/wp\/v2\/posts\/3724","targetHints":{"allow":["GET"]}}],"collection":[{"href":"https:\/\/www.sport28.fr\/index.php\/wp-json\/wp\/v2\/posts"}],"about":[{"href":"https:\/\/www.sport28.fr\/index.php\/wp-json\/wp\/v2\/types\/post"}],"author":[{"embeddable":true,"href":"https:\/\/www.sport28.fr\/index.php\/wp-json\/wp\/v2\/users\/1"}],"replies":[{"embeddable":true,"href":"https:\/\/www.sport28.fr\/index.php\/wp-json\/wp\/v2\/comments?post=3724"}],"version-history":[{"count":1,"href":"https:\/\/www.sport28.fr\/index.php\/wp-json\/wp\/v2\/posts\/3724\/revisions"}],"predecessor-version":[{"id":3728,"href":"https:\/\/www.sport28.fr\/index.php\/wp-json\/wp\/v2\/posts\/3724\/revisions\/3728"}],"wp:featuredmedia":[{"embeddable":true,"href":"https:\/\/www.sport28.fr\/index.php\/wp-json\/wp\/v2\/media\/3725"}],"wp:attachment":[{"href":"https:\/\/www.sport28.fr\/index.php\/wp-json\/wp\/v2\/media?parent=3724"}],"wp:term":[{"taxonomy":"category","embeddable":true,"href":"https:\/\/www.sport28.fr\/index.php\/wp-json\/wp\/v2\/categories?post=3724"},{"taxonomy":"post_tag","embeddable":true,"href":"https:\/\/www.sport28.fr\/index.php\/wp-json\/wp\/v2\/tags?post=3724"}],"curies":[{"name":"wp","href":"https:\/\/api.w.org\/{rel}","templated":true}]}}