{"id":3113,"date":"2024-12-04T14:49:58","date_gmt":"2024-12-04T13:49:58","guid":{"rendered":"https:\/\/www.sport28.fr\/?p=3113"},"modified":"2024-12-04T14:50:07","modified_gmt":"2024-12-04T13:50:07","slug":"lolympisme-a-travers-lobjectif","status":"publish","type":"post","link":"https:\/\/www.sport28.fr\/index.php\/2024\/12\/04\/lolympisme-a-travers-lobjectif\/","title":{"rendered":"L\u2019Olympisme \u00e0 travers l\u2019objectif"},"content":{"rendered":"\n<h4 class=\"wp-block-heading\">Dans le cadre de l\u2019<strong>h\u00e9ritage des Jeux Olympiques et Paralympiques de Paris 2024<\/strong>, le Mouvement Olympique et Sportif du Centre-Val de Loire organise un&nbsp;<strong>concours artistique<\/strong>&nbsp;\u00e0 destination des \u00e9coles primaires, des coll\u00e8ges et des Instituts M\u00e9dico-Educatifs (IME) de la r\u00e9gion Centre-Val de Loire.<\/h4>\n\n\n\n<figure class=\"wp-block-image size-large\"><img fetchpriority=\"high\" decoding=\"async\" width=\"1024\" height=\"576\" src=\"https:\/\/www.sport28.fr\/wp-content\/uploads\/2024\/12\/Affiche-concours-artistique_16.9-1024x576.jpg\" alt=\"\" class=\"wp-image-3114\" srcset=\"https:\/\/www.sport28.fr\/wp-content\/uploads\/2024\/12\/Affiche-concours-artistique_16.9-1024x576.jpg 1024w, https:\/\/www.sport28.fr\/wp-content\/uploads\/2024\/12\/Affiche-concours-artistique_16.9-300x169.jpg 300w, https:\/\/www.sport28.fr\/wp-content\/uploads\/2024\/12\/Affiche-concours-artistique_16.9-768x432.jpg 768w, https:\/\/www.sport28.fr\/wp-content\/uploads\/2024\/12\/Affiche-concours-artistique_16.9-1536x863.jpg 1536w, https:\/\/www.sport28.fr\/wp-content\/uploads\/2024\/12\/Affiche-concours-artistique_16.9-1320x742.jpg 1320w, https:\/\/www.sport28.fr\/wp-content\/uploads\/2024\/12\/Affiche-concours-artistique_16.9.jpg 1587w\" sizes=\"(max-width: 1024px) 100vw, 1024px\" \/><\/figure>\n\n\n\n<h3 class=\"wp-block-heading has-text-align-center\">\u00a0Th\u00e8me du concours :<\/h3>\n\n\n\n<p><strong><em> Repr\u00e9sente ton \u00e9t\u00e9 Olympique et Paralympique 2024<\/em><\/strong><\/p>\n\n\n\n<h6 class=\"wp-block-heading\">&nbsp;<\/h6>\n\n\n\n<h3 class=\"wp-block-heading has-text-align-center\">Concept du Concours :\u00a0<\/h3>\n\n\n\n<p>Le projet : proposer une cr\u00e9ation plastique, dessin, collages, photos et techniques mixtes, etc\u2026, exclusivement en 2 dimensions (pas de vid\u00e9o, ni de structure\u2026).<\/p>\n\n\n\n<p>Quel que soit le support artistique choisi, chaque classe doit soumettre une photographie de sa production.<\/p>\n\n\n\n<p>La participation au concours est enti\u00e8rement&nbsp;<strong>gratuite.<\/strong><\/p>\n\n\n\n<h3 class=\"wp-block-heading has-text-align-center\">Comment participer ?<\/h3>\n\n\n\n<p>Le d\u00e9p\u00f4t des photos des \u0153uvres produites se font jusqu\u2019au&nbsp;<strong>04 avril&nbsp; 2025 minuit<\/strong>&nbsp;sur l\u2019adresse mail :&nbsp;<a href=\"mailto:concours.heritage2024@gmail.com\">concours.heritage2024@gmail.com<\/a><\/p>\n\n\n\n<p>Le d\u00e9p\u00f4t des \u0153uvres originales se fera dans les points de collecte*&nbsp;<strong>au plus tard&nbsp;<\/strong>pendant les vacances scolaires de printemps du&nbsp;<strong>5 avril au 22 avril 2025<\/strong>.<\/p>\n\n\n\n<ul class=\"wp-block-list\">\n<li><a href=\"https:\/\/cros-centrevaldeloire.fr\/wp-content\/uploads\/2024\/11\/Reglement-concours-artistique.pdf\">Le R\u00e8glement du concours artistique 2025<\/a><\/li>\n\n\n\n<li><a href=\"https:\/\/cros-centrevaldeloire.fr\/wp-content\/uploads\/2024\/11\/Cahier-des-charges-concours-artistique-3.jpg\">La fiche p\u00e9dagogique\u00a0\u00e0 compl\u00e9ter<\/a><\/li>\n<\/ul>\n\n\n\n<p><strong>Pour plus de renseignements,<\/strong><\/p>\n\n\n\n<p>Contacter Audrey PETAT par mail&nbsp; &nbsp;:&nbsp;<a href=\"mailto:alternant-education.cvl@franceolympique.com\">alternante-education.cvl@franceolympique.com&nbsp;&nbsp;<\/a>ou par t\u00e9l\u00e9phone : 07-68-76-68-22<\/p>\n","protected":false},"excerpt":{"rendered":"<p>Dans le cadre de l\u2019h\u00e9ritage des Jeux Olympiques et Paralympiques de Paris 2024, le Mouvement Olympique et Sportif du Centre-Val de Loire organise un&nbsp;concours artistique&nbsp;\u00e0 destination des \u00e9coles primaires, des [&hellip;]<\/p>\n","protected":false},"author":1,"featured_media":3114,"comment_status":"closed","ping_status":"open","sticky":false,"template":"","format":"standard","meta":{"footnotes":""},"categories":[29],"tags":[],"class_list":["post-3113","post","type-post","status-publish","format-standard","has-post-thumbnail","hentry","category-sport-education-et-citoyennete"],"yoast_head":"<!-- This site is optimized with the Yoast SEO plugin v27.5 - https:\/\/yoast.com\/product\/yoast-seo-wordpress\/ -->\n<title>L\u2019Olympisme \u00e0 travers l\u2019objectif - CDOS 28<\/title>\n<meta name=\"robots\" content=\"index, follow, max-snippet:-1, max-image-preview:large, max-video-preview:-1\" \/>\n<link rel=\"canonical\" href=\"https:\/\/www.sport28.fr\/index.php\/2024\/12\/04\/lolympisme-a-travers-lobjectif\/\" \/>\n<meta property=\"og:locale\" content=\"fr_FR\" \/>\n<meta property=\"og:type\" content=\"article\" \/>\n<meta property=\"og:title\" content=\"L\u2019Olympisme \u00e0 travers l\u2019objectif - CDOS 28\" \/>\n<meta property=\"og:description\" content=\"Dans le cadre de l\u2019h\u00e9ritage des Jeux Olympiques et Paralympiques de Paris 2024, le Mouvement Olympique et Sportif du Centre-Val de Loire organise un&nbsp;concours artistique&nbsp;\u00e0 destination des \u00e9coles primaires, des [&hellip;]\" \/>\n<meta property=\"og:url\" content=\"https:\/\/www.sport28.fr\/index.php\/2024\/12\/04\/lolympisme-a-travers-lobjectif\/\" \/>\n<meta property=\"og:site_name\" content=\"CDOS 28\" \/>\n<meta property=\"article:publisher\" content=\"https:\/\/www.facebook.com\/CDOS28?locale=fr_FR\" \/>\n<meta property=\"article:published_time\" content=\"2024-12-04T13:49:58+00:00\" \/>\n<meta property=\"article:modified_time\" content=\"2024-12-04T13:50:07+00:00\" \/>\n<meta property=\"og:image\" content=\"https:\/\/www.sport28.fr\/wp-content\/uploads\/2024\/12\/Affiche-concours-artistique_16.9.jpg\" \/>\n\t<meta property=\"og:image:width\" content=\"1587\" \/>\n\t<meta property=\"og:image:height\" content=\"892\" \/>\n\t<meta property=\"og:image:type\" content=\"image\/jpeg\" \/>\n<meta name=\"author\" content=\"admin28\" \/>\n<meta name=\"twitter:card\" content=\"summary_large_image\" \/>\n<meta name=\"twitter:label1\" content=\"\u00c9crit par\" \/>\n\t<meta name=\"twitter:data1\" content=\"admin28\" \/>\n\t<meta name=\"twitter:label2\" content=\"Dur\u00e9e de lecture estim\u00e9e\" \/>\n\t<meta name=\"twitter:data2\" content=\"2 minutes\" \/>\n<script type=\"application\/ld+json\" class=\"yoast-schema-graph\">{\"@context\":\"https:\\\/\\\/schema.org\",\"@graph\":[{\"@type\":\"Article\",\"@id\":\"https:\\\/\\\/www.sport28.fr\\\/index.php\\\/2024\\\/12\\\/04\\\/lolympisme-a-travers-lobjectif\\\/#article\",\"isPartOf\":{\"@id\":\"https:\\\/\\\/www.sport28.fr\\\/index.php\\\/2024\\\/12\\\/04\\\/lolympisme-a-travers-lobjectif\\\/\"},\"author\":{\"name\":\"admin28\",\"@id\":\"https:\\\/\\\/www.sport28.fr\\\/#\\\/schema\\\/person\\\/d707dc6c4cc8f7ba6a4564f87a6818a8\"},\"headline\":\"L\u2019Olympisme \u00e0 travers l\u2019objectif\",\"datePublished\":\"2024-12-04T13:49:58+00:00\",\"dateModified\":\"2024-12-04T13:50:07+00:00\",\"mainEntityOfPage\":{\"@id\":\"https:\\\/\\\/www.sport28.fr\\\/index.php\\\/2024\\\/12\\\/04\\\/lolympisme-a-travers-lobjectif\\\/\"},\"wordCount\":216,\"publisher\":{\"@id\":\"https:\\\/\\\/www.sport28.fr\\\/#organization\"},\"image\":{\"@id\":\"https:\\\/\\\/www.sport28.fr\\\/index.php\\\/2024\\\/12\\\/04\\\/lolympisme-a-travers-lobjectif\\\/#primaryimage\"},\"thumbnailUrl\":\"https:\\\/\\\/www.sport28.fr\\\/wp-content\\\/uploads\\\/2024\\\/12\\\/Affiche-concours-artistique_16.9.jpg\",\"articleSection\":[\"Sport, \u00e9ducation et citoyennet\u00e9\"],\"inLanguage\":\"fr-FR\"},{\"@type\":\"WebPage\",\"@id\":\"https:\\\/\\\/www.sport28.fr\\\/index.php\\\/2024\\\/12\\\/04\\\/lolympisme-a-travers-lobjectif\\\/\",\"url\":\"https:\\\/\\\/www.sport28.fr\\\/index.php\\\/2024\\\/12\\\/04\\\/lolympisme-a-travers-lobjectif\\\/\",\"name\":\"L\u2019Olympisme \u00e0 travers l\u2019objectif - CDOS 28\",\"isPartOf\":{\"@id\":\"https:\\\/\\\/www.sport28.fr\\\/#website\"},\"primaryImageOfPage\":{\"@id\":\"https:\\\/\\\/www.sport28.fr\\\/index.php\\\/2024\\\/12\\\/04\\\/lolympisme-a-travers-lobjectif\\\/#primaryimage\"},\"image\":{\"@id\":\"https:\\\/\\\/www.sport28.fr\\\/index.php\\\/2024\\\/12\\\/04\\\/lolympisme-a-travers-lobjectif\\\/#primaryimage\"},\"thumbnailUrl\":\"https:\\\/\\\/www.sport28.fr\\\/wp-content\\\/uploads\\\/2024\\\/12\\\/Affiche-concours-artistique_16.9.jpg\",\"datePublished\":\"2024-12-04T13:49:58+00:00\",\"dateModified\":\"2024-12-04T13:50:07+00:00\",\"breadcrumb\":{\"@id\":\"https:\\\/\\\/www.sport28.fr\\\/index.php\\\/2024\\\/12\\\/04\\\/lolympisme-a-travers-lobjectif\\\/#breadcrumb\"},\"inLanguage\":\"fr-FR\",\"potentialAction\":[{\"@type\":\"ReadAction\",\"target\":[\"https:\\\/\\\/www.sport28.fr\\\/index.php\\\/2024\\\/12\\\/04\\\/lolympisme-a-travers-lobjectif\\\/\"]}]},{\"@type\":\"ImageObject\",\"inLanguage\":\"fr-FR\",\"@id\":\"https:\\\/\\\/www.sport28.fr\\\/index.php\\\/2024\\\/12\\\/04\\\/lolympisme-a-travers-lobjectif\\\/#primaryimage\",\"url\":\"https:\\\/\\\/www.sport28.fr\\\/wp-content\\\/uploads\\\/2024\\\/12\\\/Affiche-concours-artistique_16.9.jpg\",\"contentUrl\":\"https:\\\/\\\/www.sport28.fr\\\/wp-content\\\/uploads\\\/2024\\\/12\\\/Affiche-concours-artistique_16.9.jpg\",\"width\":1587,\"height\":892},{\"@type\":\"BreadcrumbList\",\"@id\":\"https:\\\/\\\/www.sport28.fr\\\/index.php\\\/2024\\\/12\\\/04\\\/lolympisme-a-travers-lobjectif\\\/#breadcrumb\",\"itemListElement\":[{\"@type\":\"ListItem\",\"position\":1,\"name\":\"Accueil\",\"item\":\"https:\\\/\\\/www.sport28.fr\\\/\"},{\"@type\":\"ListItem\",\"position\":2,\"name\":\"L\u2019Olympisme \u00e0 travers l\u2019objectif\"}]},{\"@type\":\"WebSite\",\"@id\":\"https:\\\/\\\/www.sport28.fr\\\/#website\",\"url\":\"https:\\\/\\\/www.sport28.fr\\\/\",\"name\":\"CDOS 28\",\"description\":\"Comit\u00e9 D\u00e9partementale Olympique et Sportif d&#039;Eure et Loir\",\"publisher\":{\"@id\":\"https:\\\/\\\/www.sport28.fr\\\/#organization\"},\"potentialAction\":[{\"@type\":\"SearchAction\",\"target\":{\"@type\":\"EntryPoint\",\"urlTemplate\":\"https:\\\/\\\/www.sport28.fr\\\/?s={search_term_string}\"},\"query-input\":{\"@type\":\"PropertyValueSpecification\",\"valueRequired\":true,\"valueName\":\"search_term_string\"}}],\"inLanguage\":\"fr-FR\"},{\"@type\":\"Organization\",\"@id\":\"https:\\\/\\\/www.sport28.fr\\\/#organization\",\"name\":\"Comit\u00e9 d\u00e9partemental olympique et sportif d'eure-et-loir\",\"alternateName\":\"cdos 28\",\"url\":\"https:\\\/\\\/www.sport28.fr\\\/\",\"logo\":{\"@type\":\"ImageObject\",\"inLanguage\":\"fr-FR\",\"@id\":\"https:\\\/\\\/www.sport28.fr\\\/#\\\/schema\\\/logo\\\/image\\\/\",\"url\":\"https:\\\/\\\/www.sport28.fr\\\/wp-content\\\/uploads\\\/2023\\\/10\\\/cdos_eure_et_loir_logo.jpg\",\"contentUrl\":\"https:\\\/\\\/www.sport28.fr\\\/wp-content\\\/uploads\\\/2023\\\/10\\\/cdos_eure_et_loir_logo.jpg\",\"width\":1000,\"height\":1000,\"caption\":\"Comit\u00e9 d\u00e9partemental olympique et sportif d'eure-et-loir\"},\"image\":{\"@id\":\"https:\\\/\\\/www.sport28.fr\\\/#\\\/schema\\\/logo\\\/image\\\/\"},\"sameAs\":[\"https:\\\/\\\/www.facebook.com\\\/CDOS28?locale=fr_FR\"]},{\"@type\":\"Person\",\"@id\":\"https:\\\/\\\/www.sport28.fr\\\/#\\\/schema\\\/person\\\/d707dc6c4cc8f7ba6a4564f87a6818a8\",\"name\":\"admin28\",\"image\":{\"@type\":\"ImageObject\",\"inLanguage\":\"fr-FR\",\"@id\":\"https:\\\/\\\/secure.gravatar.com\\\/avatar\\\/ec586f5fe487447efd44e48a32fef6a1c590e9d744f9d2c3d84ed071f1581364?s=96&d=mm&r=g\",\"url\":\"https:\\\/\\\/secure.gravatar.com\\\/avatar\\\/ec586f5fe487447efd44e48a32fef6a1c590e9d744f9d2c3d84ed071f1581364?s=96&d=mm&r=g\",\"contentUrl\":\"https:\\\/\\\/secure.gravatar.com\\\/avatar\\\/ec586f5fe487447efd44e48a32fef6a1c590e9d744f9d2c3d84ed071f1581364?s=96&d=mm&r=g\",\"caption\":\"admin28\"},\"sameAs\":[\"http:\\\/\\\/www.dev.sport28.fr\"],\"url\":\"https:\\\/\\\/www.sport28.fr\\\/index.php\\\/author\\\/admin28\\\/\"}]}<\/script>\n<!-- \/ Yoast SEO plugin. -->","yoast_head_json":{"title":"L\u2019Olympisme \u00e0 travers l\u2019objectif - CDOS 28","robots":{"index":"index","follow":"follow","max-snippet":"max-snippet:-1","max-image-preview":"max-image-preview:large","max-video-preview":"max-video-preview:-1"},"canonical":"https:\/\/www.sport28.fr\/index.php\/2024\/12\/04\/lolympisme-a-travers-lobjectif\/","og_locale":"fr_FR","og_type":"article","og_title":"L\u2019Olympisme \u00e0 travers l\u2019objectif - CDOS 28","og_description":"Dans le cadre de l\u2019h\u00e9ritage des Jeux Olympiques et Paralympiques de Paris 2024, le Mouvement Olympique et Sportif du Centre-Val de Loire organise un&nbsp;concours artistique&nbsp;\u00e0 destination des \u00e9coles primaires, des [&hellip;]","og_url":"https:\/\/www.sport28.fr\/index.php\/2024\/12\/04\/lolympisme-a-travers-lobjectif\/","og_site_name":"CDOS 28","article_publisher":"https:\/\/www.facebook.com\/CDOS28?locale=fr_FR","article_published_time":"2024-12-04T13:49:58+00:00","article_modified_time":"2024-12-04T13:50:07+00:00","og_image":[{"width":1587,"height":892,"url":"https:\/\/www.sport28.fr\/wp-content\/uploads\/2024\/12\/Affiche-concours-artistique_16.9.jpg","type":"image\/jpeg"}],"author":"admin28","twitter_card":"summary_large_image","twitter_misc":{"\u00c9crit par":"admin28","Dur\u00e9e de lecture estim\u00e9e":"2 minutes"},"schema":{"@context":"https:\/\/schema.org","@graph":[{"@type":"Article","@id":"https:\/\/www.sport28.fr\/index.php\/2024\/12\/04\/lolympisme-a-travers-lobjectif\/#article","isPartOf":{"@id":"https:\/\/www.sport28.fr\/index.php\/2024\/12\/04\/lolympisme-a-travers-lobjectif\/"},"author":{"name":"admin28","@id":"https:\/\/www.sport28.fr\/#\/schema\/person\/d707dc6c4cc8f7ba6a4564f87a6818a8"},"headline":"L\u2019Olympisme \u00e0 travers l\u2019objectif","datePublished":"2024-12-04T13:49:58+00:00","dateModified":"2024-12-04T13:50:07+00:00","mainEntityOfPage":{"@id":"https:\/\/www.sport28.fr\/index.php\/2024\/12\/04\/lolympisme-a-travers-lobjectif\/"},"wordCount":216,"publisher":{"@id":"https:\/\/www.sport28.fr\/#organization"},"image":{"@id":"https:\/\/www.sport28.fr\/index.php\/2024\/12\/04\/lolympisme-a-travers-lobjectif\/#primaryimage"},"thumbnailUrl":"https:\/\/www.sport28.fr\/wp-content\/uploads\/2024\/12\/Affiche-concours-artistique_16.9.jpg","articleSection":["Sport, \u00e9ducation et citoyennet\u00e9"],"inLanguage":"fr-FR"},{"@type":"WebPage","@id":"https:\/\/www.sport28.fr\/index.php\/2024\/12\/04\/lolympisme-a-travers-lobjectif\/","url":"https:\/\/www.sport28.fr\/index.php\/2024\/12\/04\/lolympisme-a-travers-lobjectif\/","name":"L\u2019Olympisme \u00e0 travers l\u2019objectif - CDOS 28","isPartOf":{"@id":"https:\/\/www.sport28.fr\/#website"},"primaryImageOfPage":{"@id":"https:\/\/www.sport28.fr\/index.php\/2024\/12\/04\/lolympisme-a-travers-lobjectif\/#primaryimage"},"image":{"@id":"https:\/\/www.sport28.fr\/index.php\/2024\/12\/04\/lolympisme-a-travers-lobjectif\/#primaryimage"},"thumbnailUrl":"https:\/\/www.sport28.fr\/wp-content\/uploads\/2024\/12\/Affiche-concours-artistique_16.9.jpg","datePublished":"2024-12-04T13:49:58+00:00","dateModified":"2024-12-04T13:50:07+00:00","breadcrumb":{"@id":"https:\/\/www.sport28.fr\/index.php\/2024\/12\/04\/lolympisme-a-travers-lobjectif\/#breadcrumb"},"inLanguage":"fr-FR","potentialAction":[{"@type":"ReadAction","target":["https:\/\/www.sport28.fr\/index.php\/2024\/12\/04\/lolympisme-a-travers-lobjectif\/"]}]},{"@type":"ImageObject","inLanguage":"fr-FR","@id":"https:\/\/www.sport28.fr\/index.php\/2024\/12\/04\/lolympisme-a-travers-lobjectif\/#primaryimage","url":"https:\/\/www.sport28.fr\/wp-content\/uploads\/2024\/12\/Affiche-concours-artistique_16.9.jpg","contentUrl":"https:\/\/www.sport28.fr\/wp-content\/uploads\/2024\/12\/Affiche-concours-artistique_16.9.jpg","width":1587,"height":892},{"@type":"BreadcrumbList","@id":"https:\/\/www.sport28.fr\/index.php\/2024\/12\/04\/lolympisme-a-travers-lobjectif\/#breadcrumb","itemListElement":[{"@type":"ListItem","position":1,"name":"Accueil","item":"https:\/\/www.sport28.fr\/"},{"@type":"ListItem","position":2,"name":"L\u2019Olympisme \u00e0 travers l\u2019objectif"}]},{"@type":"WebSite","@id":"https:\/\/www.sport28.fr\/#website","url":"https:\/\/www.sport28.fr\/","name":"CDOS 28","description":"Comit\u00e9 D\u00e9partementale Olympique et Sportif d&#039;Eure et Loir","publisher":{"@id":"https:\/\/www.sport28.fr\/#organization"},"potentialAction":[{"@type":"SearchAction","target":{"@type":"EntryPoint","urlTemplate":"https:\/\/www.sport28.fr\/?s={search_term_string}"},"query-input":{"@type":"PropertyValueSpecification","valueRequired":true,"valueName":"search_term_string"}}],"inLanguage":"fr-FR"},{"@type":"Organization","@id":"https:\/\/www.sport28.fr\/#organization","name":"Comit\u00e9 d\u00e9partemental olympique et sportif d'eure-et-loir","alternateName":"cdos 28","url":"https:\/\/www.sport28.fr\/","logo":{"@type":"ImageObject","inLanguage":"fr-FR","@id":"https:\/\/www.sport28.fr\/#\/schema\/logo\/image\/","url":"https:\/\/www.sport28.fr\/wp-content\/uploads\/2023\/10\/cdos_eure_et_loir_logo.jpg","contentUrl":"https:\/\/www.sport28.fr\/wp-content\/uploads\/2023\/10\/cdos_eure_et_loir_logo.jpg","width":1000,"height":1000,"caption":"Comit\u00e9 d\u00e9partemental olympique et sportif d'eure-et-loir"},"image":{"@id":"https:\/\/www.sport28.fr\/#\/schema\/logo\/image\/"},"sameAs":["https:\/\/www.facebook.com\/CDOS28?locale=fr_FR"]},{"@type":"Person","@id":"https:\/\/www.sport28.fr\/#\/schema\/person\/d707dc6c4cc8f7ba6a4564f87a6818a8","name":"admin28","image":{"@type":"ImageObject","inLanguage":"fr-FR","@id":"https:\/\/secure.gravatar.com\/avatar\/ec586f5fe487447efd44e48a32fef6a1c590e9d744f9d2c3d84ed071f1581364?s=96&d=mm&r=g","url":"https:\/\/secure.gravatar.com\/avatar\/ec586f5fe487447efd44e48a32fef6a1c590e9d744f9d2c3d84ed071f1581364?s=96&d=mm&r=g","contentUrl":"https:\/\/secure.gravatar.com\/avatar\/ec586f5fe487447efd44e48a32fef6a1c590e9d744f9d2c3d84ed071f1581364?s=96&d=mm&r=g","caption":"admin28"},"sameAs":["http:\/\/www.dev.sport28.fr"],"url":"https:\/\/www.sport28.fr\/index.php\/author\/admin28\/"}]}},"_links":{"self":[{"href":"https:\/\/www.sport28.fr\/index.php\/wp-json\/wp\/v2\/posts\/3113","targetHints":{"allow":["GET"]}}],"collection":[{"href":"https:\/\/www.sport28.fr\/index.php\/wp-json\/wp\/v2\/posts"}],"about":[{"href":"https:\/\/www.sport28.fr\/index.php\/wp-json\/wp\/v2\/types\/post"}],"author":[{"embeddable":true,"href":"https:\/\/www.sport28.fr\/index.php\/wp-json\/wp\/v2\/users\/1"}],"replies":[{"embeddable":true,"href":"https:\/\/www.sport28.fr\/index.php\/wp-json\/wp\/v2\/comments?post=3113"}],"version-history":[{"count":1,"href":"https:\/\/www.sport28.fr\/index.php\/wp-json\/wp\/v2\/posts\/3113\/revisions"}],"predecessor-version":[{"id":3115,"href":"https:\/\/www.sport28.fr\/index.php\/wp-json\/wp\/v2\/posts\/3113\/revisions\/3115"}],"wp:featuredmedia":[{"embeddable":true,"href":"https:\/\/www.sport28.fr\/index.php\/wp-json\/wp\/v2\/media\/3114"}],"wp:attachment":[{"href":"https:\/\/www.sport28.fr\/index.php\/wp-json\/wp\/v2\/media?parent=3113"}],"wp:term":[{"taxonomy":"category","embeddable":true,"href":"https:\/\/www.sport28.fr\/index.php\/wp-json\/wp\/v2\/categories?post=3113"},{"taxonomy":"post_tag","embeddable":true,"href":"https:\/\/www.sport28.fr\/index.php\/wp-json\/wp\/v2\/tags?post=3113"}],"curies":[{"name":"wp","href":"https:\/\/api.w.org\/{rel}","templated":true}]}}