{"id":3038,"date":"2024-10-23T12:32:55","date_gmt":"2024-10-23T10:32:55","guid":{"rendered":"https:\/\/www.sport28.fr\/?p=3038"},"modified":"2024-10-23T12:33:01","modified_gmt":"2024-10-23T10:33:01","slug":"la-journee-feminine-la-lyceenne","status":"publish","type":"post","link":"https:\/\/www.sport28.fr\/index.php\/2024\/10\/23\/la-journee-feminine-la-lyceenne\/","title":{"rendered":"La journ\u00e9e f\u00e9minine La Lyc\u00e9enne"},"content":{"rendered":"\n<p>Le CDOS 28 a eu le plaisir de participer mercredi dernier \u00e0 la journ\u00e9e f\u00e9minine La Lyc\u00e9enne, organis\u00e9e par l&rsquo;UNSS 28 \u00e0 Luisant.<\/p>\n\n\n\n<p><img decoding=\"async\" height=\"16\" width=\"16\" alt=\"\ud83c\udfeb\" src=\"https:\/\/static.xx.fbcdn.net\/images\/emoji.php\/v9\/tc7\/2\/16\/1f3eb.png\"><img decoding=\"async\" height=\"16\" width=\"16\" alt=\"\u2728\" src=\"https:\/\/static.xx.fbcdn.net\/images\/emoji.php\/v9\/t75\/2\/16\/2728.png\"> \u00c0 cette occasion, nous avons anim\u00e9 un atelier &lsquo;Femme et Sport&rsquo; qui avait pour mission de mettre en lumi\u00e8re les exploits des femmes dans le sport olympique et paralympique <img decoding=\"async\" height=\"16\" width=\"16\" alt=\"\ud83c\udfc5\" src=\"https:\/\/static.xx.fbcdn.net\/images\/emoji.php\/v9\/tdc\/2\/16\/1f3c5.png\"><img loading=\"lazy\" decoding=\"async\" height=\"16\" width=\"16\" alt=\"\ud83e\udd29\" src=\"https:\/\/static.xx.fbcdn.net\/images\/emoji.php\/v9\/tf7\/2\/16\/1f929.png\"> et d\u2019insciter les jeunes filles \u00e0 s&rsquo;engager dans la pratique sportive. <img loading=\"lazy\" decoding=\"async\" height=\"16\" width=\"16\" alt=\"\ud83c\udfc3\u200d\u2640\ufe0f\" src=\"https:\/\/static.xx.fbcdn.net\/images\/emoji.php\/v9\/t88\/2\/16\/1f3c3_200d_2640.png\"><img loading=\"lazy\" decoding=\"async\" height=\"16\" width=\"16\" alt=\"\ud83d\udcaa\" src=\"https:\/\/static.xx.fbcdn.net\/images\/emoji.php\/v9\/tb\/2\/16\/1f4aa.png\"><\/p>\n\n\n\n<p>Tr\u00e8s belle initiative de l&rsquo;UNSS 28. <img loading=\"lazy\" decoding=\"async\" height=\"16\" width=\"16\" alt=\"\ud83d\udc4f\" src=\"https:\/\/static.xx.fbcdn.net\/images\/emoji.php\/v9\/t9d\/2\/16\/1f44f.png\"><img loading=\"lazy\" decoding=\"async\" height=\"16\" width=\"16\" alt=\"\ud83c\udf1f\" src=\"https:\/\/static.xx.fbcdn.net\/images\/emoji.php\/v9\/t7f\/2\/16\/1f31f.png\"><\/p>\n\n\n\n<p><a href=\"https:\/\/www.facebook.com\/UNSS28?__cft__[0]=AZWlckVfn274WmlPUViS6HXq2YagOq2GW-Ht5AcxbC2U0uSANp7wv7ohGOQfCkmlKIa-YSe3uPv0CipDh8vq_XjkrZrDXF0MCK8Ja0vfvNn-gbaOOR0k7SBc9Q6QenTKuRHb50oemq0xcO9zH3B6f8IKzIQwONBqKYwl9XRKDZrWZtny5zk1Kp6U0CfujjkOOBIf60gpJ8nAM_WQ1Whwqndzswk2CIHRiYAew4zX0_suQg&amp;__tn__=-]K-R\">UNSS 28<\/a><\/p>\n\n\n\n<p><a href=\"https:\/\/www.facebook.com\/hashtag\/cdos28?__eep__=6&amp;__cft__[0]=AZWlckVfn274WmlPUViS6HXq2YagOq2GW-Ht5AcxbC2U0uSANp7wv7ohGOQfCkmlKIa-YSe3uPv0CipDh8vq_XjkrZrDXF0MCK8Ja0vfvNn-gbaOOR0k7SBc9Q6QenTKuRHb50oemq0xcO9zH3B6f8IKzIQwONBqKYwl9XRKDZrWZtny5zk1Kp6U0CfujjkOOBIf60gpJ8nAM_WQ1Whwqndzswk2CIHRiYAew4zX0_suQg&amp;__tn__=*NK-R\">#CDOS28<\/a><a href=\"https:\/\/www.facebook.com\/hashtag\/lalyc%C3%A9enne?__eep__=6&amp;__cft__[0]=AZWlckVfn274WmlPUViS6HXq2YagOq2GW-Ht5AcxbC2U0uSANp7wv7ohGOQfCkmlKIa-YSe3uPv0CipDh8vq_XjkrZrDXF0MCK8Ja0vfvNn-gbaOOR0k7SBc9Q6QenTKuRHb50oemq0xcO9zH3B6f8IKzIQwONBqKYwl9XRKDZrWZtny5zk1Kp6U0CfujjkOOBIf60gpJ8nAM_WQ1Whwqndzswk2CIHRiYAew4zX0_suQg&amp;__tn__=*NK-R\">#LaLyc\u00e9enne<\/a><a href=\"https:\/\/www.facebook.com\/hashtag\/sportauf%C3%A9minin?__eep__=6&amp;__cft__[0]=AZWlckVfn274WmlPUViS6HXq2YagOq2GW-Ht5AcxbC2U0uSANp7wv7ohGOQfCkmlKIa-YSe3uPv0CipDh8vq_XjkrZrDXF0MCK8Ja0vfvNn-gbaOOR0k7SBc9Q6QenTKuRHb50oemq0xcO9zH3B6f8IKzIQwONBqKYwl9XRKDZrWZtny5zk1Kp6U0CfujjkOOBIf60gpJ8nAM_WQ1Whwqndzswk2CIHRiYAew4zX0_suQg&amp;__tn__=*NK-R\">#SportAuF\u00e9minin<\/a><a href=\"https:\/\/www.facebook.com\/hashtag\/unss?__eep__=6&amp;__cft__[0]=AZWlckVfn274WmlPUViS6HXq2YagOq2GW-Ht5AcxbC2U0uSANp7wv7ohGOQfCkmlKIa-YSe3uPv0CipDh8vq_XjkrZrDXF0MCK8Ja0vfvNn-gbaOOR0k7SBc9Q6QenTKuRHb50oemq0xcO9zH3B6f8IKzIQwONBqKYwl9XRKDZrWZtny5zk1Kp6U0CfujjkOOBIf60gpJ8nAM_WQ1Whwqndzswk2CIHRiYAew4zX0_suQg&amp;__tn__=*NK-R\">#UNSS<\/a><a href=\"https:\/\/www.facebook.com\/hashtag\/femmeetsport?__eep__=6&amp;__cft__[0]=AZWlckVfn274WmlPUViS6HXq2YagOq2GW-Ht5AcxbC2U0uSANp7wv7ohGOQfCkmlKIa-YSe3uPv0CipDh8vq_XjkrZrDXF0MCK8Ja0vfvNn-gbaOOR0k7SBc9Q6QenTKuRHb50oemq0xcO9zH3B6f8IKzIQwONBqKYwl9XRKDZrWZtny5zk1Kp6U0CfujjkOOBIf60gpJ8nAM_WQ1Whwqndzswk2CIHRiYAew4zX0_suQg&amp;__tn__=*NK-R\">#FemmeEtSport<\/a><img decoding=\"async\" height=\"16\" width=\"16\" alt=\"\ud83c\udfc5\" src=\"https:\/\/static.xx.fbcdn.net\/images\/emoji.php\/v9\/tdc\/2\/16\/1f3c5.png\"><img loading=\"lazy\" decoding=\"async\" height=\"16\" width=\"16\" alt=\"\ud83c\udf38\" src=\"https:\/\/static.xx.fbcdn.net\/images\/emoji.php\/v9\/t8f\/2\/16\/1f338.png\"><\/p>\n\n\n\n<figure class=\"wp-block-gallery has-nested-images columns-default is-cropped wp-block-gallery-1 is-layout-flex wp-block-gallery-is-layout-flex\">\n<figure class=\"wp-block-image size-large\"><img loading=\"lazy\" decoding=\"async\" width=\"1024\" height=\"768\" data-id=\"3040\" src=\"https:\/\/www.sport28.fr\/wp-content\/uploads\/2024\/10\/7bf6cfd0-7971-45c3-b216-6170e6f5954b-1024x768.jpg\" alt=\"\" class=\"wp-image-3040\" srcset=\"https:\/\/www.sport28.fr\/wp-content\/uploads\/2024\/10\/7bf6cfd0-7971-45c3-b216-6170e6f5954b-1024x768.jpg 1024w, https:\/\/www.sport28.fr\/wp-content\/uploads\/2024\/10\/7bf6cfd0-7971-45c3-b216-6170e6f5954b-300x225.jpg 300w, https:\/\/www.sport28.fr\/wp-content\/uploads\/2024\/10\/7bf6cfd0-7971-45c3-b216-6170e6f5954b-768x576.jpg 768w, https:\/\/www.sport28.fr\/wp-content\/uploads\/2024\/10\/7bf6cfd0-7971-45c3-b216-6170e6f5954b-1536x1152.jpg 1536w, https:\/\/www.sport28.fr\/wp-content\/uploads\/2024\/10\/7bf6cfd0-7971-45c3-b216-6170e6f5954b-2048x1536.jpg 2048w, https:\/\/www.sport28.fr\/wp-content\/uploads\/2024\/10\/7bf6cfd0-7971-45c3-b216-6170e6f5954b-1320x990.jpg 1320w\" sizes=\"(max-width: 1024px) 100vw, 1024px\" \/><\/figure>\n\n\n\n<figure class=\"wp-block-image size-large\"><img loading=\"lazy\" decoding=\"async\" width=\"1024\" height=\"768\" data-id=\"3043\" src=\"https:\/\/www.sport28.fr\/wp-content\/uploads\/2024\/10\/1s-1024x768.jpg\" alt=\"\" class=\"wp-image-3043\" srcset=\"https:\/\/www.sport28.fr\/wp-content\/uploads\/2024\/10\/1s-1024x768.jpg 1024w, https:\/\/www.sport28.fr\/wp-content\/uploads\/2024\/10\/1s-300x225.jpg 300w, https:\/\/www.sport28.fr\/wp-content\/uploads\/2024\/10\/1s-768x576.jpg 768w, https:\/\/www.sport28.fr\/wp-content\/uploads\/2024\/10\/1s-1536x1152.jpg 1536w, https:\/\/www.sport28.fr\/wp-content\/uploads\/2024\/10\/1s-2048x1536.jpg 2048w, https:\/\/www.sport28.fr\/wp-content\/uploads\/2024\/10\/1s-1320x990.jpg 1320w\" sizes=\"(max-width: 1024px) 100vw, 1024px\" \/><\/figure>\n\n\n\n<figure class=\"wp-block-image size-large\"><img loading=\"lazy\" decoding=\"async\" width=\"1024\" height=\"768\" data-id=\"3039\" src=\"https:\/\/www.sport28.fr\/wp-content\/uploads\/2024\/10\/3s-1024x768.jpg\" alt=\"\" class=\"wp-image-3039\" srcset=\"https:\/\/www.sport28.fr\/wp-content\/uploads\/2024\/10\/3s-1024x768.jpg 1024w, https:\/\/www.sport28.fr\/wp-content\/uploads\/2024\/10\/3s-300x225.jpg 300w, https:\/\/www.sport28.fr\/wp-content\/uploads\/2024\/10\/3s-768x576.jpg 768w, https:\/\/www.sport28.fr\/wp-content\/uploads\/2024\/10\/3s-1536x1152.jpg 1536w, https:\/\/www.sport28.fr\/wp-content\/uploads\/2024\/10\/3s-2048x1536.jpg 2048w, https:\/\/www.sport28.fr\/wp-content\/uploads\/2024\/10\/3s-1320x990.jpg 1320w\" sizes=\"(max-width: 1024px) 100vw, 1024px\" \/><\/figure>\n<\/figure>\n\n\n\n<p><\/p>\n","protected":false},"excerpt":{"rendered":"<p>Le CDOS 28 a eu le plaisir de participer mercredi dernier \u00e0 la journ\u00e9e f\u00e9minine La Lyc\u00e9enne, organis\u00e9e par l&rsquo;UNSS 28 \u00e0 Luisant. \u00c0 cette occasion, nous avons anim\u00e9 un [&hellip;]<\/p>\n","protected":false},"author":1,"featured_media":3043,"comment_status":"closed","ping_status":"open","sticky":false,"template":"","format":"standard","meta":{"footnotes":""},"categories":[29],"tags":[],"class_list":["post-3038","post","type-post","status-publish","format-standard","has-post-thumbnail","hentry","category-sport-education-et-citoyennete"],"yoast_head":"<!-- This site is optimized with the Yoast SEO plugin v27.5 - https:\/\/yoast.com\/product\/yoast-seo-wordpress\/ -->\n<title>La journ\u00e9e f\u00e9minine La Lyc\u00e9enne - CDOS 28<\/title>\n<meta name=\"robots\" content=\"index, follow, max-snippet:-1, max-image-preview:large, max-video-preview:-1\" \/>\n<link rel=\"canonical\" href=\"https:\/\/www.sport28.fr\/index.php\/2024\/10\/23\/la-journee-feminine-la-lyceenne\/\" \/>\n<meta property=\"og:locale\" content=\"fr_FR\" \/>\n<meta property=\"og:type\" content=\"article\" \/>\n<meta property=\"og:title\" content=\"La journ\u00e9e f\u00e9minine La Lyc\u00e9enne - CDOS 28\" \/>\n<meta property=\"og:description\" content=\"Le CDOS 28 a eu le plaisir de participer mercredi dernier \u00e0 la journ\u00e9e f\u00e9minine La Lyc\u00e9enne, organis\u00e9e par l&rsquo;UNSS 28 \u00e0 Luisant. \u00c0 cette occasion, nous avons anim\u00e9 un [&hellip;]\" \/>\n<meta property=\"og:url\" content=\"https:\/\/www.sport28.fr\/index.php\/2024\/10\/23\/la-journee-feminine-la-lyceenne\/\" \/>\n<meta property=\"og:site_name\" content=\"CDOS 28\" \/>\n<meta property=\"article:publisher\" content=\"https:\/\/www.facebook.com\/CDOS28?locale=fr_FR\" \/>\n<meta property=\"article:published_time\" content=\"2024-10-23T10:32:55+00:00\" \/>\n<meta property=\"article:modified_time\" content=\"2024-10-23T10:33:01+00:00\" \/>\n<meta property=\"og:image\" content=\"https:\/\/www.sport28.fr\/wp-content\/uploads\/2024\/10\/1s-scaled.jpg\" \/>\n\t<meta property=\"og:image:width\" content=\"2560\" \/>\n\t<meta property=\"og:image:height\" content=\"1920\" \/>\n\t<meta property=\"og:image:type\" content=\"image\/jpeg\" \/>\n<meta name=\"author\" content=\"admin28\" \/>\n<meta name=\"twitter:card\" content=\"summary_large_image\" \/>\n<meta name=\"twitter:label1\" content=\"\u00c9crit par\" \/>\n\t<meta name=\"twitter:data1\" content=\"admin28\" \/>\n\t<meta name=\"twitter:label2\" content=\"Dur\u00e9e de lecture estim\u00e9e\" \/>\n\t<meta name=\"twitter:data2\" content=\"4 minutes\" \/>\n<script type=\"application\/ld+json\" class=\"yoast-schema-graph\">{\"@context\":\"https:\\\/\\\/schema.org\",\"@graph\":[{\"@type\":\"Article\",\"@id\":\"https:\\\/\\\/www.sport28.fr\\\/index.php\\\/2024\\\/10\\\/23\\\/la-journee-feminine-la-lyceenne\\\/#article\",\"isPartOf\":{\"@id\":\"https:\\\/\\\/www.sport28.fr\\\/index.php\\\/2024\\\/10\\\/23\\\/la-journee-feminine-la-lyceenne\\\/\"},\"author\":{\"name\":\"admin28\",\"@id\":\"https:\\\/\\\/www.sport28.fr\\\/#\\\/schema\\\/person\\\/d707dc6c4cc8f7ba6a4564f87a6818a8\"},\"headline\":\"La journ\u00e9e f\u00e9minine La Lyc\u00e9enne\",\"datePublished\":\"2024-10-23T10:32:55+00:00\",\"dateModified\":\"2024-10-23T10:33:01+00:00\",\"mainEntityOfPage\":{\"@id\":\"https:\\\/\\\/www.sport28.fr\\\/index.php\\\/2024\\\/10\\\/23\\\/la-journee-feminine-la-lyceenne\\\/\"},\"wordCount\":85,\"publisher\":{\"@id\":\"https:\\\/\\\/www.sport28.fr\\\/#organization\"},\"image\":{\"@id\":\"https:\\\/\\\/www.sport28.fr\\\/index.php\\\/2024\\\/10\\\/23\\\/la-journee-feminine-la-lyceenne\\\/#primaryimage\"},\"thumbnailUrl\":\"https:\\\/\\\/www.sport28.fr\\\/wp-content\\\/uploads\\\/2024\\\/10\\\/1s-scaled.jpg\",\"articleSection\":[\"Sport, \u00e9ducation et citoyennet\u00e9\"],\"inLanguage\":\"fr-FR\"},{\"@type\":\"WebPage\",\"@id\":\"https:\\\/\\\/www.sport28.fr\\\/index.php\\\/2024\\\/10\\\/23\\\/la-journee-feminine-la-lyceenne\\\/\",\"url\":\"https:\\\/\\\/www.sport28.fr\\\/index.php\\\/2024\\\/10\\\/23\\\/la-journee-feminine-la-lyceenne\\\/\",\"name\":\"La journ\u00e9e f\u00e9minine La Lyc\u00e9enne - CDOS 28\",\"isPartOf\":{\"@id\":\"https:\\\/\\\/www.sport28.fr\\\/#website\"},\"primaryImageOfPage\":{\"@id\":\"https:\\\/\\\/www.sport28.fr\\\/index.php\\\/2024\\\/10\\\/23\\\/la-journee-feminine-la-lyceenne\\\/#primaryimage\"},\"image\":{\"@id\":\"https:\\\/\\\/www.sport28.fr\\\/index.php\\\/2024\\\/10\\\/23\\\/la-journee-feminine-la-lyceenne\\\/#primaryimage\"},\"thumbnailUrl\":\"https:\\\/\\\/www.sport28.fr\\\/wp-content\\\/uploads\\\/2024\\\/10\\\/1s-scaled.jpg\",\"datePublished\":\"2024-10-23T10:32:55+00:00\",\"dateModified\":\"2024-10-23T10:33:01+00:00\",\"breadcrumb\":{\"@id\":\"https:\\\/\\\/www.sport28.fr\\\/index.php\\\/2024\\\/10\\\/23\\\/la-journee-feminine-la-lyceenne\\\/#breadcrumb\"},\"inLanguage\":\"fr-FR\",\"potentialAction\":[{\"@type\":\"ReadAction\",\"target\":[\"https:\\\/\\\/www.sport28.fr\\\/index.php\\\/2024\\\/10\\\/23\\\/la-journee-feminine-la-lyceenne\\\/\"]}]},{\"@type\":\"ImageObject\",\"inLanguage\":\"fr-FR\",\"@id\":\"https:\\\/\\\/www.sport28.fr\\\/index.php\\\/2024\\\/10\\\/23\\\/la-journee-feminine-la-lyceenne\\\/#primaryimage\",\"url\":\"https:\\\/\\\/www.sport28.fr\\\/wp-content\\\/uploads\\\/2024\\\/10\\\/1s-scaled.jpg\",\"contentUrl\":\"https:\\\/\\\/www.sport28.fr\\\/wp-content\\\/uploads\\\/2024\\\/10\\\/1s-scaled.jpg\",\"width\":2560,\"height\":1920},{\"@type\":\"BreadcrumbList\",\"@id\":\"https:\\\/\\\/www.sport28.fr\\\/index.php\\\/2024\\\/10\\\/23\\\/la-journee-feminine-la-lyceenne\\\/#breadcrumb\",\"itemListElement\":[{\"@type\":\"ListItem\",\"position\":1,\"name\":\"Accueil\",\"item\":\"https:\\\/\\\/www.sport28.fr\\\/\"},{\"@type\":\"ListItem\",\"position\":2,\"name\":\"La journ\u00e9e f\u00e9minine La Lyc\u00e9enne\"}]},{\"@type\":\"WebSite\",\"@id\":\"https:\\\/\\\/www.sport28.fr\\\/#website\",\"url\":\"https:\\\/\\\/www.sport28.fr\\\/\",\"name\":\"CDOS 28\",\"description\":\"Comit\u00e9 D\u00e9partementale Olympique et Sportif d&#039;Eure et Loir\",\"publisher\":{\"@id\":\"https:\\\/\\\/www.sport28.fr\\\/#organization\"},\"potentialAction\":[{\"@type\":\"SearchAction\",\"target\":{\"@type\":\"EntryPoint\",\"urlTemplate\":\"https:\\\/\\\/www.sport28.fr\\\/?s={search_term_string}\"},\"query-input\":{\"@type\":\"PropertyValueSpecification\",\"valueRequired\":true,\"valueName\":\"search_term_string\"}}],\"inLanguage\":\"fr-FR\"},{\"@type\":\"Organization\",\"@id\":\"https:\\\/\\\/www.sport28.fr\\\/#organization\",\"name\":\"Comit\u00e9 d\u00e9partemental olympique et sportif d'eure-et-loir\",\"alternateName\":\"cdos 28\",\"url\":\"https:\\\/\\\/www.sport28.fr\\\/\",\"logo\":{\"@type\":\"ImageObject\",\"inLanguage\":\"fr-FR\",\"@id\":\"https:\\\/\\\/www.sport28.fr\\\/#\\\/schema\\\/logo\\\/image\\\/\",\"url\":\"https:\\\/\\\/www.sport28.fr\\\/wp-content\\\/uploads\\\/2023\\\/10\\\/cdos_eure_et_loir_logo.jpg\",\"contentUrl\":\"https:\\\/\\\/www.sport28.fr\\\/wp-content\\\/uploads\\\/2023\\\/10\\\/cdos_eure_et_loir_logo.jpg\",\"width\":1000,\"height\":1000,\"caption\":\"Comit\u00e9 d\u00e9partemental olympique et sportif d'eure-et-loir\"},\"image\":{\"@id\":\"https:\\\/\\\/www.sport28.fr\\\/#\\\/schema\\\/logo\\\/image\\\/\"},\"sameAs\":[\"https:\\\/\\\/www.facebook.com\\\/CDOS28?locale=fr_FR\"]},{\"@type\":\"Person\",\"@id\":\"https:\\\/\\\/www.sport28.fr\\\/#\\\/schema\\\/person\\\/d707dc6c4cc8f7ba6a4564f87a6818a8\",\"name\":\"admin28\",\"image\":{\"@type\":\"ImageObject\",\"inLanguage\":\"fr-FR\",\"@id\":\"https:\\\/\\\/secure.gravatar.com\\\/avatar\\\/ec586f5fe487447efd44e48a32fef6a1c590e9d744f9d2c3d84ed071f1581364?s=96&d=mm&r=g\",\"url\":\"https:\\\/\\\/secure.gravatar.com\\\/avatar\\\/ec586f5fe487447efd44e48a32fef6a1c590e9d744f9d2c3d84ed071f1581364?s=96&d=mm&r=g\",\"contentUrl\":\"https:\\\/\\\/secure.gravatar.com\\\/avatar\\\/ec586f5fe487447efd44e48a32fef6a1c590e9d744f9d2c3d84ed071f1581364?s=96&d=mm&r=g\",\"caption\":\"admin28\"},\"sameAs\":[\"http:\\\/\\\/www.dev.sport28.fr\"],\"url\":\"https:\\\/\\\/www.sport28.fr\\\/index.php\\\/author\\\/admin28\\\/\"}]}<\/script>\n<!-- \/ Yoast SEO plugin. -->","yoast_head_json":{"title":"La journ\u00e9e f\u00e9minine La Lyc\u00e9enne - CDOS 28","robots":{"index":"index","follow":"follow","max-snippet":"max-snippet:-1","max-image-preview":"max-image-preview:large","max-video-preview":"max-video-preview:-1"},"canonical":"https:\/\/www.sport28.fr\/index.php\/2024\/10\/23\/la-journee-feminine-la-lyceenne\/","og_locale":"fr_FR","og_type":"article","og_title":"La journ\u00e9e f\u00e9minine La Lyc\u00e9enne - CDOS 28","og_description":"Le CDOS 28 a eu le plaisir de participer mercredi dernier \u00e0 la journ\u00e9e f\u00e9minine La Lyc\u00e9enne, organis\u00e9e par l&rsquo;UNSS 28 \u00e0 Luisant. \u00c0 cette occasion, nous avons anim\u00e9 un [&hellip;]","og_url":"https:\/\/www.sport28.fr\/index.php\/2024\/10\/23\/la-journee-feminine-la-lyceenne\/","og_site_name":"CDOS 28","article_publisher":"https:\/\/www.facebook.com\/CDOS28?locale=fr_FR","article_published_time":"2024-10-23T10:32:55+00:00","article_modified_time":"2024-10-23T10:33:01+00:00","og_image":[{"width":2560,"height":1920,"url":"https:\/\/www.sport28.fr\/wp-content\/uploads\/2024\/10\/1s-scaled.jpg","type":"image\/jpeg"}],"author":"admin28","twitter_card":"summary_large_image","twitter_misc":{"\u00c9crit par":"admin28","Dur\u00e9e de lecture estim\u00e9e":"4 minutes"},"schema":{"@context":"https:\/\/schema.org","@graph":[{"@type":"Article","@id":"https:\/\/www.sport28.fr\/index.php\/2024\/10\/23\/la-journee-feminine-la-lyceenne\/#article","isPartOf":{"@id":"https:\/\/www.sport28.fr\/index.php\/2024\/10\/23\/la-journee-feminine-la-lyceenne\/"},"author":{"name":"admin28","@id":"https:\/\/www.sport28.fr\/#\/schema\/person\/d707dc6c4cc8f7ba6a4564f87a6818a8"},"headline":"La journ\u00e9e f\u00e9minine La Lyc\u00e9enne","datePublished":"2024-10-23T10:32:55+00:00","dateModified":"2024-10-23T10:33:01+00:00","mainEntityOfPage":{"@id":"https:\/\/www.sport28.fr\/index.php\/2024\/10\/23\/la-journee-feminine-la-lyceenne\/"},"wordCount":85,"publisher":{"@id":"https:\/\/www.sport28.fr\/#organization"},"image":{"@id":"https:\/\/www.sport28.fr\/index.php\/2024\/10\/23\/la-journee-feminine-la-lyceenne\/#primaryimage"},"thumbnailUrl":"https:\/\/www.sport28.fr\/wp-content\/uploads\/2024\/10\/1s-scaled.jpg","articleSection":["Sport, \u00e9ducation et citoyennet\u00e9"],"inLanguage":"fr-FR"},{"@type":"WebPage","@id":"https:\/\/www.sport28.fr\/index.php\/2024\/10\/23\/la-journee-feminine-la-lyceenne\/","url":"https:\/\/www.sport28.fr\/index.php\/2024\/10\/23\/la-journee-feminine-la-lyceenne\/","name":"La journ\u00e9e f\u00e9minine La Lyc\u00e9enne - CDOS 28","isPartOf":{"@id":"https:\/\/www.sport28.fr\/#website"},"primaryImageOfPage":{"@id":"https:\/\/www.sport28.fr\/index.php\/2024\/10\/23\/la-journee-feminine-la-lyceenne\/#primaryimage"},"image":{"@id":"https:\/\/www.sport28.fr\/index.php\/2024\/10\/23\/la-journee-feminine-la-lyceenne\/#primaryimage"},"thumbnailUrl":"https:\/\/www.sport28.fr\/wp-content\/uploads\/2024\/10\/1s-scaled.jpg","datePublished":"2024-10-23T10:32:55+00:00","dateModified":"2024-10-23T10:33:01+00:00","breadcrumb":{"@id":"https:\/\/www.sport28.fr\/index.php\/2024\/10\/23\/la-journee-feminine-la-lyceenne\/#breadcrumb"},"inLanguage":"fr-FR","potentialAction":[{"@type":"ReadAction","target":["https:\/\/www.sport28.fr\/index.php\/2024\/10\/23\/la-journee-feminine-la-lyceenne\/"]}]},{"@type":"ImageObject","inLanguage":"fr-FR","@id":"https:\/\/www.sport28.fr\/index.php\/2024\/10\/23\/la-journee-feminine-la-lyceenne\/#primaryimage","url":"https:\/\/www.sport28.fr\/wp-content\/uploads\/2024\/10\/1s-scaled.jpg","contentUrl":"https:\/\/www.sport28.fr\/wp-content\/uploads\/2024\/10\/1s-scaled.jpg","width":2560,"height":1920},{"@type":"BreadcrumbList","@id":"https:\/\/www.sport28.fr\/index.php\/2024\/10\/23\/la-journee-feminine-la-lyceenne\/#breadcrumb","itemListElement":[{"@type":"ListItem","position":1,"name":"Accueil","item":"https:\/\/www.sport28.fr\/"},{"@type":"ListItem","position":2,"name":"La journ\u00e9e f\u00e9minine La Lyc\u00e9enne"}]},{"@type":"WebSite","@id":"https:\/\/www.sport28.fr\/#website","url":"https:\/\/www.sport28.fr\/","name":"CDOS 28","description":"Comit\u00e9 D\u00e9partementale Olympique et Sportif d&#039;Eure et Loir","publisher":{"@id":"https:\/\/www.sport28.fr\/#organization"},"potentialAction":[{"@type":"SearchAction","target":{"@type":"EntryPoint","urlTemplate":"https:\/\/www.sport28.fr\/?s={search_term_string}"},"query-input":{"@type":"PropertyValueSpecification","valueRequired":true,"valueName":"search_term_string"}}],"inLanguage":"fr-FR"},{"@type":"Organization","@id":"https:\/\/www.sport28.fr\/#organization","name":"Comit\u00e9 d\u00e9partemental olympique et sportif d'eure-et-loir","alternateName":"cdos 28","url":"https:\/\/www.sport28.fr\/","logo":{"@type":"ImageObject","inLanguage":"fr-FR","@id":"https:\/\/www.sport28.fr\/#\/schema\/logo\/image\/","url":"https:\/\/www.sport28.fr\/wp-content\/uploads\/2023\/10\/cdos_eure_et_loir_logo.jpg","contentUrl":"https:\/\/www.sport28.fr\/wp-content\/uploads\/2023\/10\/cdos_eure_et_loir_logo.jpg","width":1000,"height":1000,"caption":"Comit\u00e9 d\u00e9partemental olympique et sportif d'eure-et-loir"},"image":{"@id":"https:\/\/www.sport28.fr\/#\/schema\/logo\/image\/"},"sameAs":["https:\/\/www.facebook.com\/CDOS28?locale=fr_FR"]},{"@type":"Person","@id":"https:\/\/www.sport28.fr\/#\/schema\/person\/d707dc6c4cc8f7ba6a4564f87a6818a8","name":"admin28","image":{"@type":"ImageObject","inLanguage":"fr-FR","@id":"https:\/\/secure.gravatar.com\/avatar\/ec586f5fe487447efd44e48a32fef6a1c590e9d744f9d2c3d84ed071f1581364?s=96&d=mm&r=g","url":"https:\/\/secure.gravatar.com\/avatar\/ec586f5fe487447efd44e48a32fef6a1c590e9d744f9d2c3d84ed071f1581364?s=96&d=mm&r=g","contentUrl":"https:\/\/secure.gravatar.com\/avatar\/ec586f5fe487447efd44e48a32fef6a1c590e9d744f9d2c3d84ed071f1581364?s=96&d=mm&r=g","caption":"admin28"},"sameAs":["http:\/\/www.dev.sport28.fr"],"url":"https:\/\/www.sport28.fr\/index.php\/author\/admin28\/"}]}},"_links":{"self":[{"href":"https:\/\/www.sport28.fr\/index.php\/wp-json\/wp\/v2\/posts\/3038","targetHints":{"allow":["GET"]}}],"collection":[{"href":"https:\/\/www.sport28.fr\/index.php\/wp-json\/wp\/v2\/posts"}],"about":[{"href":"https:\/\/www.sport28.fr\/index.php\/wp-json\/wp\/v2\/types\/post"}],"author":[{"embeddable":true,"href":"https:\/\/www.sport28.fr\/index.php\/wp-json\/wp\/v2\/users\/1"}],"replies":[{"embeddable":true,"href":"https:\/\/www.sport28.fr\/index.php\/wp-json\/wp\/v2\/comments?post=3038"}],"version-history":[{"count":1,"href":"https:\/\/www.sport28.fr\/index.php\/wp-json\/wp\/v2\/posts\/3038\/revisions"}],"predecessor-version":[{"id":3044,"href":"https:\/\/www.sport28.fr\/index.php\/wp-json\/wp\/v2\/posts\/3038\/revisions\/3044"}],"wp:featuredmedia":[{"embeddable":true,"href":"https:\/\/www.sport28.fr\/index.php\/wp-json\/wp\/v2\/media\/3043"}],"wp:attachment":[{"href":"https:\/\/www.sport28.fr\/index.php\/wp-json\/wp\/v2\/media?parent=3038"}],"wp:term":[{"taxonomy":"category","embeddable":true,"href":"https:\/\/www.sport28.fr\/index.php\/wp-json\/wp\/v2\/categories?post=3038"},{"taxonomy":"post_tag","embeddable":true,"href":"https:\/\/www.sport28.fr\/index.php\/wp-json\/wp\/v2\/tags?post=3038"}],"curies":[{"name":"wp","href":"https:\/\/api.w.org\/{rel}","templated":true}]}}