{"id":2886,"date":"2024-09-11T15:16:06","date_gmt":"2024-09-11T13:16:06","guid":{"rendered":"https:\/\/www.sport28.fr\/?p=2886"},"modified":"2024-09-12T11:14:40","modified_gmt":"2024-09-12T09:14:40","slug":"les-athletes-de-leure-et-loir-aux-jeux-olympiques-et-paralympiques-2024","status":"publish","type":"post","link":"https:\/\/www.sport28.fr\/index.php\/2024\/09\/11\/les-athletes-de-leure-et-loir-aux-jeux-olympiques-et-paralympiques-2024\/","title":{"rendered":"Les athl\u00e8tes de l&rsquo;Eure-et-Loir aux jeux olympiques et paralympiques 2024"},"content":{"rendered":"\n<p><strong>F\u00e9licitations \u00e0 nos athl\u00e8tes d&rsquo;Eure-et-Loir ayant particip\u00e9 aux Jeux Olympiques et Paralympiques de 2024 !<\/strong><\/p>\n\n\n\n<p>Nous voulons &nbsp;honorer nos athl\u00e8tes&nbsp; originaires ou licenci\u00e9s en Eure-et-Loir qui ont particip\u00e9 aux Jeux Olympiques et Paralympiques. Ils ont montr\u00e9 leur talent et leur d\u00e9termination,. Voici leurs performances :&nbsp; &nbsp; &nbsp; &nbsp; &nbsp; &nbsp; &nbsp; &nbsp; &nbsp; <\/p>\n\n\n\n<p><strong>Athl\u00e8tes Paralympiques<\/strong> :<\/p>\n\n\n\n<ul class=\"wp-block-list\">\n<li><strong>Timoth\u00e9e Adolphe<\/strong>&nbsp; a remport\u00e9 la m\u00e9daille d\u2019argent au 400 m. <\/li>\n\n\n\n<li><strong>Aur\u00e9lie Aubert<\/strong>&nbsp; a gagn\u00e9 la m\u00e9daille d\u2019or en Boccia. <\/li>\n<\/ul>\n\n\n\n<p><strong>Athl\u00e8tes Olympiques :<\/strong><\/p>\n\n\n\n<ul class=\"wp-block-list\">\n<li><strong>Karim Laghouag<\/strong>&nbsp; a remport\u00e9 la m\u00e9daille d\u2019argent au concours complet d\u2019\u00e9quitation par \u00e9quipe.<\/li>\n\n\n\n<li><strong>Enzo Millot<\/strong>&nbsp; a gagn\u00e9 la m\u00e9daille d\u2019argent <strong>en Football, licenci\u00e9 au VFB Stuttgart<\/strong><\/li>\n\n\n\n<li><strong>Adrien Truffert<\/strong>&nbsp; a \u00e9galement remport\u00e9 la m\u00e9daille d\u2019argent <strong>en football, licenci\u00e9 au Stade Rennais FC&nbsp;<\/strong><\/li>\n\n\n\n<li><strong>Guerschon Yabusele<\/strong>  a obtenu la m\u00e9daille d\u2019argent&nbsp;<strong>en basket, licenci\u00e9 au 76ers de Philadelphie&nbsp;<\/strong><\/li>\n<\/ul>\n\n\n\n<ul class=\"wp-block-list\">\n<li><strong>L\u00e9a Le Garrec<\/strong>\u00a0 joueuse de football au FC Fleury 91, a \u00e9t\u00e9 rempla\u00e7ante lors des \u00bc de finale,<strong> licenci\u00e9e au Al-Qadsiah FC<\/strong>\u00a0 \u00a0 \u00a0 \u00a0 \u00a0 \u00a0 \u00a0 \u00a0 \u00a0 \u00a0 \u00a0 \u00a0 \u00a0 \u00a0 \u00a0 \u00a0 \u00a0 \u00a0 \u00a0 \u00a0 \u00a0 \u00a0 \u00a0 \u00a0 \u00a0 \u00a0 \u00a0 \u00a0 \u00a0 \u00a0 \u00a0 \u00a0 \u00a0 \u00a0 \u00a0 \u00a0 \u00a0 \u00a0 \u00a0 \u00a0 \u00a0 \u00a0 \u00a0 \u00a0 \u00a0 \u00a0 \u00a0 \u00a0 \u00a0 \u00a0 \u00a0 \u00a0 \u00a0 \u00a0 \u00a0 \u00a0 \u00a0 \u00a0 \u00a0 \u00a0 \u00a0 \u00a0 \u00a0 \u00a0 \u00a0<\/li>\n\n\n\n<li>&nbsp;<strong>S\u00e9raphine Okemba<\/strong>&nbsp; joueuse de rugby \u00e0 7 f\u00e9minin, licenci\u00e9e \u00e0 Lyon olympique universitaire.<\/li>\n\n\n\n<li><strong>Rose Loga<\/strong>&nbsp; a termin\u00e9 10e au lancer de marteau en athl\u00e9tisme,<strong> licenci\u00e9e \u00e0 l&rsquo;ACLAM (Athl\u00e9 Chartres ASPTT&nbsp;Luc\u00e9 Mainvilliers)<\/strong><\/li>\n<\/ul>\n\n\n\n<p>Merci \u00e0 tous ces athl\u00e8tes pour leur talent et leur travail. Le Comit\u00e9 D\u00e9partemental Olympique et Sportif d\u2019Eure et Loir<strong> <\/strong>leur est tr\u00e8s reconnaissant.<\/p>\n","protected":false},"excerpt":{"rendered":"<p>F\u00e9licitations \u00e0 nos athl\u00e8tes d&rsquo;Eure-et-Loir ayant particip\u00e9 aux Jeux Olympiques et Paralympiques de 2024 ! Nous voulons &nbsp;honorer nos athl\u00e8tes&nbsp; originaires ou licenci\u00e9s en Eure-et-Loir qui ont particip\u00e9 aux Jeux [&hellip;]<\/p>\n","protected":false},"author":1,"featured_media":2780,"comment_status":"closed","ping_status":"open","sticky":false,"template":"","format":"standard","meta":{"footnotes":""},"categories":[33],"tags":[],"class_list":["post-2886","post","type-post","status-publish","format-standard","has-post-thumbnail","hentry","category-paris-2024"],"yoast_head":"<!-- This site is optimized with the Yoast SEO plugin v27.5 - https:\/\/yoast.com\/product\/yoast-seo-wordpress\/ -->\n<title>Les athl\u00e8tes de l&#039;Eure-et-Loir aux jeux olympiques et paralympiques 2024 - CDOS 28<\/title>\n<meta name=\"robots\" content=\"index, follow, max-snippet:-1, max-image-preview:large, max-video-preview:-1\" \/>\n<link rel=\"canonical\" href=\"https:\/\/www.sport28.fr\/index.php\/2024\/09\/11\/les-athletes-de-leure-et-loir-aux-jeux-olympiques-et-paralympiques-2024\/\" \/>\n<meta property=\"og:locale\" content=\"fr_FR\" \/>\n<meta property=\"og:type\" content=\"article\" \/>\n<meta property=\"og:title\" content=\"Les athl\u00e8tes de l&#039;Eure-et-Loir aux jeux olympiques et paralympiques 2024 - CDOS 28\" \/>\n<meta property=\"og:description\" content=\"F\u00e9licitations \u00e0 nos athl\u00e8tes d&rsquo;Eure-et-Loir ayant particip\u00e9 aux Jeux Olympiques et Paralympiques de 2024 ! Nous voulons &nbsp;honorer nos athl\u00e8tes&nbsp; originaires ou licenci\u00e9s en Eure-et-Loir qui ont particip\u00e9 aux Jeux [&hellip;]\" \/>\n<meta property=\"og:url\" content=\"https:\/\/www.sport28.fr\/index.php\/2024\/09\/11\/les-athletes-de-leure-et-loir-aux-jeux-olympiques-et-paralympiques-2024\/\" \/>\n<meta property=\"og:site_name\" content=\"CDOS 28\" \/>\n<meta property=\"article:publisher\" content=\"https:\/\/www.facebook.com\/CDOS28?locale=fr_FR\" \/>\n<meta property=\"article:published_time\" content=\"2024-09-11T13:16:06+00:00\" \/>\n<meta property=\"article:modified_time\" content=\"2024-09-12T09:14:40+00:00\" \/>\n<meta property=\"og:image\" content=\"https:\/\/www.sport28.fr\/wp-content\/uploads\/2023\/10\/cdos_eure_et_loir_logo.jpg\" \/>\n\t<meta property=\"og:image:width\" content=\"1000\" \/>\n\t<meta property=\"og:image:height\" content=\"1000\" \/>\n\t<meta property=\"og:image:type\" content=\"image\/jpeg\" \/>\n<meta name=\"author\" content=\"admin28\" \/>\n<meta name=\"twitter:card\" content=\"summary_large_image\" \/>\n<meta name=\"twitter:label1\" content=\"\u00c9crit par\" \/>\n\t<meta name=\"twitter:data1\" content=\"admin28\" \/>\n\t<meta name=\"twitter:label2\" content=\"Dur\u00e9e de lecture estim\u00e9e\" \/>\n\t<meta name=\"twitter:data2\" content=\"2 minutes\" \/>\n<script type=\"application\/ld+json\" class=\"yoast-schema-graph\">{\"@context\":\"https:\\\/\\\/schema.org\",\"@graph\":[{\"@type\":\"Article\",\"@id\":\"https:\\\/\\\/www.sport28.fr\\\/index.php\\\/2024\\\/09\\\/11\\\/les-athletes-de-leure-et-loir-aux-jeux-olympiques-et-paralympiques-2024\\\/#article\",\"isPartOf\":{\"@id\":\"https:\\\/\\\/www.sport28.fr\\\/index.php\\\/2024\\\/09\\\/11\\\/les-athletes-de-leure-et-loir-aux-jeux-olympiques-et-paralympiques-2024\\\/\"},\"author\":{\"name\":\"admin28\",\"@id\":\"https:\\\/\\\/www.sport28.fr\\\/#\\\/schema\\\/person\\\/d707dc6c4cc8f7ba6a4564f87a6818a8\"},\"headline\":\"Les athl\u00e8tes de l&rsquo;Eure-et-Loir aux jeux olympiques et paralympiques 2024\",\"datePublished\":\"2024-09-11T13:16:06+00:00\",\"dateModified\":\"2024-09-12T09:14:40+00:00\",\"mainEntityOfPage\":{\"@id\":\"https:\\\/\\\/www.sport28.fr\\\/index.php\\\/2024\\\/09\\\/11\\\/les-athletes-de-leure-et-loir-aux-jeux-olympiques-et-paralympiques-2024\\\/\"},\"wordCount\":256,\"publisher\":{\"@id\":\"https:\\\/\\\/www.sport28.fr\\\/#organization\"},\"image\":{\"@id\":\"https:\\\/\\\/www.sport28.fr\\\/index.php\\\/2024\\\/09\\\/11\\\/les-athletes-de-leure-et-loir-aux-jeux-olympiques-et-paralympiques-2024\\\/#primaryimage\"},\"thumbnailUrl\":\"https:\\\/\\\/www.sport28.fr\\\/wp-content\\\/uploads\\\/2024\\\/07\\\/vc4ucoz6rs96naqnk3jb-1.avif\",\"articleSection\":[\"Paris 2024\"],\"inLanguage\":\"fr-FR\"},{\"@type\":\"WebPage\",\"@id\":\"https:\\\/\\\/www.sport28.fr\\\/index.php\\\/2024\\\/09\\\/11\\\/les-athletes-de-leure-et-loir-aux-jeux-olympiques-et-paralympiques-2024\\\/\",\"url\":\"https:\\\/\\\/www.sport28.fr\\\/index.php\\\/2024\\\/09\\\/11\\\/les-athletes-de-leure-et-loir-aux-jeux-olympiques-et-paralympiques-2024\\\/\",\"name\":\"Les athl\u00e8tes de l'Eure-et-Loir aux jeux olympiques et paralympiques 2024 - CDOS 28\",\"isPartOf\":{\"@id\":\"https:\\\/\\\/www.sport28.fr\\\/#website\"},\"primaryImageOfPage\":{\"@id\":\"https:\\\/\\\/www.sport28.fr\\\/index.php\\\/2024\\\/09\\\/11\\\/les-athletes-de-leure-et-loir-aux-jeux-olympiques-et-paralympiques-2024\\\/#primaryimage\"},\"image\":{\"@id\":\"https:\\\/\\\/www.sport28.fr\\\/index.php\\\/2024\\\/09\\\/11\\\/les-athletes-de-leure-et-loir-aux-jeux-olympiques-et-paralympiques-2024\\\/#primaryimage\"},\"thumbnailUrl\":\"https:\\\/\\\/www.sport28.fr\\\/wp-content\\\/uploads\\\/2024\\\/07\\\/vc4ucoz6rs96naqnk3jb-1.avif\",\"datePublished\":\"2024-09-11T13:16:06+00:00\",\"dateModified\":\"2024-09-12T09:14:40+00:00\",\"breadcrumb\":{\"@id\":\"https:\\\/\\\/www.sport28.fr\\\/index.php\\\/2024\\\/09\\\/11\\\/les-athletes-de-leure-et-loir-aux-jeux-olympiques-et-paralympiques-2024\\\/#breadcrumb\"},\"inLanguage\":\"fr-FR\",\"potentialAction\":[{\"@type\":\"ReadAction\",\"target\":[\"https:\\\/\\\/www.sport28.fr\\\/index.php\\\/2024\\\/09\\\/11\\\/les-athletes-de-leure-et-loir-aux-jeux-olympiques-et-paralympiques-2024\\\/\"]}]},{\"@type\":\"ImageObject\",\"inLanguage\":\"fr-FR\",\"@id\":\"https:\\\/\\\/www.sport28.fr\\\/index.php\\\/2024\\\/09\\\/11\\\/les-athletes-de-leure-et-loir-aux-jeux-olympiques-et-paralympiques-2024\\\/#primaryimage\",\"url\":\"https:\\\/\\\/www.sport28.fr\\\/wp-content\\\/uploads\\\/2024\\\/07\\\/vc4ucoz6rs96naqnk3jb-1.avif\",\"contentUrl\":\"https:\\\/\\\/www.sport28.fr\\\/wp-content\\\/uploads\\\/2024\\\/07\\\/vc4ucoz6rs96naqnk3jb-1.avif\",\"width\":2440,\"height\":1372},{\"@type\":\"BreadcrumbList\",\"@id\":\"https:\\\/\\\/www.sport28.fr\\\/index.php\\\/2024\\\/09\\\/11\\\/les-athletes-de-leure-et-loir-aux-jeux-olympiques-et-paralympiques-2024\\\/#breadcrumb\",\"itemListElement\":[{\"@type\":\"ListItem\",\"position\":1,\"name\":\"Accueil\",\"item\":\"https:\\\/\\\/www.sport28.fr\\\/\"},{\"@type\":\"ListItem\",\"position\":2,\"name\":\"Les athl\u00e8tes de l&#8217;Eure-et-Loir aux jeux olympiques et paralympiques 2024\"}]},{\"@type\":\"WebSite\",\"@id\":\"https:\\\/\\\/www.sport28.fr\\\/#website\",\"url\":\"https:\\\/\\\/www.sport28.fr\\\/\",\"name\":\"CDOS 28\",\"description\":\"Comit\u00e9 D\u00e9partementale Olympique et Sportif d&#039;Eure et Loir\",\"publisher\":{\"@id\":\"https:\\\/\\\/www.sport28.fr\\\/#organization\"},\"potentialAction\":[{\"@type\":\"SearchAction\",\"target\":{\"@type\":\"EntryPoint\",\"urlTemplate\":\"https:\\\/\\\/www.sport28.fr\\\/?s={search_term_string}\"},\"query-input\":{\"@type\":\"PropertyValueSpecification\",\"valueRequired\":true,\"valueName\":\"search_term_string\"}}],\"inLanguage\":\"fr-FR\"},{\"@type\":\"Organization\",\"@id\":\"https:\\\/\\\/www.sport28.fr\\\/#organization\",\"name\":\"Comit\u00e9 d\u00e9partemental olympique et sportif d'eure-et-loir\",\"alternateName\":\"cdos 28\",\"url\":\"https:\\\/\\\/www.sport28.fr\\\/\",\"logo\":{\"@type\":\"ImageObject\",\"inLanguage\":\"fr-FR\",\"@id\":\"https:\\\/\\\/www.sport28.fr\\\/#\\\/schema\\\/logo\\\/image\\\/\",\"url\":\"https:\\\/\\\/www.sport28.fr\\\/wp-content\\\/uploads\\\/2023\\\/10\\\/cdos_eure_et_loir_logo.jpg\",\"contentUrl\":\"https:\\\/\\\/www.sport28.fr\\\/wp-content\\\/uploads\\\/2023\\\/10\\\/cdos_eure_et_loir_logo.jpg\",\"width\":1000,\"height\":1000,\"caption\":\"Comit\u00e9 d\u00e9partemental olympique et sportif d'eure-et-loir\"},\"image\":{\"@id\":\"https:\\\/\\\/www.sport28.fr\\\/#\\\/schema\\\/logo\\\/image\\\/\"},\"sameAs\":[\"https:\\\/\\\/www.facebook.com\\\/CDOS28?locale=fr_FR\"]},{\"@type\":\"Person\",\"@id\":\"https:\\\/\\\/www.sport28.fr\\\/#\\\/schema\\\/person\\\/d707dc6c4cc8f7ba6a4564f87a6818a8\",\"name\":\"admin28\",\"image\":{\"@type\":\"ImageObject\",\"inLanguage\":\"fr-FR\",\"@id\":\"https:\\\/\\\/secure.gravatar.com\\\/avatar\\\/ec586f5fe487447efd44e48a32fef6a1c590e9d744f9d2c3d84ed071f1581364?s=96&d=mm&r=g\",\"url\":\"https:\\\/\\\/secure.gravatar.com\\\/avatar\\\/ec586f5fe487447efd44e48a32fef6a1c590e9d744f9d2c3d84ed071f1581364?s=96&d=mm&r=g\",\"contentUrl\":\"https:\\\/\\\/secure.gravatar.com\\\/avatar\\\/ec586f5fe487447efd44e48a32fef6a1c590e9d744f9d2c3d84ed071f1581364?s=96&d=mm&r=g\",\"caption\":\"admin28\"},\"sameAs\":[\"http:\\\/\\\/www.dev.sport28.fr\"],\"url\":\"https:\\\/\\\/www.sport28.fr\\\/index.php\\\/author\\\/admin28\\\/\"}]}<\/script>\n<!-- \/ Yoast SEO plugin. -->","yoast_head_json":{"title":"Les athl\u00e8tes de l'Eure-et-Loir aux jeux olympiques et paralympiques 2024 - CDOS 28","robots":{"index":"index","follow":"follow","max-snippet":"max-snippet:-1","max-image-preview":"max-image-preview:large","max-video-preview":"max-video-preview:-1"},"canonical":"https:\/\/www.sport28.fr\/index.php\/2024\/09\/11\/les-athletes-de-leure-et-loir-aux-jeux-olympiques-et-paralympiques-2024\/","og_locale":"fr_FR","og_type":"article","og_title":"Les athl\u00e8tes de l'Eure-et-Loir aux jeux olympiques et paralympiques 2024 - CDOS 28","og_description":"F\u00e9licitations \u00e0 nos athl\u00e8tes d&rsquo;Eure-et-Loir ayant particip\u00e9 aux Jeux Olympiques et Paralympiques de 2024 ! Nous voulons &nbsp;honorer nos athl\u00e8tes&nbsp; originaires ou licenci\u00e9s en Eure-et-Loir qui ont particip\u00e9 aux Jeux [&hellip;]","og_url":"https:\/\/www.sport28.fr\/index.php\/2024\/09\/11\/les-athletes-de-leure-et-loir-aux-jeux-olympiques-et-paralympiques-2024\/","og_site_name":"CDOS 28","article_publisher":"https:\/\/www.facebook.com\/CDOS28?locale=fr_FR","article_published_time":"2024-09-11T13:16:06+00:00","article_modified_time":"2024-09-12T09:14:40+00:00","og_image":[{"width":1000,"height":1000,"url":"https:\/\/www.sport28.fr\/wp-content\/uploads\/2023\/10\/cdos_eure_et_loir_logo.jpg","type":"image\/jpeg"}],"author":"admin28","twitter_card":"summary_large_image","twitter_misc":{"\u00c9crit par":"admin28","Dur\u00e9e de lecture estim\u00e9e":"2 minutes"},"schema":{"@context":"https:\/\/schema.org","@graph":[{"@type":"Article","@id":"https:\/\/www.sport28.fr\/index.php\/2024\/09\/11\/les-athletes-de-leure-et-loir-aux-jeux-olympiques-et-paralympiques-2024\/#article","isPartOf":{"@id":"https:\/\/www.sport28.fr\/index.php\/2024\/09\/11\/les-athletes-de-leure-et-loir-aux-jeux-olympiques-et-paralympiques-2024\/"},"author":{"name":"admin28","@id":"https:\/\/www.sport28.fr\/#\/schema\/person\/d707dc6c4cc8f7ba6a4564f87a6818a8"},"headline":"Les athl\u00e8tes de l&rsquo;Eure-et-Loir aux jeux olympiques et paralympiques 2024","datePublished":"2024-09-11T13:16:06+00:00","dateModified":"2024-09-12T09:14:40+00:00","mainEntityOfPage":{"@id":"https:\/\/www.sport28.fr\/index.php\/2024\/09\/11\/les-athletes-de-leure-et-loir-aux-jeux-olympiques-et-paralympiques-2024\/"},"wordCount":256,"publisher":{"@id":"https:\/\/www.sport28.fr\/#organization"},"image":{"@id":"https:\/\/www.sport28.fr\/index.php\/2024\/09\/11\/les-athletes-de-leure-et-loir-aux-jeux-olympiques-et-paralympiques-2024\/#primaryimage"},"thumbnailUrl":"https:\/\/www.sport28.fr\/wp-content\/uploads\/2024\/07\/vc4ucoz6rs96naqnk3jb-1.avif","articleSection":["Paris 2024"],"inLanguage":"fr-FR"},{"@type":"WebPage","@id":"https:\/\/www.sport28.fr\/index.php\/2024\/09\/11\/les-athletes-de-leure-et-loir-aux-jeux-olympiques-et-paralympiques-2024\/","url":"https:\/\/www.sport28.fr\/index.php\/2024\/09\/11\/les-athletes-de-leure-et-loir-aux-jeux-olympiques-et-paralympiques-2024\/","name":"Les athl\u00e8tes de l'Eure-et-Loir aux jeux olympiques et paralympiques 2024 - CDOS 28","isPartOf":{"@id":"https:\/\/www.sport28.fr\/#website"},"primaryImageOfPage":{"@id":"https:\/\/www.sport28.fr\/index.php\/2024\/09\/11\/les-athletes-de-leure-et-loir-aux-jeux-olympiques-et-paralympiques-2024\/#primaryimage"},"image":{"@id":"https:\/\/www.sport28.fr\/index.php\/2024\/09\/11\/les-athletes-de-leure-et-loir-aux-jeux-olympiques-et-paralympiques-2024\/#primaryimage"},"thumbnailUrl":"https:\/\/www.sport28.fr\/wp-content\/uploads\/2024\/07\/vc4ucoz6rs96naqnk3jb-1.avif","datePublished":"2024-09-11T13:16:06+00:00","dateModified":"2024-09-12T09:14:40+00:00","breadcrumb":{"@id":"https:\/\/www.sport28.fr\/index.php\/2024\/09\/11\/les-athletes-de-leure-et-loir-aux-jeux-olympiques-et-paralympiques-2024\/#breadcrumb"},"inLanguage":"fr-FR","potentialAction":[{"@type":"ReadAction","target":["https:\/\/www.sport28.fr\/index.php\/2024\/09\/11\/les-athletes-de-leure-et-loir-aux-jeux-olympiques-et-paralympiques-2024\/"]}]},{"@type":"ImageObject","inLanguage":"fr-FR","@id":"https:\/\/www.sport28.fr\/index.php\/2024\/09\/11\/les-athletes-de-leure-et-loir-aux-jeux-olympiques-et-paralympiques-2024\/#primaryimage","url":"https:\/\/www.sport28.fr\/wp-content\/uploads\/2024\/07\/vc4ucoz6rs96naqnk3jb-1.avif","contentUrl":"https:\/\/www.sport28.fr\/wp-content\/uploads\/2024\/07\/vc4ucoz6rs96naqnk3jb-1.avif","width":2440,"height":1372},{"@type":"BreadcrumbList","@id":"https:\/\/www.sport28.fr\/index.php\/2024\/09\/11\/les-athletes-de-leure-et-loir-aux-jeux-olympiques-et-paralympiques-2024\/#breadcrumb","itemListElement":[{"@type":"ListItem","position":1,"name":"Accueil","item":"https:\/\/www.sport28.fr\/"},{"@type":"ListItem","position":2,"name":"Les athl\u00e8tes de l&#8217;Eure-et-Loir aux jeux olympiques et paralympiques 2024"}]},{"@type":"WebSite","@id":"https:\/\/www.sport28.fr\/#website","url":"https:\/\/www.sport28.fr\/","name":"CDOS 28","description":"Comit\u00e9 D\u00e9partementale Olympique et Sportif d&#039;Eure et Loir","publisher":{"@id":"https:\/\/www.sport28.fr\/#organization"},"potentialAction":[{"@type":"SearchAction","target":{"@type":"EntryPoint","urlTemplate":"https:\/\/www.sport28.fr\/?s={search_term_string}"},"query-input":{"@type":"PropertyValueSpecification","valueRequired":true,"valueName":"search_term_string"}}],"inLanguage":"fr-FR"},{"@type":"Organization","@id":"https:\/\/www.sport28.fr\/#organization","name":"Comit\u00e9 d\u00e9partemental olympique et sportif d'eure-et-loir","alternateName":"cdos 28","url":"https:\/\/www.sport28.fr\/","logo":{"@type":"ImageObject","inLanguage":"fr-FR","@id":"https:\/\/www.sport28.fr\/#\/schema\/logo\/image\/","url":"https:\/\/www.sport28.fr\/wp-content\/uploads\/2023\/10\/cdos_eure_et_loir_logo.jpg","contentUrl":"https:\/\/www.sport28.fr\/wp-content\/uploads\/2023\/10\/cdos_eure_et_loir_logo.jpg","width":1000,"height":1000,"caption":"Comit\u00e9 d\u00e9partemental olympique et sportif d'eure-et-loir"},"image":{"@id":"https:\/\/www.sport28.fr\/#\/schema\/logo\/image\/"},"sameAs":["https:\/\/www.facebook.com\/CDOS28?locale=fr_FR"]},{"@type":"Person","@id":"https:\/\/www.sport28.fr\/#\/schema\/person\/d707dc6c4cc8f7ba6a4564f87a6818a8","name":"admin28","image":{"@type":"ImageObject","inLanguage":"fr-FR","@id":"https:\/\/secure.gravatar.com\/avatar\/ec586f5fe487447efd44e48a32fef6a1c590e9d744f9d2c3d84ed071f1581364?s=96&d=mm&r=g","url":"https:\/\/secure.gravatar.com\/avatar\/ec586f5fe487447efd44e48a32fef6a1c590e9d744f9d2c3d84ed071f1581364?s=96&d=mm&r=g","contentUrl":"https:\/\/secure.gravatar.com\/avatar\/ec586f5fe487447efd44e48a32fef6a1c590e9d744f9d2c3d84ed071f1581364?s=96&d=mm&r=g","caption":"admin28"},"sameAs":["http:\/\/www.dev.sport28.fr"],"url":"https:\/\/www.sport28.fr\/index.php\/author\/admin28\/"}]}},"_links":{"self":[{"href":"https:\/\/www.sport28.fr\/index.php\/wp-json\/wp\/v2\/posts\/2886","targetHints":{"allow":["GET"]}}],"collection":[{"href":"https:\/\/www.sport28.fr\/index.php\/wp-json\/wp\/v2\/posts"}],"about":[{"href":"https:\/\/www.sport28.fr\/index.php\/wp-json\/wp\/v2\/types\/post"}],"author":[{"embeddable":true,"href":"https:\/\/www.sport28.fr\/index.php\/wp-json\/wp\/v2\/users\/1"}],"replies":[{"embeddable":true,"href":"https:\/\/www.sport28.fr\/index.php\/wp-json\/wp\/v2\/comments?post=2886"}],"version-history":[{"count":2,"href":"https:\/\/www.sport28.fr\/index.php\/wp-json\/wp\/v2\/posts\/2886\/revisions"}],"predecessor-version":[{"id":2892,"href":"https:\/\/www.sport28.fr\/index.php\/wp-json\/wp\/v2\/posts\/2886\/revisions\/2892"}],"wp:featuredmedia":[{"embeddable":true,"href":"https:\/\/www.sport28.fr\/index.php\/wp-json\/wp\/v2\/media\/2780"}],"wp:attachment":[{"href":"https:\/\/www.sport28.fr\/index.php\/wp-json\/wp\/v2\/media?parent=2886"}],"wp:term":[{"taxonomy":"category","embeddable":true,"href":"https:\/\/www.sport28.fr\/index.php\/wp-json\/wp\/v2\/categories?post=2886"},{"taxonomy":"post_tag","embeddable":true,"href":"https:\/\/www.sport28.fr\/index.php\/wp-json\/wp\/v2\/tags?post=2886"}],"curies":[{"name":"wp","href":"https:\/\/api.w.org\/{rel}","templated":true}]}}