{"id":2762,"date":"2024-07-03T14:02:45","date_gmt":"2024-07-03T12:02:45","guid":{"rendered":"https:\/\/www.sport28.fr\/?p=2762"},"modified":"2024-07-03T14:04:08","modified_gmt":"2024-07-03T12:04:08","slug":"passage-de-la-flamme-en-eure-et-loir","status":"publish","type":"post","link":"https:\/\/www.sport28.fr\/index.php\/2024\/07\/03\/passage-de-la-flamme-en-eure-et-loir\/","title":{"rendered":"Passage de la flamme en Eure-et-Loir !"},"content":{"rendered":"\n<p>La Flamme Olympique arrive en Eure-et-Loir et traversera notre d\u00e9partement ce dimanche 7 juillet 2024 pour un moment historique&nbsp;!<\/p>\n\n\n\n<p>Elle d\u00e9butera son parcours \u00e0 Dreux pour ensuite se rendre \u00e0 Ch\u00e2teaudun, Bonneval et Chartres.<\/p>\n\n\n\n<p>D\u00e9couvrez le programme de cette journ\u00e9e&nbsp;:<\/p>\n\n\n\n<ol class=\"wp-block-list\" start=\"1\">\n<li>D\u00e9part \u00e0 8h40 de la place des Oriels \u00e0 Dreux pour une arriv\u00e9e au stade Jean Bruck \u00e0 9h49.<\/li>\n\n\n\n<li>De 12h \u00e0 13h30, passage de la Flamme \u00e0 Ch\u00e2teaudun sur les diff\u00e9rents lieux embl\u00e9matiques de la ville\u00a0: Site Grands Moulin, Place du 18 Octobre ou encore Place de la Libert\u00e9.<\/li>\n\n\n\n<li>A Bonneval d\u00e9part du premier relayeur aux alentours de 15h au Pont Saint-Jacques pour rejoindre l\u2019arriv\u00e9e au Carrefour des Sports.<\/li>\n\n\n\n<li>D\u00e9but du relais de la Flamme \u00e0 18h depuis le Colis\u00e9e, avant d\u00e9ambuler dans les rues de la ville pour rejoindre l\u2019Odyss\u00e9e o\u00f9 des nageurs effectueront un relais collectif. Vers 19h20, arriv\u00e9e de la Flamme Olympique \u00e0 l\u2019hippodrome o\u00f9 sera allum\u00e9 le Chaudron Olympique.<\/li>\n<\/ol>\n\n\n\n<p>Retrouvez le CDOS \u00e0 Ch\u00e2teaudun, Place de la Libert\u00e9 et sur l\u2019hippodrome de Chartres.<\/p>\n\n\n\n<p>De nombreuses animations seront propos\u00e9es dans les communes autour de cet \u00e9v\u00e8nement&nbsp;:<\/p>\n\n\n\n<p>Dreux&nbsp;: <a href=\"https:\/\/eur02.safelinks.protection.outlook.com\/?url=https%3A%2F%2Fdreux.com%2Factualites%2Fle-rendez-vous-du-siecle%2F%3Ffbclid%3DIwZXh0bgNhZW0CMTAAAR3japfr4yUoI5zDLNrGRq-zdfa95NuFNXPLZqF7KpaFnH-6cJY5BjSqWKA_aem_T8XGHg7Na60zYm77WrS__w&amp;data=05%7C02%7Ceureetloir%40franceolympique.com%7Cf6eec11e0a624020673708dc9b48f318%7Cfa5ef80ec3ea4908bc542aaac2e4733e%7C0%7C0%7C638555985576865391%7CUnknown%7CTWFpbGZsb3d8eyJWIjoiMC4wLjAwMDAiLCJQIjoiV2luMzIiLCJBTiI6Ik1haWwiLCJXVCI6Mn0%3D%7C0%7C%7C%7C&amp;sdata=VbrtpjKs3Lk3yz16R7BYEV5bQC12xahI3kKWTxiEpMA%3D&amp;reserved=0\" target=\"_blank\" rel=\"noreferrer noopener\">https:\/\/dreux.com\/actualites\/le-rendez-vous-du-siecle\/<\/a><\/p>\n\n\n\n<p>Ch\u00e2teaudun&nbsp;: <a href=\"https:\/\/eur02.safelinks.protection.outlook.com\/?url=https%3A%2F%2Fwww.ville-chateaudun.fr%2Factualites%2Fla-flamme-olympique-a-chateaudun%2F%3Ffbclid%3DIwZXh0bgNhZW0CMTAAAR0IgblS67UAVZcPIu0Oj7NLYx-48FZ5N2WV-LHqt6_-G_5bfNXUldPEEAM_aem_teFG2HzSZt0ov8evJ9mCeg&amp;data=05%7C02%7Ceureetloir%40franceolympique.com%7Cf6eec11e0a624020673708dc9b48f318%7Cfa5ef80ec3ea4908bc542aaac2e4733e%7C0%7C0%7C638555985576876359%7CUnknown%7CTWFpbGZsb3d8eyJWIjoiMC4wLjAwMDAiLCJQIjoiV2luMzIiLCJBTiI6Ik1haWwiLCJXVCI6Mn0%3D%7C0%7C%7C%7C&amp;sdata=R7QF0OeYrXTXU8zgYYidlkuGGUZn3TXpKfWIXpNRUYE%3D&amp;reserved=0\" target=\"_blank\" rel=\"noreferrer noopener\">https:\/\/www.ville-chateaudun.fr\/&#8230;\/la-flamme-olympique&#8230;\/<\/a><\/p>\n\n\n\n<p>Bonneval&nbsp;: <a href=\"https:\/\/eur02.safelinks.protection.outlook.com\/?url=https%3A%2F%2Fwww.ville-bonneval.eu%2Fcontent%2Fdocument%2F66742c0723e6a_Circuitcomplet.pdf&amp;data=05%7C02%7Ceureetloir%40franceolympique.com%7Cf6eec11e0a624020673708dc9b48f318%7Cfa5ef80ec3ea4908bc542aaac2e4733e%7C0%7C0%7C638555985576884322%7CUnknown%7CTWFpbGZsb3d8eyJWIjoiMC4wLjAwMDAiLCJQIjoiV2luMzIiLCJBTiI6Ik1haWwiLCJXVCI6Mn0%3D%7C0%7C%7C%7C&amp;sdata=y6yHJVeKvsxgh5hIlm1ulrx9G8PPIbv9TF4YFeW3q5w%3D&amp;reserved=0\">https:\/\/www.ville-bonneval.eu\/content\/document\/66742c0723e6a_Circuitcomplet.pdf<\/a><\/p>\n\n\n\n<p>Chartres\u00a0: <a href=\"https:\/\/eur02.safelinks.protection.outlook.com\/?url=https%3A%2F%2Fwww.chartres.fr%2Frelais-flamme-olympique&amp;data=05%7C02%7Ceureetloir%40franceolympique.com%7Cf6eec11e0a624020673708dc9b48f318%7Cfa5ef80ec3ea4908bc542aaac2e4733e%7C0%7C0%7C638555985576891038%7CUnknown%7CTWFpbGZsb3d8eyJWIjoiMC4wLjAwMDAiLCJQIjoiV2luMzIiLCJBTiI6Ik1haWwiLCJXVCI6Mn0%3D%7C0%7C%7C%7C&amp;sdata=n5B2sOfghozXAmunYnMDb0C1RLJwEWZI3Sv8dfOHB4w%3D&amp;reserved=0\">https:\/\/www.chartres.fr\/relais-flamme-olympique<\/a><\/p>\n\n\n\n<p><\/p>\n\n\n\n<figure class=\"wp-block-gallery has-nested-images columns-default is-cropped wp-block-gallery-1 is-layout-flex wp-block-gallery-is-layout-flex\">\n<figure class=\"wp-block-image size-full\"><img fetchpriority=\"high\" decoding=\"async\" width=\"997\" height=\"697\" data-id=\"2767\" src=\"https:\/\/www.sport28.fr\/wp-content\/uploads\/2024\/07\/Passage-flamme-Dreux.png\" alt=\"\" class=\"wp-image-2767\" srcset=\"https:\/\/www.sport28.fr\/wp-content\/uploads\/2024\/07\/Passage-flamme-Dreux.png 997w, https:\/\/www.sport28.fr\/wp-content\/uploads\/2024\/07\/Passage-flamme-Dreux-300x210.png 300w, https:\/\/www.sport28.fr\/wp-content\/uploads\/2024\/07\/Passage-flamme-Dreux-768x537.png 768w\" sizes=\"(max-width: 997px) 100vw, 997px\" \/><figcaption class=\"wp-element-caption\">Dreux <\/figcaption><\/figure>\n<\/figure>\n\n\n\n<figure class=\"wp-block-gallery has-nested-images columns-default is-cropped wp-block-gallery-2 is-layout-flex wp-block-gallery-is-layout-flex\">\n<figure class=\"wp-block-image size-large\"><img decoding=\"async\" width=\"472\" height=\"605\" data-id=\"2768\" src=\"https:\/\/www.sport28.fr\/wp-content\/uploads\/2024\/07\/Passage-flamme-Bonneval-1.jpg\" alt=\"\" class=\"wp-image-2768\" srcset=\"https:\/\/www.sport28.fr\/wp-content\/uploads\/2024\/07\/Passage-flamme-Bonneval-1.jpg 472w, https:\/\/www.sport28.fr\/wp-content\/uploads\/2024\/07\/Passage-flamme-Bonneval-1-234x300.jpg 234w\" sizes=\"(max-width: 472px) 100vw, 472px\" \/><figcaption class=\"wp-element-caption\">Bonneval<\/figcaption><\/figure>\n<\/figure>\n\n\n\n<figure class=\"wp-block-gallery has-nested-images columns-default is-cropped wp-block-gallery-3 is-layout-flex wp-block-gallery-is-layout-flex\">\n<figure class=\"wp-block-image size-large\"><img decoding=\"async\" width=\"541\" height=\"460\" data-id=\"2769\" src=\"https:\/\/www.sport28.fr\/wp-content\/uploads\/2024\/07\/Passage-flamme-Chateaudun-1.jpg\" alt=\"\" class=\"wp-image-2769\" srcset=\"https:\/\/www.sport28.fr\/wp-content\/uploads\/2024\/07\/Passage-flamme-Chateaudun-1.jpg 541w, https:\/\/www.sport28.fr\/wp-content\/uploads\/2024\/07\/Passage-flamme-Chateaudun-1-300x255.jpg 300w\" sizes=\"(max-width: 541px) 100vw, 541px\" \/><figcaption class=\"wp-element-caption\">Chateaudun<\/figcaption><\/figure>\n<\/figure>\n\n\n\n<figure class=\"wp-block-gallery has-nested-images columns-default is-cropped wp-block-gallery-4 is-layout-flex wp-block-gallery-is-layout-flex\">\n<figure class=\"wp-block-image size-large\"><img loading=\"lazy\" decoding=\"async\" width=\"510\" height=\"424\" data-id=\"2770\" src=\"https:\/\/www.sport28.fr\/wp-content\/uploads\/2024\/07\/Passage-Flamme-Chartres-1.jpg\" alt=\"\" class=\"wp-image-2770\" srcset=\"https:\/\/www.sport28.fr\/wp-content\/uploads\/2024\/07\/Passage-Flamme-Chartres-1.jpg 510w, https:\/\/www.sport28.fr\/wp-content\/uploads\/2024\/07\/Passage-Flamme-Chartres-1-300x249.jpg 300w\" sizes=\"(max-width: 510px) 100vw, 510px\" \/><figcaption class=\"wp-element-caption\">Chartres <\/figcaption><\/figure>\n<\/figure>\n","protected":false},"excerpt":{"rendered":"<p>La Flamme Olympique arrive en Eure-et-Loir et traversera notre d\u00e9partement ce dimanche 7 juillet 2024 pour un moment historique&nbsp;! Elle d\u00e9butera son parcours \u00e0 Dreux pour ensuite se rendre \u00e0 [&hellip;]<\/p>\n","protected":false},"author":1,"featured_media":2772,"comment_status":"closed","ping_status":"open","sticky":false,"template":"","format":"standard","meta":{"footnotes":""},"categories":[33],"tags":[],"class_list":["post-2762","post","type-post","status-publish","format-standard","has-post-thumbnail","hentry","category-paris-2024"],"yoast_head":"<!-- This site is optimized with the Yoast SEO plugin v27.5 - https:\/\/yoast.com\/product\/yoast-seo-wordpress\/ -->\n<title>Passage de la flamme en Eure-et-Loir ! - CDOS 28<\/title>\n<meta name=\"robots\" content=\"index, follow, max-snippet:-1, max-image-preview:large, max-video-preview:-1\" \/>\n<link rel=\"canonical\" href=\"https:\/\/www.sport28.fr\/index.php\/2024\/07\/03\/passage-de-la-flamme-en-eure-et-loir\/\" \/>\n<meta property=\"og:locale\" content=\"fr_FR\" \/>\n<meta property=\"og:type\" content=\"article\" \/>\n<meta property=\"og:title\" content=\"Passage de la flamme en Eure-et-Loir ! - CDOS 28\" \/>\n<meta property=\"og:description\" content=\"La Flamme Olympique arrive en Eure-et-Loir et traversera notre d\u00e9partement ce dimanche 7 juillet 2024 pour un moment historique&nbsp;! Elle d\u00e9butera son parcours \u00e0 Dreux pour ensuite se rendre \u00e0 [&hellip;]\" \/>\n<meta property=\"og:url\" content=\"https:\/\/www.sport28.fr\/index.php\/2024\/07\/03\/passage-de-la-flamme-en-eure-et-loir\/\" \/>\n<meta property=\"og:site_name\" content=\"CDOS 28\" \/>\n<meta property=\"article:publisher\" content=\"https:\/\/www.facebook.com\/CDOS28?locale=fr_FR\" \/>\n<meta property=\"article:published_time\" content=\"2024-07-03T12:02:45+00:00\" \/>\n<meta property=\"article:modified_time\" content=\"2024-07-03T12:04:08+00:00\" \/>\n<meta property=\"og:image\" content=\"https:\/\/www.sport28.fr\/wp-content\/uploads\/2024\/07\/maxsportsworldthree326239-667052ad0618f048834611-scaled.jpg\" \/>\n\t<meta property=\"og:image:width\" content=\"2560\" \/>\n\t<meta property=\"og:image:height\" content=\"1920\" \/>\n\t<meta property=\"og:image:type\" content=\"image\/jpeg\" \/>\n<meta name=\"author\" content=\"admin28\" \/>\n<meta name=\"twitter:card\" content=\"summary_large_image\" \/>\n<meta name=\"twitter:label1\" content=\"\u00c9crit par\" \/>\n\t<meta name=\"twitter:data1\" content=\"admin28\" \/>\n\t<meta name=\"twitter:label2\" content=\"Dur\u00e9e de lecture estim\u00e9e\" \/>\n\t<meta name=\"twitter:data2\" content=\"2 minutes\" \/>\n<script type=\"application\/ld+json\" class=\"yoast-schema-graph\">{\"@context\":\"https:\\\/\\\/schema.org\",\"@graph\":[{\"@type\":\"Article\",\"@id\":\"https:\\\/\\\/www.sport28.fr\\\/index.php\\\/2024\\\/07\\\/03\\\/passage-de-la-flamme-en-eure-et-loir\\\/#article\",\"isPartOf\":{\"@id\":\"https:\\\/\\\/www.sport28.fr\\\/index.php\\\/2024\\\/07\\\/03\\\/passage-de-la-flamme-en-eure-et-loir\\\/\"},\"author\":{\"name\":\"admin28\",\"@id\":\"https:\\\/\\\/www.sport28.fr\\\/#\\\/schema\\\/person\\\/d707dc6c4cc8f7ba6a4564f87a6818a8\"},\"headline\":\"Passage de la flamme en Eure-et-Loir !\",\"datePublished\":\"2024-07-03T12:02:45+00:00\",\"dateModified\":\"2024-07-03T12:04:08+00:00\",\"mainEntityOfPage\":{\"@id\":\"https:\\\/\\\/www.sport28.fr\\\/index.php\\\/2024\\\/07\\\/03\\\/passage-de-la-flamme-en-eure-et-loir\\\/\"},\"wordCount\":238,\"publisher\":{\"@id\":\"https:\\\/\\\/www.sport28.fr\\\/#organization\"},\"image\":{\"@id\":\"https:\\\/\\\/www.sport28.fr\\\/index.php\\\/2024\\\/07\\\/03\\\/passage-de-la-flamme-en-eure-et-loir\\\/#primaryimage\"},\"thumbnailUrl\":\"https:\\\/\\\/www.sport28.fr\\\/wp-content\\\/uploads\\\/2024\\\/07\\\/maxsportsworldthree326239-667052ad0618f048834611-scaled.jpg\",\"articleSection\":[\"Paris 2024\"],\"inLanguage\":\"fr-FR\"},{\"@type\":\"WebPage\",\"@id\":\"https:\\\/\\\/www.sport28.fr\\\/index.php\\\/2024\\\/07\\\/03\\\/passage-de-la-flamme-en-eure-et-loir\\\/\",\"url\":\"https:\\\/\\\/www.sport28.fr\\\/index.php\\\/2024\\\/07\\\/03\\\/passage-de-la-flamme-en-eure-et-loir\\\/\",\"name\":\"Passage de la flamme en Eure-et-Loir ! - CDOS 28\",\"isPartOf\":{\"@id\":\"https:\\\/\\\/www.sport28.fr\\\/#website\"},\"primaryImageOfPage\":{\"@id\":\"https:\\\/\\\/www.sport28.fr\\\/index.php\\\/2024\\\/07\\\/03\\\/passage-de-la-flamme-en-eure-et-loir\\\/#primaryimage\"},\"image\":{\"@id\":\"https:\\\/\\\/www.sport28.fr\\\/index.php\\\/2024\\\/07\\\/03\\\/passage-de-la-flamme-en-eure-et-loir\\\/#primaryimage\"},\"thumbnailUrl\":\"https:\\\/\\\/www.sport28.fr\\\/wp-content\\\/uploads\\\/2024\\\/07\\\/maxsportsworldthree326239-667052ad0618f048834611-scaled.jpg\",\"datePublished\":\"2024-07-03T12:02:45+00:00\",\"dateModified\":\"2024-07-03T12:04:08+00:00\",\"breadcrumb\":{\"@id\":\"https:\\\/\\\/www.sport28.fr\\\/index.php\\\/2024\\\/07\\\/03\\\/passage-de-la-flamme-en-eure-et-loir\\\/#breadcrumb\"},\"inLanguage\":\"fr-FR\",\"potentialAction\":[{\"@type\":\"ReadAction\",\"target\":[\"https:\\\/\\\/www.sport28.fr\\\/index.php\\\/2024\\\/07\\\/03\\\/passage-de-la-flamme-en-eure-et-loir\\\/\"]}]},{\"@type\":\"ImageObject\",\"inLanguage\":\"fr-FR\",\"@id\":\"https:\\\/\\\/www.sport28.fr\\\/index.php\\\/2024\\\/07\\\/03\\\/passage-de-la-flamme-en-eure-et-loir\\\/#primaryimage\",\"url\":\"https:\\\/\\\/www.sport28.fr\\\/wp-content\\\/uploads\\\/2024\\\/07\\\/maxsportsworldthree326239-667052ad0618f048834611-scaled.jpg\",\"contentUrl\":\"https:\\\/\\\/www.sport28.fr\\\/wp-content\\\/uploads\\\/2024\\\/07\\\/maxsportsworldthree326239-667052ad0618f048834611-scaled.jpg\",\"width\":2560,\"height\":1920},{\"@type\":\"BreadcrumbList\",\"@id\":\"https:\\\/\\\/www.sport28.fr\\\/index.php\\\/2024\\\/07\\\/03\\\/passage-de-la-flamme-en-eure-et-loir\\\/#breadcrumb\",\"itemListElement\":[{\"@type\":\"ListItem\",\"position\":1,\"name\":\"Accueil\",\"item\":\"https:\\\/\\\/www.sport28.fr\\\/\"},{\"@type\":\"ListItem\",\"position\":2,\"name\":\"Passage de la flamme en Eure-et-Loir !\"}]},{\"@type\":\"WebSite\",\"@id\":\"https:\\\/\\\/www.sport28.fr\\\/#website\",\"url\":\"https:\\\/\\\/www.sport28.fr\\\/\",\"name\":\"CDOS 28\",\"description\":\"Comit\u00e9 D\u00e9partementale Olympique et Sportif d&#039;Eure et Loir\",\"publisher\":{\"@id\":\"https:\\\/\\\/www.sport28.fr\\\/#organization\"},\"potentialAction\":[{\"@type\":\"SearchAction\",\"target\":{\"@type\":\"EntryPoint\",\"urlTemplate\":\"https:\\\/\\\/www.sport28.fr\\\/?s={search_term_string}\"},\"query-input\":{\"@type\":\"PropertyValueSpecification\",\"valueRequired\":true,\"valueName\":\"search_term_string\"}}],\"inLanguage\":\"fr-FR\"},{\"@type\":\"Organization\",\"@id\":\"https:\\\/\\\/www.sport28.fr\\\/#organization\",\"name\":\"Comit\u00e9 d\u00e9partemental olympique et sportif d'eure-et-loir\",\"alternateName\":\"cdos 28\",\"url\":\"https:\\\/\\\/www.sport28.fr\\\/\",\"logo\":{\"@type\":\"ImageObject\",\"inLanguage\":\"fr-FR\",\"@id\":\"https:\\\/\\\/www.sport28.fr\\\/#\\\/schema\\\/logo\\\/image\\\/\",\"url\":\"https:\\\/\\\/www.sport28.fr\\\/wp-content\\\/uploads\\\/2023\\\/10\\\/cdos_eure_et_loir_logo.jpg\",\"contentUrl\":\"https:\\\/\\\/www.sport28.fr\\\/wp-content\\\/uploads\\\/2023\\\/10\\\/cdos_eure_et_loir_logo.jpg\",\"width\":1000,\"height\":1000,\"caption\":\"Comit\u00e9 d\u00e9partemental olympique et sportif d'eure-et-loir\"},\"image\":{\"@id\":\"https:\\\/\\\/www.sport28.fr\\\/#\\\/schema\\\/logo\\\/image\\\/\"},\"sameAs\":[\"https:\\\/\\\/www.facebook.com\\\/CDOS28?locale=fr_FR\"]},{\"@type\":\"Person\",\"@id\":\"https:\\\/\\\/www.sport28.fr\\\/#\\\/schema\\\/person\\\/d707dc6c4cc8f7ba6a4564f87a6818a8\",\"name\":\"admin28\",\"image\":{\"@type\":\"ImageObject\",\"inLanguage\":\"fr-FR\",\"@id\":\"https:\\\/\\\/secure.gravatar.com\\\/avatar\\\/ec586f5fe487447efd44e48a32fef6a1c590e9d744f9d2c3d84ed071f1581364?s=96&d=mm&r=g\",\"url\":\"https:\\\/\\\/secure.gravatar.com\\\/avatar\\\/ec586f5fe487447efd44e48a32fef6a1c590e9d744f9d2c3d84ed071f1581364?s=96&d=mm&r=g\",\"contentUrl\":\"https:\\\/\\\/secure.gravatar.com\\\/avatar\\\/ec586f5fe487447efd44e48a32fef6a1c590e9d744f9d2c3d84ed071f1581364?s=96&d=mm&r=g\",\"caption\":\"admin28\"},\"sameAs\":[\"http:\\\/\\\/www.dev.sport28.fr\"],\"url\":\"https:\\\/\\\/www.sport28.fr\\\/index.php\\\/author\\\/admin28\\\/\"}]}<\/script>\n<!-- \/ Yoast SEO plugin. -->","yoast_head_json":{"title":"Passage de la flamme en Eure-et-Loir ! - CDOS 28","robots":{"index":"index","follow":"follow","max-snippet":"max-snippet:-1","max-image-preview":"max-image-preview:large","max-video-preview":"max-video-preview:-1"},"canonical":"https:\/\/www.sport28.fr\/index.php\/2024\/07\/03\/passage-de-la-flamme-en-eure-et-loir\/","og_locale":"fr_FR","og_type":"article","og_title":"Passage de la flamme en Eure-et-Loir ! - CDOS 28","og_description":"La Flamme Olympique arrive en Eure-et-Loir et traversera notre d\u00e9partement ce dimanche 7 juillet 2024 pour un moment historique&nbsp;! Elle d\u00e9butera son parcours \u00e0 Dreux pour ensuite se rendre \u00e0 [&hellip;]","og_url":"https:\/\/www.sport28.fr\/index.php\/2024\/07\/03\/passage-de-la-flamme-en-eure-et-loir\/","og_site_name":"CDOS 28","article_publisher":"https:\/\/www.facebook.com\/CDOS28?locale=fr_FR","article_published_time":"2024-07-03T12:02:45+00:00","article_modified_time":"2024-07-03T12:04:08+00:00","og_image":[{"width":2560,"height":1920,"url":"https:\/\/www.sport28.fr\/wp-content\/uploads\/2024\/07\/maxsportsworldthree326239-667052ad0618f048834611-scaled.jpg","type":"image\/jpeg"}],"author":"admin28","twitter_card":"summary_large_image","twitter_misc":{"\u00c9crit par":"admin28","Dur\u00e9e de lecture estim\u00e9e":"2 minutes"},"schema":{"@context":"https:\/\/schema.org","@graph":[{"@type":"Article","@id":"https:\/\/www.sport28.fr\/index.php\/2024\/07\/03\/passage-de-la-flamme-en-eure-et-loir\/#article","isPartOf":{"@id":"https:\/\/www.sport28.fr\/index.php\/2024\/07\/03\/passage-de-la-flamme-en-eure-et-loir\/"},"author":{"name":"admin28","@id":"https:\/\/www.sport28.fr\/#\/schema\/person\/d707dc6c4cc8f7ba6a4564f87a6818a8"},"headline":"Passage de la flamme en Eure-et-Loir !","datePublished":"2024-07-03T12:02:45+00:00","dateModified":"2024-07-03T12:04:08+00:00","mainEntityOfPage":{"@id":"https:\/\/www.sport28.fr\/index.php\/2024\/07\/03\/passage-de-la-flamme-en-eure-et-loir\/"},"wordCount":238,"publisher":{"@id":"https:\/\/www.sport28.fr\/#organization"},"image":{"@id":"https:\/\/www.sport28.fr\/index.php\/2024\/07\/03\/passage-de-la-flamme-en-eure-et-loir\/#primaryimage"},"thumbnailUrl":"https:\/\/www.sport28.fr\/wp-content\/uploads\/2024\/07\/maxsportsworldthree326239-667052ad0618f048834611-scaled.jpg","articleSection":["Paris 2024"],"inLanguage":"fr-FR"},{"@type":"WebPage","@id":"https:\/\/www.sport28.fr\/index.php\/2024\/07\/03\/passage-de-la-flamme-en-eure-et-loir\/","url":"https:\/\/www.sport28.fr\/index.php\/2024\/07\/03\/passage-de-la-flamme-en-eure-et-loir\/","name":"Passage de la flamme en Eure-et-Loir ! - CDOS 28","isPartOf":{"@id":"https:\/\/www.sport28.fr\/#website"},"primaryImageOfPage":{"@id":"https:\/\/www.sport28.fr\/index.php\/2024\/07\/03\/passage-de-la-flamme-en-eure-et-loir\/#primaryimage"},"image":{"@id":"https:\/\/www.sport28.fr\/index.php\/2024\/07\/03\/passage-de-la-flamme-en-eure-et-loir\/#primaryimage"},"thumbnailUrl":"https:\/\/www.sport28.fr\/wp-content\/uploads\/2024\/07\/maxsportsworldthree326239-667052ad0618f048834611-scaled.jpg","datePublished":"2024-07-03T12:02:45+00:00","dateModified":"2024-07-03T12:04:08+00:00","breadcrumb":{"@id":"https:\/\/www.sport28.fr\/index.php\/2024\/07\/03\/passage-de-la-flamme-en-eure-et-loir\/#breadcrumb"},"inLanguage":"fr-FR","potentialAction":[{"@type":"ReadAction","target":["https:\/\/www.sport28.fr\/index.php\/2024\/07\/03\/passage-de-la-flamme-en-eure-et-loir\/"]}]},{"@type":"ImageObject","inLanguage":"fr-FR","@id":"https:\/\/www.sport28.fr\/index.php\/2024\/07\/03\/passage-de-la-flamme-en-eure-et-loir\/#primaryimage","url":"https:\/\/www.sport28.fr\/wp-content\/uploads\/2024\/07\/maxsportsworldthree326239-667052ad0618f048834611-scaled.jpg","contentUrl":"https:\/\/www.sport28.fr\/wp-content\/uploads\/2024\/07\/maxsportsworldthree326239-667052ad0618f048834611-scaled.jpg","width":2560,"height":1920},{"@type":"BreadcrumbList","@id":"https:\/\/www.sport28.fr\/index.php\/2024\/07\/03\/passage-de-la-flamme-en-eure-et-loir\/#breadcrumb","itemListElement":[{"@type":"ListItem","position":1,"name":"Accueil","item":"https:\/\/www.sport28.fr\/"},{"@type":"ListItem","position":2,"name":"Passage de la flamme en Eure-et-Loir !"}]},{"@type":"WebSite","@id":"https:\/\/www.sport28.fr\/#website","url":"https:\/\/www.sport28.fr\/","name":"CDOS 28","description":"Comit\u00e9 D\u00e9partementale Olympique et Sportif d&#039;Eure et Loir","publisher":{"@id":"https:\/\/www.sport28.fr\/#organization"},"potentialAction":[{"@type":"SearchAction","target":{"@type":"EntryPoint","urlTemplate":"https:\/\/www.sport28.fr\/?s={search_term_string}"},"query-input":{"@type":"PropertyValueSpecification","valueRequired":true,"valueName":"search_term_string"}}],"inLanguage":"fr-FR"},{"@type":"Organization","@id":"https:\/\/www.sport28.fr\/#organization","name":"Comit\u00e9 d\u00e9partemental olympique et sportif d'eure-et-loir","alternateName":"cdos 28","url":"https:\/\/www.sport28.fr\/","logo":{"@type":"ImageObject","inLanguage":"fr-FR","@id":"https:\/\/www.sport28.fr\/#\/schema\/logo\/image\/","url":"https:\/\/www.sport28.fr\/wp-content\/uploads\/2023\/10\/cdos_eure_et_loir_logo.jpg","contentUrl":"https:\/\/www.sport28.fr\/wp-content\/uploads\/2023\/10\/cdos_eure_et_loir_logo.jpg","width":1000,"height":1000,"caption":"Comit\u00e9 d\u00e9partemental olympique et sportif d'eure-et-loir"},"image":{"@id":"https:\/\/www.sport28.fr\/#\/schema\/logo\/image\/"},"sameAs":["https:\/\/www.facebook.com\/CDOS28?locale=fr_FR"]},{"@type":"Person","@id":"https:\/\/www.sport28.fr\/#\/schema\/person\/d707dc6c4cc8f7ba6a4564f87a6818a8","name":"admin28","image":{"@type":"ImageObject","inLanguage":"fr-FR","@id":"https:\/\/secure.gravatar.com\/avatar\/ec586f5fe487447efd44e48a32fef6a1c590e9d744f9d2c3d84ed071f1581364?s=96&d=mm&r=g","url":"https:\/\/secure.gravatar.com\/avatar\/ec586f5fe487447efd44e48a32fef6a1c590e9d744f9d2c3d84ed071f1581364?s=96&d=mm&r=g","contentUrl":"https:\/\/secure.gravatar.com\/avatar\/ec586f5fe487447efd44e48a32fef6a1c590e9d744f9d2c3d84ed071f1581364?s=96&d=mm&r=g","caption":"admin28"},"sameAs":["http:\/\/www.dev.sport28.fr"],"url":"https:\/\/www.sport28.fr\/index.php\/author\/admin28\/"}]}},"_links":{"self":[{"href":"https:\/\/www.sport28.fr\/index.php\/wp-json\/wp\/v2\/posts\/2762","targetHints":{"allow":["GET"]}}],"collection":[{"href":"https:\/\/www.sport28.fr\/index.php\/wp-json\/wp\/v2\/posts"}],"about":[{"href":"https:\/\/www.sport28.fr\/index.php\/wp-json\/wp\/v2\/types\/post"}],"author":[{"embeddable":true,"href":"https:\/\/www.sport28.fr\/index.php\/wp-json\/wp\/v2\/users\/1"}],"replies":[{"embeddable":true,"href":"https:\/\/www.sport28.fr\/index.php\/wp-json\/wp\/v2\/comments?post=2762"}],"version-history":[{"count":1,"href":"https:\/\/www.sport28.fr\/index.php\/wp-json\/wp\/v2\/posts\/2762\/revisions"}],"predecessor-version":[{"id":2771,"href":"https:\/\/www.sport28.fr\/index.php\/wp-json\/wp\/v2\/posts\/2762\/revisions\/2771"}],"wp:featuredmedia":[{"embeddable":true,"href":"https:\/\/www.sport28.fr\/index.php\/wp-json\/wp\/v2\/media\/2772"}],"wp:attachment":[{"href":"https:\/\/www.sport28.fr\/index.php\/wp-json\/wp\/v2\/media?parent=2762"}],"wp:term":[{"taxonomy":"category","embeddable":true,"href":"https:\/\/www.sport28.fr\/index.php\/wp-json\/wp\/v2\/categories?post=2762"},{"taxonomy":"post_tag","embeddable":true,"href":"https:\/\/www.sport28.fr\/index.php\/wp-json\/wp\/v2\/tags?post=2762"}],"curies":[{"name":"wp","href":"https:\/\/api.w.org\/{rel}","templated":true}]}}