{"id":2740,"date":"2024-05-31T14:15:18","date_gmt":"2024-05-31T12:15:18","guid":{"rendered":"https:\/\/www.sport28.fr\/?p=2740"},"modified":"2024-05-31T14:15:21","modified_gmt":"2024-05-31T12:15:21","slug":"le-vernissage-de-lexposition-memoires-du-sport","status":"publish","type":"post","link":"https:\/\/www.sport28.fr\/index.php\/2024\/05\/31\/le-vernissage-de-lexposition-memoires-du-sport\/","title":{"rendered":"Le vernissage de l\u2019exposition \u00ab M\u00e9moires du sport \u00bb"},"content":{"rendered":"\n<p>Hier, c\u2019\u00e9tait le vernissage de l\u2019exposition \u00ab M\u00e9moires du sport \u00bb <img decoding=\"async\" height=\"16\" width=\"16\" alt=\"\ud83c\udfc5\" src=\"https:\/\/static.xx.fbcdn.net\/images\/emoji.php\/v9\/tdc\/2\/16\/1f3c5.png\"> au COMPA en pr\u00e9sence de M Christophe LE DORVEN, pr\u00e9sident du Conseil d\u00e9partemental d\u2019EURE ET LOIR et de Michel Guillemette, pr\u00e9sident du CDOS28.<\/p>\n\n\n\n<p>Un moment fort <img decoding=\"async\" height=\"16\" width=\"16\" alt=\"\ud83d\udcaa\" src=\"https:\/\/static.xx.fbcdn.net\/images\/emoji.php\/v9\/tb\/2\/16\/1f4aa.png\"> au cours duquel 12 de nos sportives et sportifs Eur\u00e9liens ont pu se retrouver, pr\u00e9senter leur palmar\u00e8s et anecdotes avec le public pr\u00e9sent <img decoding=\"async\" height=\"16\" width=\"16\" alt=\"\ud83d\udc4f\" src=\"https:\/\/static.xx.fbcdn.net\/images\/emoji.php\/v9\/t9d\/2\/16\/1f44f.png\">.<\/p>\n\n\n\n<p>Le CDOS en partenariat avec @Eur\u00e9lien : le d\u00e9partement d\u2019Eure et Loir, vous invite \u00e0 d\u00e9couvrir cette <a><\/a>exposition unique qui met en lumi\u00e8re nos athl\u00e8tes <img loading=\"lazy\" decoding=\"async\" height=\"16\" width=\"16\" alt=\"\ud83c\udf1f\" src=\"https:\/\/static.xx.fbcdn.net\/images\/emoji.php\/v9\/t7f\/2\/16\/1f31f.png\"> qui ont brill\u00e9 pour notre d\u00e9partement depuis 1900.<\/p>\n\n\n\n<p>Nous vous invitons \u00e9galement \u00e0 participer aux 8 conf\u00e9rences <img loading=\"lazy\" decoding=\"async\" height=\"16\" width=\"16\" alt=\"\ud83d\udcc5\" src=\"https:\/\/static.xx.fbcdn.net\/images\/emoji.php\/v9\/t1d\/2\/16\/1f4c5.png\"> qui auront lieu du 15 juin au 6 septembre 2024.<\/p>\n\n\n\n<p>Revivez les moments forts du sport Eur\u00e9lien et d\u00e9couvrez les exploits de nos championnes et champions <img loading=\"lazy\" decoding=\"async\" height=\"16\" width=\"16\" src=\"https:\/\/static.xx.fbcdn.net\/images\/emoji.php\/v9\/t5d\/2\/16\/1f3c6.png\" alt=\"\ud83c\udfc6\">.<\/p>\n\n\n\n<div class=\"wp-block-group is-layout-constrained wp-block-group-is-layout-constrained\">\n<div class=\"wp-block-group is-layout-constrained wp-block-group-is-layout-constrained\">\n<figure class=\"wp-block-gallery has-nested-images columns-default is-cropped wp-block-gallery-1 is-layout-flex wp-block-gallery-is-layout-flex\">\n<figure class=\"wp-block-image size-large\"><img loading=\"lazy\" decoding=\"async\" width=\"1024\" height=\"768\" data-id=\"2743\" src=\"https:\/\/www.sport28.fr\/wp-content\/uploads\/2024\/05\/image00005-1024x768.jpeg\" alt=\"\" class=\"wp-image-2743\" srcset=\"https:\/\/www.sport28.fr\/wp-content\/uploads\/2024\/05\/image00005-1024x768.jpeg 1024w, https:\/\/www.sport28.fr\/wp-content\/uploads\/2024\/05\/image00005-300x225.jpeg 300w, https:\/\/www.sport28.fr\/wp-content\/uploads\/2024\/05\/image00005-768x576.jpeg 768w, https:\/\/www.sport28.fr\/wp-content\/uploads\/2024\/05\/image00005-1536x1152.jpeg 1536w, https:\/\/www.sport28.fr\/wp-content\/uploads\/2024\/05\/image00005-2048x1536.jpeg 2048w, https:\/\/www.sport28.fr\/wp-content\/uploads\/2024\/05\/image00005-1320x990.jpeg 1320w\" sizes=\"(max-width: 1024px) 100vw, 1024px\" \/><\/figure>\n<\/figure>\n<\/div>\n<\/div>\n\n\n\n<div class=\"wp-block-group is-nowrap is-layout-flex wp-container-core-group-is-layout-6c531013 wp-block-group-is-layout-flex\">\n<figure class=\"wp-block-gallery has-nested-images columns-default is-cropped wp-block-gallery-2 is-layout-flex wp-block-gallery-is-layout-flex\">\n<figure class=\"wp-block-image size-large\"><img loading=\"lazy\" decoding=\"async\" width=\"1024\" height=\"768\" data-id=\"2742\" src=\"https:\/\/www.sport28.fr\/wp-content\/uploads\/2024\/05\/image00002-1-1024x768.jpeg\" alt=\"\" class=\"wp-image-2742\" srcset=\"https:\/\/www.sport28.fr\/wp-content\/uploads\/2024\/05\/image00002-1-1024x768.jpeg 1024w, https:\/\/www.sport28.fr\/wp-content\/uploads\/2024\/05\/image00002-1-300x225.jpeg 300w, https:\/\/www.sport28.fr\/wp-content\/uploads\/2024\/05\/image00002-1-768x576.jpeg 768w, https:\/\/www.sport28.fr\/wp-content\/uploads\/2024\/05\/image00002-1-1536x1152.jpeg 1536w, https:\/\/www.sport28.fr\/wp-content\/uploads\/2024\/05\/image00002-1-2048x1536.jpeg 2048w, https:\/\/www.sport28.fr\/wp-content\/uploads\/2024\/05\/image00002-1-1320x990.jpeg 1320w\" sizes=\"(max-width: 1024px) 100vw, 1024px\" \/><\/figure>\n<\/figure>\n<\/div>\n\n\n\n<figure class=\"wp-block-gallery has-nested-images columns-default is-cropped wp-block-gallery-3 is-layout-flex wp-block-gallery-is-layout-flex\">\n<figure class=\"wp-block-image size-large\"><img loading=\"lazy\" decoding=\"async\" width=\"1024\" height=\"768\" data-id=\"2744\" src=\"https:\/\/www.sport28.fr\/wp-content\/uploads\/2024\/05\/image00010-1024x768.jpeg\" alt=\"\" class=\"wp-image-2744\" srcset=\"https:\/\/www.sport28.fr\/wp-content\/uploads\/2024\/05\/image00010-1024x768.jpeg 1024w, https:\/\/www.sport28.fr\/wp-content\/uploads\/2024\/05\/image00010-300x225.jpeg 300w, https:\/\/www.sport28.fr\/wp-content\/uploads\/2024\/05\/image00010-768x576.jpeg 768w, https:\/\/www.sport28.fr\/wp-content\/uploads\/2024\/05\/image00010-1536x1152.jpeg 1536w, https:\/\/www.sport28.fr\/wp-content\/uploads\/2024\/05\/image00010-2048x1536.jpeg 2048w, https:\/\/www.sport28.fr\/wp-content\/uploads\/2024\/05\/image00010-1320x990.jpeg 1320w\" sizes=\"(max-width: 1024px) 100vw, 1024px\" \/><\/figure>\n<\/figure>\n","protected":false},"excerpt":{"rendered":"<p>Hier, c\u2019\u00e9tait le vernissage de l\u2019exposition \u00ab M\u00e9moires du sport \u00bb au COMPA en pr\u00e9sence de M Christophe LE DORVEN, pr\u00e9sident du Conseil d\u00e9partemental d\u2019EURE ET LOIR et de Michel [&hellip;]<\/p>\n","protected":false},"author":1,"featured_media":2745,"comment_status":"closed","ping_status":"open","sticky":false,"template":"","format":"standard","meta":{"footnotes":""},"categories":[29],"tags":[],"class_list":["post-2740","post","type-post","status-publish","format-standard","has-post-thumbnail","hentry","category-sport-education-et-citoyennete"],"yoast_head":"<!-- This site is optimized with the Yoast SEO plugin v27.5 - https:\/\/yoast.com\/product\/yoast-seo-wordpress\/ -->\n<title>Le vernissage de l\u2019exposition \u00ab M\u00e9moires du sport \u00bb - CDOS 28<\/title>\n<meta name=\"robots\" content=\"index, follow, max-snippet:-1, max-image-preview:large, max-video-preview:-1\" \/>\n<link rel=\"canonical\" href=\"https:\/\/www.sport28.fr\/index.php\/2024\/05\/31\/le-vernissage-de-lexposition-memoires-du-sport\/\" \/>\n<meta property=\"og:locale\" content=\"fr_FR\" \/>\n<meta property=\"og:type\" content=\"article\" \/>\n<meta property=\"og:title\" content=\"Le vernissage de l\u2019exposition \u00ab M\u00e9moires du sport \u00bb - CDOS 28\" \/>\n<meta property=\"og:description\" content=\"Hier, c\u2019\u00e9tait le vernissage de l\u2019exposition \u00ab M\u00e9moires du sport \u00bb au COMPA en pr\u00e9sence de M Christophe LE DORVEN, pr\u00e9sident du Conseil d\u00e9partemental d\u2019EURE ET LOIR et de Michel [&hellip;]\" \/>\n<meta property=\"og:url\" content=\"https:\/\/www.sport28.fr\/index.php\/2024\/05\/31\/le-vernissage-de-lexposition-memoires-du-sport\/\" \/>\n<meta property=\"og:site_name\" content=\"CDOS 28\" \/>\n<meta property=\"article:publisher\" content=\"https:\/\/www.facebook.com\/CDOS28?locale=fr_FR\" \/>\n<meta property=\"article:published_time\" content=\"2024-05-31T12:15:18+00:00\" \/>\n<meta property=\"article:modified_time\" content=\"2024-05-31T12:15:21+00:00\" \/>\n<meta property=\"og:image\" content=\"https:\/\/www.sport28.fr\/wp-content\/uploads\/2024\/05\/image00008-scaled.jpeg\" \/>\n\t<meta property=\"og:image:width\" content=\"2560\" \/>\n\t<meta property=\"og:image:height\" content=\"1920\" \/>\n\t<meta property=\"og:image:type\" content=\"image\/jpeg\" \/>\n<meta name=\"author\" content=\"admin28\" \/>\n<meta name=\"twitter:card\" content=\"summary_large_image\" \/>\n<meta name=\"twitter:label1\" content=\"\u00c9crit par\" \/>\n\t<meta name=\"twitter:data1\" content=\"admin28\" \/>\n\t<meta name=\"twitter:label2\" content=\"Dur\u00e9e de lecture estim\u00e9e\" \/>\n\t<meta name=\"twitter:data2\" content=\"3 minutes\" \/>\n<script type=\"application\/ld+json\" class=\"yoast-schema-graph\">{\"@context\":\"https:\\\/\\\/schema.org\",\"@graph\":[{\"@type\":\"Article\",\"@id\":\"https:\\\/\\\/www.sport28.fr\\\/index.php\\\/2024\\\/05\\\/31\\\/le-vernissage-de-lexposition-memoires-du-sport\\\/#article\",\"isPartOf\":{\"@id\":\"https:\\\/\\\/www.sport28.fr\\\/index.php\\\/2024\\\/05\\\/31\\\/le-vernissage-de-lexposition-memoires-du-sport\\\/\"},\"author\":{\"name\":\"admin28\",\"@id\":\"https:\\\/\\\/www.sport28.fr\\\/#\\\/schema\\\/person\\\/d707dc6c4cc8f7ba6a4564f87a6818a8\"},\"headline\":\"Le vernissage de l\u2019exposition \u00ab M\u00e9moires du sport \u00bb\",\"datePublished\":\"2024-05-31T12:15:18+00:00\",\"dateModified\":\"2024-05-31T12:15:21+00:00\",\"mainEntityOfPage\":{\"@id\":\"https:\\\/\\\/www.sport28.fr\\\/index.php\\\/2024\\\/05\\\/31\\\/le-vernissage-de-lexposition-memoires-du-sport\\\/\"},\"wordCount\":148,\"publisher\":{\"@id\":\"https:\\\/\\\/www.sport28.fr\\\/#organization\"},\"image\":{\"@id\":\"https:\\\/\\\/www.sport28.fr\\\/index.php\\\/2024\\\/05\\\/31\\\/le-vernissage-de-lexposition-memoires-du-sport\\\/#primaryimage\"},\"thumbnailUrl\":\"https:\\\/\\\/www.sport28.fr\\\/wp-content\\\/uploads\\\/2024\\\/05\\\/image00008-scaled.jpeg\",\"articleSection\":[\"Sport, \u00e9ducation et citoyennet\u00e9\"],\"inLanguage\":\"fr-FR\"},{\"@type\":\"WebPage\",\"@id\":\"https:\\\/\\\/www.sport28.fr\\\/index.php\\\/2024\\\/05\\\/31\\\/le-vernissage-de-lexposition-memoires-du-sport\\\/\",\"url\":\"https:\\\/\\\/www.sport28.fr\\\/index.php\\\/2024\\\/05\\\/31\\\/le-vernissage-de-lexposition-memoires-du-sport\\\/\",\"name\":\"Le vernissage de l\u2019exposition \u00ab M\u00e9moires du sport \u00bb - CDOS 28\",\"isPartOf\":{\"@id\":\"https:\\\/\\\/www.sport28.fr\\\/#website\"},\"primaryImageOfPage\":{\"@id\":\"https:\\\/\\\/www.sport28.fr\\\/index.php\\\/2024\\\/05\\\/31\\\/le-vernissage-de-lexposition-memoires-du-sport\\\/#primaryimage\"},\"image\":{\"@id\":\"https:\\\/\\\/www.sport28.fr\\\/index.php\\\/2024\\\/05\\\/31\\\/le-vernissage-de-lexposition-memoires-du-sport\\\/#primaryimage\"},\"thumbnailUrl\":\"https:\\\/\\\/www.sport28.fr\\\/wp-content\\\/uploads\\\/2024\\\/05\\\/image00008-scaled.jpeg\",\"datePublished\":\"2024-05-31T12:15:18+00:00\",\"dateModified\":\"2024-05-31T12:15:21+00:00\",\"breadcrumb\":{\"@id\":\"https:\\\/\\\/www.sport28.fr\\\/index.php\\\/2024\\\/05\\\/31\\\/le-vernissage-de-lexposition-memoires-du-sport\\\/#breadcrumb\"},\"inLanguage\":\"fr-FR\",\"potentialAction\":[{\"@type\":\"ReadAction\",\"target\":[\"https:\\\/\\\/www.sport28.fr\\\/index.php\\\/2024\\\/05\\\/31\\\/le-vernissage-de-lexposition-memoires-du-sport\\\/\"]}]},{\"@type\":\"ImageObject\",\"inLanguage\":\"fr-FR\",\"@id\":\"https:\\\/\\\/www.sport28.fr\\\/index.php\\\/2024\\\/05\\\/31\\\/le-vernissage-de-lexposition-memoires-du-sport\\\/#primaryimage\",\"url\":\"https:\\\/\\\/www.sport28.fr\\\/wp-content\\\/uploads\\\/2024\\\/05\\\/image00008-scaled.jpeg\",\"contentUrl\":\"https:\\\/\\\/www.sport28.fr\\\/wp-content\\\/uploads\\\/2024\\\/05\\\/image00008-scaled.jpeg\",\"width\":2560,\"height\":1920},{\"@type\":\"BreadcrumbList\",\"@id\":\"https:\\\/\\\/www.sport28.fr\\\/index.php\\\/2024\\\/05\\\/31\\\/le-vernissage-de-lexposition-memoires-du-sport\\\/#breadcrumb\",\"itemListElement\":[{\"@type\":\"ListItem\",\"position\":1,\"name\":\"Accueil\",\"item\":\"https:\\\/\\\/www.sport28.fr\\\/\"},{\"@type\":\"ListItem\",\"position\":2,\"name\":\"Le vernissage de l\u2019exposition \u00ab M\u00e9moires du sport \u00bb\"}]},{\"@type\":\"WebSite\",\"@id\":\"https:\\\/\\\/www.sport28.fr\\\/#website\",\"url\":\"https:\\\/\\\/www.sport28.fr\\\/\",\"name\":\"CDOS 28\",\"description\":\"Comit\u00e9 D\u00e9partementale Olympique et Sportif d&#039;Eure et Loir\",\"publisher\":{\"@id\":\"https:\\\/\\\/www.sport28.fr\\\/#organization\"},\"potentialAction\":[{\"@type\":\"SearchAction\",\"target\":{\"@type\":\"EntryPoint\",\"urlTemplate\":\"https:\\\/\\\/www.sport28.fr\\\/?s={search_term_string}\"},\"query-input\":{\"@type\":\"PropertyValueSpecification\",\"valueRequired\":true,\"valueName\":\"search_term_string\"}}],\"inLanguage\":\"fr-FR\"},{\"@type\":\"Organization\",\"@id\":\"https:\\\/\\\/www.sport28.fr\\\/#organization\",\"name\":\"Comit\u00e9 d\u00e9partemental olympique et sportif d'eure-et-loir\",\"alternateName\":\"cdos 28\",\"url\":\"https:\\\/\\\/www.sport28.fr\\\/\",\"logo\":{\"@type\":\"ImageObject\",\"inLanguage\":\"fr-FR\",\"@id\":\"https:\\\/\\\/www.sport28.fr\\\/#\\\/schema\\\/logo\\\/image\\\/\",\"url\":\"https:\\\/\\\/www.sport28.fr\\\/wp-content\\\/uploads\\\/2023\\\/10\\\/cdos_eure_et_loir_logo.jpg\",\"contentUrl\":\"https:\\\/\\\/www.sport28.fr\\\/wp-content\\\/uploads\\\/2023\\\/10\\\/cdos_eure_et_loir_logo.jpg\",\"width\":1000,\"height\":1000,\"caption\":\"Comit\u00e9 d\u00e9partemental olympique et sportif d'eure-et-loir\"},\"image\":{\"@id\":\"https:\\\/\\\/www.sport28.fr\\\/#\\\/schema\\\/logo\\\/image\\\/\"},\"sameAs\":[\"https:\\\/\\\/www.facebook.com\\\/CDOS28?locale=fr_FR\"]},{\"@type\":\"Person\",\"@id\":\"https:\\\/\\\/www.sport28.fr\\\/#\\\/schema\\\/person\\\/d707dc6c4cc8f7ba6a4564f87a6818a8\",\"name\":\"admin28\",\"image\":{\"@type\":\"ImageObject\",\"inLanguage\":\"fr-FR\",\"@id\":\"https:\\\/\\\/secure.gravatar.com\\\/avatar\\\/ec586f5fe487447efd44e48a32fef6a1c590e9d744f9d2c3d84ed071f1581364?s=96&d=mm&r=g\",\"url\":\"https:\\\/\\\/secure.gravatar.com\\\/avatar\\\/ec586f5fe487447efd44e48a32fef6a1c590e9d744f9d2c3d84ed071f1581364?s=96&d=mm&r=g\",\"contentUrl\":\"https:\\\/\\\/secure.gravatar.com\\\/avatar\\\/ec586f5fe487447efd44e48a32fef6a1c590e9d744f9d2c3d84ed071f1581364?s=96&d=mm&r=g\",\"caption\":\"admin28\"},\"sameAs\":[\"http:\\\/\\\/www.dev.sport28.fr\"],\"url\":\"https:\\\/\\\/www.sport28.fr\\\/index.php\\\/author\\\/admin28\\\/\"}]}<\/script>\n<!-- \/ Yoast SEO plugin. -->","yoast_head_json":{"title":"Le vernissage de l\u2019exposition \u00ab M\u00e9moires du sport \u00bb - CDOS 28","robots":{"index":"index","follow":"follow","max-snippet":"max-snippet:-1","max-image-preview":"max-image-preview:large","max-video-preview":"max-video-preview:-1"},"canonical":"https:\/\/www.sport28.fr\/index.php\/2024\/05\/31\/le-vernissage-de-lexposition-memoires-du-sport\/","og_locale":"fr_FR","og_type":"article","og_title":"Le vernissage de l\u2019exposition \u00ab M\u00e9moires du sport \u00bb - CDOS 28","og_description":"Hier, c\u2019\u00e9tait le vernissage de l\u2019exposition \u00ab M\u00e9moires du sport \u00bb au COMPA en pr\u00e9sence de M Christophe LE DORVEN, pr\u00e9sident du Conseil d\u00e9partemental d\u2019EURE ET LOIR et de Michel [&hellip;]","og_url":"https:\/\/www.sport28.fr\/index.php\/2024\/05\/31\/le-vernissage-de-lexposition-memoires-du-sport\/","og_site_name":"CDOS 28","article_publisher":"https:\/\/www.facebook.com\/CDOS28?locale=fr_FR","article_published_time":"2024-05-31T12:15:18+00:00","article_modified_time":"2024-05-31T12:15:21+00:00","og_image":[{"width":2560,"height":1920,"url":"https:\/\/www.sport28.fr\/wp-content\/uploads\/2024\/05\/image00008-scaled.jpeg","type":"image\/jpeg"}],"author":"admin28","twitter_card":"summary_large_image","twitter_misc":{"\u00c9crit par":"admin28","Dur\u00e9e de lecture estim\u00e9e":"3 minutes"},"schema":{"@context":"https:\/\/schema.org","@graph":[{"@type":"Article","@id":"https:\/\/www.sport28.fr\/index.php\/2024\/05\/31\/le-vernissage-de-lexposition-memoires-du-sport\/#article","isPartOf":{"@id":"https:\/\/www.sport28.fr\/index.php\/2024\/05\/31\/le-vernissage-de-lexposition-memoires-du-sport\/"},"author":{"name":"admin28","@id":"https:\/\/www.sport28.fr\/#\/schema\/person\/d707dc6c4cc8f7ba6a4564f87a6818a8"},"headline":"Le vernissage de l\u2019exposition \u00ab M\u00e9moires du sport \u00bb","datePublished":"2024-05-31T12:15:18+00:00","dateModified":"2024-05-31T12:15:21+00:00","mainEntityOfPage":{"@id":"https:\/\/www.sport28.fr\/index.php\/2024\/05\/31\/le-vernissage-de-lexposition-memoires-du-sport\/"},"wordCount":148,"publisher":{"@id":"https:\/\/www.sport28.fr\/#organization"},"image":{"@id":"https:\/\/www.sport28.fr\/index.php\/2024\/05\/31\/le-vernissage-de-lexposition-memoires-du-sport\/#primaryimage"},"thumbnailUrl":"https:\/\/www.sport28.fr\/wp-content\/uploads\/2024\/05\/image00008-scaled.jpeg","articleSection":["Sport, \u00e9ducation et citoyennet\u00e9"],"inLanguage":"fr-FR"},{"@type":"WebPage","@id":"https:\/\/www.sport28.fr\/index.php\/2024\/05\/31\/le-vernissage-de-lexposition-memoires-du-sport\/","url":"https:\/\/www.sport28.fr\/index.php\/2024\/05\/31\/le-vernissage-de-lexposition-memoires-du-sport\/","name":"Le vernissage de l\u2019exposition \u00ab M\u00e9moires du sport \u00bb - CDOS 28","isPartOf":{"@id":"https:\/\/www.sport28.fr\/#website"},"primaryImageOfPage":{"@id":"https:\/\/www.sport28.fr\/index.php\/2024\/05\/31\/le-vernissage-de-lexposition-memoires-du-sport\/#primaryimage"},"image":{"@id":"https:\/\/www.sport28.fr\/index.php\/2024\/05\/31\/le-vernissage-de-lexposition-memoires-du-sport\/#primaryimage"},"thumbnailUrl":"https:\/\/www.sport28.fr\/wp-content\/uploads\/2024\/05\/image00008-scaled.jpeg","datePublished":"2024-05-31T12:15:18+00:00","dateModified":"2024-05-31T12:15:21+00:00","breadcrumb":{"@id":"https:\/\/www.sport28.fr\/index.php\/2024\/05\/31\/le-vernissage-de-lexposition-memoires-du-sport\/#breadcrumb"},"inLanguage":"fr-FR","potentialAction":[{"@type":"ReadAction","target":["https:\/\/www.sport28.fr\/index.php\/2024\/05\/31\/le-vernissage-de-lexposition-memoires-du-sport\/"]}]},{"@type":"ImageObject","inLanguage":"fr-FR","@id":"https:\/\/www.sport28.fr\/index.php\/2024\/05\/31\/le-vernissage-de-lexposition-memoires-du-sport\/#primaryimage","url":"https:\/\/www.sport28.fr\/wp-content\/uploads\/2024\/05\/image00008-scaled.jpeg","contentUrl":"https:\/\/www.sport28.fr\/wp-content\/uploads\/2024\/05\/image00008-scaled.jpeg","width":2560,"height":1920},{"@type":"BreadcrumbList","@id":"https:\/\/www.sport28.fr\/index.php\/2024\/05\/31\/le-vernissage-de-lexposition-memoires-du-sport\/#breadcrumb","itemListElement":[{"@type":"ListItem","position":1,"name":"Accueil","item":"https:\/\/www.sport28.fr\/"},{"@type":"ListItem","position":2,"name":"Le vernissage de l\u2019exposition \u00ab M\u00e9moires du sport \u00bb"}]},{"@type":"WebSite","@id":"https:\/\/www.sport28.fr\/#website","url":"https:\/\/www.sport28.fr\/","name":"CDOS 28","description":"Comit\u00e9 D\u00e9partementale Olympique et Sportif d&#039;Eure et Loir","publisher":{"@id":"https:\/\/www.sport28.fr\/#organization"},"potentialAction":[{"@type":"SearchAction","target":{"@type":"EntryPoint","urlTemplate":"https:\/\/www.sport28.fr\/?s={search_term_string}"},"query-input":{"@type":"PropertyValueSpecification","valueRequired":true,"valueName":"search_term_string"}}],"inLanguage":"fr-FR"},{"@type":"Organization","@id":"https:\/\/www.sport28.fr\/#organization","name":"Comit\u00e9 d\u00e9partemental olympique et sportif d'eure-et-loir","alternateName":"cdos 28","url":"https:\/\/www.sport28.fr\/","logo":{"@type":"ImageObject","inLanguage":"fr-FR","@id":"https:\/\/www.sport28.fr\/#\/schema\/logo\/image\/","url":"https:\/\/www.sport28.fr\/wp-content\/uploads\/2023\/10\/cdos_eure_et_loir_logo.jpg","contentUrl":"https:\/\/www.sport28.fr\/wp-content\/uploads\/2023\/10\/cdos_eure_et_loir_logo.jpg","width":1000,"height":1000,"caption":"Comit\u00e9 d\u00e9partemental olympique et sportif d'eure-et-loir"},"image":{"@id":"https:\/\/www.sport28.fr\/#\/schema\/logo\/image\/"},"sameAs":["https:\/\/www.facebook.com\/CDOS28?locale=fr_FR"]},{"@type":"Person","@id":"https:\/\/www.sport28.fr\/#\/schema\/person\/d707dc6c4cc8f7ba6a4564f87a6818a8","name":"admin28","image":{"@type":"ImageObject","inLanguage":"fr-FR","@id":"https:\/\/secure.gravatar.com\/avatar\/ec586f5fe487447efd44e48a32fef6a1c590e9d744f9d2c3d84ed071f1581364?s=96&d=mm&r=g","url":"https:\/\/secure.gravatar.com\/avatar\/ec586f5fe487447efd44e48a32fef6a1c590e9d744f9d2c3d84ed071f1581364?s=96&d=mm&r=g","contentUrl":"https:\/\/secure.gravatar.com\/avatar\/ec586f5fe487447efd44e48a32fef6a1c590e9d744f9d2c3d84ed071f1581364?s=96&d=mm&r=g","caption":"admin28"},"sameAs":["http:\/\/www.dev.sport28.fr"],"url":"https:\/\/www.sport28.fr\/index.php\/author\/admin28\/"}]}},"_links":{"self":[{"href":"https:\/\/www.sport28.fr\/index.php\/wp-json\/wp\/v2\/posts\/2740","targetHints":{"allow":["GET"]}}],"collection":[{"href":"https:\/\/www.sport28.fr\/index.php\/wp-json\/wp\/v2\/posts"}],"about":[{"href":"https:\/\/www.sport28.fr\/index.php\/wp-json\/wp\/v2\/types\/post"}],"author":[{"embeddable":true,"href":"https:\/\/www.sport28.fr\/index.php\/wp-json\/wp\/v2\/users\/1"}],"replies":[{"embeddable":true,"href":"https:\/\/www.sport28.fr\/index.php\/wp-json\/wp\/v2\/comments?post=2740"}],"version-history":[{"count":1,"href":"https:\/\/www.sport28.fr\/index.php\/wp-json\/wp\/v2\/posts\/2740\/revisions"}],"predecessor-version":[{"id":2746,"href":"https:\/\/www.sport28.fr\/index.php\/wp-json\/wp\/v2\/posts\/2740\/revisions\/2746"}],"wp:featuredmedia":[{"embeddable":true,"href":"https:\/\/www.sport28.fr\/index.php\/wp-json\/wp\/v2\/media\/2745"}],"wp:attachment":[{"href":"https:\/\/www.sport28.fr\/index.php\/wp-json\/wp\/v2\/media?parent=2740"}],"wp:term":[{"taxonomy":"category","embeddable":true,"href":"https:\/\/www.sport28.fr\/index.php\/wp-json\/wp\/v2\/categories?post=2740"},{"taxonomy":"post_tag","embeddable":true,"href":"https:\/\/www.sport28.fr\/index.php\/wp-json\/wp\/v2\/tags?post=2740"}],"curies":[{"name":"wp","href":"https:\/\/api.w.org\/{rel}","templated":true}]}}