{"id":2708,"date":"2024-04-22T15:06:55","date_gmt":"2024-04-22T13:06:55","guid":{"rendered":"https:\/\/www.sport28.fr\/?p=2708"},"modified":"2024-04-22T15:07:07","modified_gmt":"2024-04-22T13:07:07","slug":"formation-organiser-son-assemblee-generale","status":"publish","type":"post","link":"https:\/\/www.sport28.fr\/index.php\/2024\/04\/22\/formation-organiser-son-assemblee-generale\/","title":{"rendered":"Formation : Organiser son assembl\u00e9e g\u00e9n\u00e9rale"},"content":{"rendered":"\n<figure class=\"wp-block-gallery has-nested-images columns-default is-cropped wp-block-gallery-1 is-layout-flex wp-block-gallery-is-layout-flex\">\n<figure class=\"wp-block-image size-large\"><img fetchpriority=\"high\" decoding=\"async\" width=\"940\" height=\"788\" data-id=\"2709\" src=\"https:\/\/www.sport28.fr\/wp-content\/uploads\/2024\/04\/Formation-Basicompta-1.png\" alt=\"\" class=\"wp-image-2709\" srcset=\"https:\/\/www.sport28.fr\/wp-content\/uploads\/2024\/04\/Formation-Basicompta-1.png 940w, https:\/\/www.sport28.fr\/wp-content\/uploads\/2024\/04\/Formation-Basicompta-1-300x251.png 300w, https:\/\/www.sport28.fr\/wp-content\/uploads\/2024\/04\/Formation-Basicompta-1-768x644.png 768w\" sizes=\"(max-width: 940px) 100vw, 940px\" \/><\/figure>\n<\/figure>\n\n\n\n<p><strong><u>Th\u00e8me de la Formation :<\/u><\/strong> &nbsp;Organiser son assembl\u00e9e g\u00e9n\u00e9rale<\/p>\n\n\n\n<p><strong><u>Date et Heure :<\/u><\/strong> 29 mai 2024, de 18h \u00e0 21h.<\/p>\n\n\n\n<p><strong><u>Lieu de la formation<\/u><\/strong>&nbsp;: 5, rue du petit R\u00e9au 28300 L\u00e8ves.<\/p>\n\n\n\n<p><strong><u>Comment participer ?<\/u><\/strong> Les int\u00e9ress\u00e9s peuvent s&rsquo;inscrire en suivant ce lien&nbsp;: <a href=\"https:\/\/docs.google.com\/forms\/d\/e\/1FAIpQLSen7SomjvXQVTiukgMR0R9ZJU8lXGk68Ync29xNMxGceI1C5g\/viewform?usp=sf_link\">https:\/\/docs.google.com\/forms\/d\/e\/1FAIpQLSen7SomjvXQVTiukgMR0R9ZJU8lXGk68Ync29xNMxGceI1C5g\/viewform?usp=sf_link<\/a><\/p>\n\n\n\n<ul class=\"wp-block-list\">\n<li>Inscription obligatoire.<\/li>\n<\/ul>\n","protected":false},"excerpt":{"rendered":"<p>Th\u00e8me de la Formation : &nbsp;Organiser son assembl\u00e9e g\u00e9n\u00e9rale Date et Heure : 29 mai 2024, de 18h \u00e0 21h. Lieu de la formation&nbsp;: 5, rue du petit R\u00e9au 28300 [&hellip;]<\/p>\n","protected":false},"author":1,"featured_media":2709,"comment_status":"closed","ping_status":"open","sticky":false,"template":"","format":"standard","meta":{"footnotes":""},"categories":[28],"tags":[],"class_list":["post-2708","post","type-post","status-publish","format-standard","has-post-thumbnail","hentry","category-sport-et-professionnalisation"],"yoast_head":"<!-- This site is optimized with the Yoast SEO plugin v27.5 - https:\/\/yoast.com\/product\/yoast-seo-wordpress\/ -->\n<title>Formation : Organiser son assembl\u00e9e g\u00e9n\u00e9rale - CDOS 28<\/title>\n<meta name=\"robots\" content=\"index, follow, max-snippet:-1, max-image-preview:large, max-video-preview:-1\" \/>\n<link rel=\"canonical\" href=\"https:\/\/www.sport28.fr\/index.php\/2024\/04\/22\/formation-organiser-son-assemblee-generale\/\" \/>\n<meta property=\"og:locale\" content=\"fr_FR\" \/>\n<meta property=\"og:type\" content=\"article\" \/>\n<meta property=\"og:title\" content=\"Formation : Organiser son assembl\u00e9e g\u00e9n\u00e9rale - CDOS 28\" \/>\n<meta property=\"og:description\" content=\"Th\u00e8me de la Formation : &nbsp;Organiser son assembl\u00e9e g\u00e9n\u00e9rale Date et Heure : 29 mai 2024, de 18h \u00e0 21h. Lieu de la formation&nbsp;: 5, rue du petit R\u00e9au 28300 [&hellip;]\" \/>\n<meta property=\"og:url\" content=\"https:\/\/www.sport28.fr\/index.php\/2024\/04\/22\/formation-organiser-son-assemblee-generale\/\" \/>\n<meta property=\"og:site_name\" content=\"CDOS 28\" \/>\n<meta property=\"article:publisher\" content=\"https:\/\/www.facebook.com\/CDOS28?locale=fr_FR\" \/>\n<meta property=\"article:published_time\" content=\"2024-04-22T13:06:55+00:00\" \/>\n<meta property=\"article:modified_time\" content=\"2024-04-22T13:07:07+00:00\" \/>\n<meta property=\"og:image\" content=\"https:\/\/www.sport28.fr\/wp-content\/uploads\/2024\/04\/Formation-Basicompta-1.png\" \/>\n\t<meta property=\"og:image:width\" content=\"940\" \/>\n\t<meta property=\"og:image:height\" content=\"788\" \/>\n\t<meta property=\"og:image:type\" content=\"image\/png\" \/>\n<meta name=\"author\" content=\"admin28\" \/>\n<meta name=\"twitter:card\" content=\"summary_large_image\" \/>\n<meta name=\"twitter:label1\" content=\"\u00c9crit par\" \/>\n\t<meta name=\"twitter:data1\" content=\"admin28\" \/>\n\t<meta name=\"twitter:label2\" content=\"Dur\u00e9e de lecture estim\u00e9e\" \/>\n\t<meta name=\"twitter:data2\" content=\"1 minute\" \/>\n<script type=\"application\/ld+json\" class=\"yoast-schema-graph\">{\"@context\":\"https:\\\/\\\/schema.org\",\"@graph\":[{\"@type\":\"Article\",\"@id\":\"https:\\\/\\\/www.sport28.fr\\\/index.php\\\/2024\\\/04\\\/22\\\/formation-organiser-son-assemblee-generale\\\/#article\",\"isPartOf\":{\"@id\":\"https:\\\/\\\/www.sport28.fr\\\/index.php\\\/2024\\\/04\\\/22\\\/formation-organiser-son-assemblee-generale\\\/\"},\"author\":{\"name\":\"admin28\",\"@id\":\"https:\\\/\\\/www.sport28.fr\\\/#\\\/schema\\\/person\\\/d707dc6c4cc8f7ba6a4564f87a6818a8\"},\"headline\":\"Formation : Organiser son assembl\u00e9e g\u00e9n\u00e9rale\",\"datePublished\":\"2024-04-22T13:06:55+00:00\",\"dateModified\":\"2024-04-22T13:07:07+00:00\",\"mainEntityOfPage\":{\"@id\":\"https:\\\/\\\/www.sport28.fr\\\/index.php\\\/2024\\\/04\\\/22\\\/formation-organiser-son-assemblee-generale\\\/\"},\"wordCount\":75,\"publisher\":{\"@id\":\"https:\\\/\\\/www.sport28.fr\\\/#organization\"},\"image\":{\"@id\":\"https:\\\/\\\/www.sport28.fr\\\/index.php\\\/2024\\\/04\\\/22\\\/formation-organiser-son-assemblee-generale\\\/#primaryimage\"},\"thumbnailUrl\":\"https:\\\/\\\/www.sport28.fr\\\/wp-content\\\/uploads\\\/2024\\\/04\\\/Formation-Basicompta-1.png\",\"articleSection\":[\"Sport et Professionnalisation\"],\"inLanguage\":\"fr-FR\"},{\"@type\":\"WebPage\",\"@id\":\"https:\\\/\\\/www.sport28.fr\\\/index.php\\\/2024\\\/04\\\/22\\\/formation-organiser-son-assemblee-generale\\\/\",\"url\":\"https:\\\/\\\/www.sport28.fr\\\/index.php\\\/2024\\\/04\\\/22\\\/formation-organiser-son-assemblee-generale\\\/\",\"name\":\"Formation : Organiser son assembl\u00e9e g\u00e9n\u00e9rale - CDOS 28\",\"isPartOf\":{\"@id\":\"https:\\\/\\\/www.sport28.fr\\\/#website\"},\"primaryImageOfPage\":{\"@id\":\"https:\\\/\\\/www.sport28.fr\\\/index.php\\\/2024\\\/04\\\/22\\\/formation-organiser-son-assemblee-generale\\\/#primaryimage\"},\"image\":{\"@id\":\"https:\\\/\\\/www.sport28.fr\\\/index.php\\\/2024\\\/04\\\/22\\\/formation-organiser-son-assemblee-generale\\\/#primaryimage\"},\"thumbnailUrl\":\"https:\\\/\\\/www.sport28.fr\\\/wp-content\\\/uploads\\\/2024\\\/04\\\/Formation-Basicompta-1.png\",\"datePublished\":\"2024-04-22T13:06:55+00:00\",\"dateModified\":\"2024-04-22T13:07:07+00:00\",\"breadcrumb\":{\"@id\":\"https:\\\/\\\/www.sport28.fr\\\/index.php\\\/2024\\\/04\\\/22\\\/formation-organiser-son-assemblee-generale\\\/#breadcrumb\"},\"inLanguage\":\"fr-FR\",\"potentialAction\":[{\"@type\":\"ReadAction\",\"target\":[\"https:\\\/\\\/www.sport28.fr\\\/index.php\\\/2024\\\/04\\\/22\\\/formation-organiser-son-assemblee-generale\\\/\"]}]},{\"@type\":\"ImageObject\",\"inLanguage\":\"fr-FR\",\"@id\":\"https:\\\/\\\/www.sport28.fr\\\/index.php\\\/2024\\\/04\\\/22\\\/formation-organiser-son-assemblee-generale\\\/#primaryimage\",\"url\":\"https:\\\/\\\/www.sport28.fr\\\/wp-content\\\/uploads\\\/2024\\\/04\\\/Formation-Basicompta-1.png\",\"contentUrl\":\"https:\\\/\\\/www.sport28.fr\\\/wp-content\\\/uploads\\\/2024\\\/04\\\/Formation-Basicompta-1.png\",\"width\":940,\"height\":788},{\"@type\":\"BreadcrumbList\",\"@id\":\"https:\\\/\\\/www.sport28.fr\\\/index.php\\\/2024\\\/04\\\/22\\\/formation-organiser-son-assemblee-generale\\\/#breadcrumb\",\"itemListElement\":[{\"@type\":\"ListItem\",\"position\":1,\"name\":\"Accueil\",\"item\":\"https:\\\/\\\/www.sport28.fr\\\/\"},{\"@type\":\"ListItem\",\"position\":2,\"name\":\"Formation : Organiser son assembl\u00e9e g\u00e9n\u00e9rale\"}]},{\"@type\":\"WebSite\",\"@id\":\"https:\\\/\\\/www.sport28.fr\\\/#website\",\"url\":\"https:\\\/\\\/www.sport28.fr\\\/\",\"name\":\"CDOS 28\",\"description\":\"Comit\u00e9 D\u00e9partementale Olympique et Sportif d&#039;Eure et Loir\",\"publisher\":{\"@id\":\"https:\\\/\\\/www.sport28.fr\\\/#organization\"},\"potentialAction\":[{\"@type\":\"SearchAction\",\"target\":{\"@type\":\"EntryPoint\",\"urlTemplate\":\"https:\\\/\\\/www.sport28.fr\\\/?s={search_term_string}\"},\"query-input\":{\"@type\":\"PropertyValueSpecification\",\"valueRequired\":true,\"valueName\":\"search_term_string\"}}],\"inLanguage\":\"fr-FR\"},{\"@type\":\"Organization\",\"@id\":\"https:\\\/\\\/www.sport28.fr\\\/#organization\",\"name\":\"Comit\u00e9 d\u00e9partemental olympique et sportif d'eure-et-loir\",\"alternateName\":\"cdos 28\",\"url\":\"https:\\\/\\\/www.sport28.fr\\\/\",\"logo\":{\"@type\":\"ImageObject\",\"inLanguage\":\"fr-FR\",\"@id\":\"https:\\\/\\\/www.sport28.fr\\\/#\\\/schema\\\/logo\\\/image\\\/\",\"url\":\"https:\\\/\\\/www.sport28.fr\\\/wp-content\\\/uploads\\\/2023\\\/10\\\/cdos_eure_et_loir_logo.jpg\",\"contentUrl\":\"https:\\\/\\\/www.sport28.fr\\\/wp-content\\\/uploads\\\/2023\\\/10\\\/cdos_eure_et_loir_logo.jpg\",\"width\":1000,\"height\":1000,\"caption\":\"Comit\u00e9 d\u00e9partemental olympique et sportif d'eure-et-loir\"},\"image\":{\"@id\":\"https:\\\/\\\/www.sport28.fr\\\/#\\\/schema\\\/logo\\\/image\\\/\"},\"sameAs\":[\"https:\\\/\\\/www.facebook.com\\\/CDOS28?locale=fr_FR\"]},{\"@type\":\"Person\",\"@id\":\"https:\\\/\\\/www.sport28.fr\\\/#\\\/schema\\\/person\\\/d707dc6c4cc8f7ba6a4564f87a6818a8\",\"name\":\"admin28\",\"image\":{\"@type\":\"ImageObject\",\"inLanguage\":\"fr-FR\",\"@id\":\"https:\\\/\\\/secure.gravatar.com\\\/avatar\\\/ec586f5fe487447efd44e48a32fef6a1c590e9d744f9d2c3d84ed071f1581364?s=96&d=mm&r=g\",\"url\":\"https:\\\/\\\/secure.gravatar.com\\\/avatar\\\/ec586f5fe487447efd44e48a32fef6a1c590e9d744f9d2c3d84ed071f1581364?s=96&d=mm&r=g\",\"contentUrl\":\"https:\\\/\\\/secure.gravatar.com\\\/avatar\\\/ec586f5fe487447efd44e48a32fef6a1c590e9d744f9d2c3d84ed071f1581364?s=96&d=mm&r=g\",\"caption\":\"admin28\"},\"sameAs\":[\"http:\\\/\\\/www.dev.sport28.fr\"],\"url\":\"https:\\\/\\\/www.sport28.fr\\\/index.php\\\/author\\\/admin28\\\/\"}]}<\/script>\n<!-- \/ Yoast SEO plugin. -->","yoast_head_json":{"title":"Formation : Organiser son assembl\u00e9e g\u00e9n\u00e9rale - CDOS 28","robots":{"index":"index","follow":"follow","max-snippet":"max-snippet:-1","max-image-preview":"max-image-preview:large","max-video-preview":"max-video-preview:-1"},"canonical":"https:\/\/www.sport28.fr\/index.php\/2024\/04\/22\/formation-organiser-son-assemblee-generale\/","og_locale":"fr_FR","og_type":"article","og_title":"Formation : Organiser son assembl\u00e9e g\u00e9n\u00e9rale - CDOS 28","og_description":"Th\u00e8me de la Formation : &nbsp;Organiser son assembl\u00e9e g\u00e9n\u00e9rale Date et Heure : 29 mai 2024, de 18h \u00e0 21h. Lieu de la formation&nbsp;: 5, rue du petit R\u00e9au 28300 [&hellip;]","og_url":"https:\/\/www.sport28.fr\/index.php\/2024\/04\/22\/formation-organiser-son-assemblee-generale\/","og_site_name":"CDOS 28","article_publisher":"https:\/\/www.facebook.com\/CDOS28?locale=fr_FR","article_published_time":"2024-04-22T13:06:55+00:00","article_modified_time":"2024-04-22T13:07:07+00:00","og_image":[{"width":940,"height":788,"url":"https:\/\/www.sport28.fr\/wp-content\/uploads\/2024\/04\/Formation-Basicompta-1.png","type":"image\/png"}],"author":"admin28","twitter_card":"summary_large_image","twitter_misc":{"\u00c9crit par":"admin28","Dur\u00e9e de lecture estim\u00e9e":"1 minute"},"schema":{"@context":"https:\/\/schema.org","@graph":[{"@type":"Article","@id":"https:\/\/www.sport28.fr\/index.php\/2024\/04\/22\/formation-organiser-son-assemblee-generale\/#article","isPartOf":{"@id":"https:\/\/www.sport28.fr\/index.php\/2024\/04\/22\/formation-organiser-son-assemblee-generale\/"},"author":{"name":"admin28","@id":"https:\/\/www.sport28.fr\/#\/schema\/person\/d707dc6c4cc8f7ba6a4564f87a6818a8"},"headline":"Formation : Organiser son assembl\u00e9e g\u00e9n\u00e9rale","datePublished":"2024-04-22T13:06:55+00:00","dateModified":"2024-04-22T13:07:07+00:00","mainEntityOfPage":{"@id":"https:\/\/www.sport28.fr\/index.php\/2024\/04\/22\/formation-organiser-son-assemblee-generale\/"},"wordCount":75,"publisher":{"@id":"https:\/\/www.sport28.fr\/#organization"},"image":{"@id":"https:\/\/www.sport28.fr\/index.php\/2024\/04\/22\/formation-organiser-son-assemblee-generale\/#primaryimage"},"thumbnailUrl":"https:\/\/www.sport28.fr\/wp-content\/uploads\/2024\/04\/Formation-Basicompta-1.png","articleSection":["Sport et Professionnalisation"],"inLanguage":"fr-FR"},{"@type":"WebPage","@id":"https:\/\/www.sport28.fr\/index.php\/2024\/04\/22\/formation-organiser-son-assemblee-generale\/","url":"https:\/\/www.sport28.fr\/index.php\/2024\/04\/22\/formation-organiser-son-assemblee-generale\/","name":"Formation : Organiser son assembl\u00e9e g\u00e9n\u00e9rale - CDOS 28","isPartOf":{"@id":"https:\/\/www.sport28.fr\/#website"},"primaryImageOfPage":{"@id":"https:\/\/www.sport28.fr\/index.php\/2024\/04\/22\/formation-organiser-son-assemblee-generale\/#primaryimage"},"image":{"@id":"https:\/\/www.sport28.fr\/index.php\/2024\/04\/22\/formation-organiser-son-assemblee-generale\/#primaryimage"},"thumbnailUrl":"https:\/\/www.sport28.fr\/wp-content\/uploads\/2024\/04\/Formation-Basicompta-1.png","datePublished":"2024-04-22T13:06:55+00:00","dateModified":"2024-04-22T13:07:07+00:00","breadcrumb":{"@id":"https:\/\/www.sport28.fr\/index.php\/2024\/04\/22\/formation-organiser-son-assemblee-generale\/#breadcrumb"},"inLanguage":"fr-FR","potentialAction":[{"@type":"ReadAction","target":["https:\/\/www.sport28.fr\/index.php\/2024\/04\/22\/formation-organiser-son-assemblee-generale\/"]}]},{"@type":"ImageObject","inLanguage":"fr-FR","@id":"https:\/\/www.sport28.fr\/index.php\/2024\/04\/22\/formation-organiser-son-assemblee-generale\/#primaryimage","url":"https:\/\/www.sport28.fr\/wp-content\/uploads\/2024\/04\/Formation-Basicompta-1.png","contentUrl":"https:\/\/www.sport28.fr\/wp-content\/uploads\/2024\/04\/Formation-Basicompta-1.png","width":940,"height":788},{"@type":"BreadcrumbList","@id":"https:\/\/www.sport28.fr\/index.php\/2024\/04\/22\/formation-organiser-son-assemblee-generale\/#breadcrumb","itemListElement":[{"@type":"ListItem","position":1,"name":"Accueil","item":"https:\/\/www.sport28.fr\/"},{"@type":"ListItem","position":2,"name":"Formation : Organiser son assembl\u00e9e g\u00e9n\u00e9rale"}]},{"@type":"WebSite","@id":"https:\/\/www.sport28.fr\/#website","url":"https:\/\/www.sport28.fr\/","name":"CDOS 28","description":"Comit\u00e9 D\u00e9partementale Olympique et Sportif d&#039;Eure et Loir","publisher":{"@id":"https:\/\/www.sport28.fr\/#organization"},"potentialAction":[{"@type":"SearchAction","target":{"@type":"EntryPoint","urlTemplate":"https:\/\/www.sport28.fr\/?s={search_term_string}"},"query-input":{"@type":"PropertyValueSpecification","valueRequired":true,"valueName":"search_term_string"}}],"inLanguage":"fr-FR"},{"@type":"Organization","@id":"https:\/\/www.sport28.fr\/#organization","name":"Comit\u00e9 d\u00e9partemental olympique et sportif d'eure-et-loir","alternateName":"cdos 28","url":"https:\/\/www.sport28.fr\/","logo":{"@type":"ImageObject","inLanguage":"fr-FR","@id":"https:\/\/www.sport28.fr\/#\/schema\/logo\/image\/","url":"https:\/\/www.sport28.fr\/wp-content\/uploads\/2023\/10\/cdos_eure_et_loir_logo.jpg","contentUrl":"https:\/\/www.sport28.fr\/wp-content\/uploads\/2023\/10\/cdos_eure_et_loir_logo.jpg","width":1000,"height":1000,"caption":"Comit\u00e9 d\u00e9partemental olympique et sportif d'eure-et-loir"},"image":{"@id":"https:\/\/www.sport28.fr\/#\/schema\/logo\/image\/"},"sameAs":["https:\/\/www.facebook.com\/CDOS28?locale=fr_FR"]},{"@type":"Person","@id":"https:\/\/www.sport28.fr\/#\/schema\/person\/d707dc6c4cc8f7ba6a4564f87a6818a8","name":"admin28","image":{"@type":"ImageObject","inLanguage":"fr-FR","@id":"https:\/\/secure.gravatar.com\/avatar\/ec586f5fe487447efd44e48a32fef6a1c590e9d744f9d2c3d84ed071f1581364?s=96&d=mm&r=g","url":"https:\/\/secure.gravatar.com\/avatar\/ec586f5fe487447efd44e48a32fef6a1c590e9d744f9d2c3d84ed071f1581364?s=96&d=mm&r=g","contentUrl":"https:\/\/secure.gravatar.com\/avatar\/ec586f5fe487447efd44e48a32fef6a1c590e9d744f9d2c3d84ed071f1581364?s=96&d=mm&r=g","caption":"admin28"},"sameAs":["http:\/\/www.dev.sport28.fr"],"url":"https:\/\/www.sport28.fr\/index.php\/author\/admin28\/"}]}},"_links":{"self":[{"href":"https:\/\/www.sport28.fr\/index.php\/wp-json\/wp\/v2\/posts\/2708","targetHints":{"allow":["GET"]}}],"collection":[{"href":"https:\/\/www.sport28.fr\/index.php\/wp-json\/wp\/v2\/posts"}],"about":[{"href":"https:\/\/www.sport28.fr\/index.php\/wp-json\/wp\/v2\/types\/post"}],"author":[{"embeddable":true,"href":"https:\/\/www.sport28.fr\/index.php\/wp-json\/wp\/v2\/users\/1"}],"replies":[{"embeddable":true,"href":"https:\/\/www.sport28.fr\/index.php\/wp-json\/wp\/v2\/comments?post=2708"}],"version-history":[{"count":1,"href":"https:\/\/www.sport28.fr\/index.php\/wp-json\/wp\/v2\/posts\/2708\/revisions"}],"predecessor-version":[{"id":2710,"href":"https:\/\/www.sport28.fr\/index.php\/wp-json\/wp\/v2\/posts\/2708\/revisions\/2710"}],"wp:featuredmedia":[{"embeddable":true,"href":"https:\/\/www.sport28.fr\/index.php\/wp-json\/wp\/v2\/media\/2709"}],"wp:attachment":[{"href":"https:\/\/www.sport28.fr\/index.php\/wp-json\/wp\/v2\/media?parent=2708"}],"wp:term":[{"taxonomy":"category","embeddable":true,"href":"https:\/\/www.sport28.fr\/index.php\/wp-json\/wp\/v2\/categories?post=2708"},{"taxonomy":"post_tag","embeddable":true,"href":"https:\/\/www.sport28.fr\/index.php\/wp-json\/wp\/v2\/tags?post=2708"}],"curies":[{"name":"wp","href":"https:\/\/api.w.org\/{rel}","templated":true}]}}