{"id":2687,"date":"2024-03-27T16:13:56","date_gmt":"2024-03-27T15:13:56","guid":{"rendered":"https:\/\/www.sport28.fr\/?p=2687"},"modified":"2024-03-27T16:14:04","modified_gmt":"2024-03-27T15:14:04","slug":"assemblee-generale-cdos-28","status":"publish","type":"post","link":"https:\/\/www.sport28.fr\/index.php\/2024\/03\/27\/assemblee-generale-cdos-28\/","title":{"rendered":"Assembl\u00e9e G\u00e9n\u00e9rale CDOS 28"},"content":{"rendered":"\n<p>Le vendredi 8 mars se tenait notre Assembl\u00e9e G\u00e9n\u00e9rale annuelle ainsi que la 29\u00e8me \u00e9dition de notre Gala. Cette soir\u00e9e met \u00e0 l&rsquo;honneur les b\u00e9n\u00e9voles, arbitres et sportifs m\u00e9ritants de notre d\u00e9partemental. Cette ann\u00e9e encore, ce sont pr\u00e8s de 100 personnes issues de diff\u00e9rents comit\u00e9s d\u00e9partementaux sportifs qui se sont r\u00e9unies \u00e0 l\u2019Espace Soutine de L\u00e8ves.<\/p>\n\n\n\n<p>Nous remercions par ailleurs, la <a href=\"https:\/\/www.facebook.com\/villedeleves?__cft__[0]=AZVEt7J_qf8UKpugQ7R834X0BWEwk34CSS4RCZKIT_xhY4f9qOS1Qa_rqTcYPYHpqX8NvYutoF-xsVKPP903-BrV1LqN_Byl1oK5jyEREXZtzqlcy4yE-VtiYokuiGLATjL8qxwwYDLJaDVHeQiw_SW43oQ5DbBcoHuVIw0xDH5NxFiYO0wPAn9G3oYwTnjChuU&amp;__tn__=-]K-R\">Ville de L\u00e8ves<\/a> pour leur accueil.<\/p>\n\n\n\n<p>Cette soir\u00e9e a \u00e9t\u00e9 anim\u00e9e par les diff\u00e9rentes remises de <a><\/a>r\u00e9compenses (30 m\u00e9dailles), mais \u00e9galement avec une exposition sur les Valeurs des Jeux Olympiques et Paralympiques et par un spectacle de la <a href=\"https:\/\/www.facebook.com\/vermelhoteam?__cft__[0]=AZVEt7J_qf8UKpugQ7R834X0BWEwk34CSS4RCZKIT_xhY4f9qOS1Qa_rqTcYPYHpqX8NvYutoF-xsVKPP903-BrV1LqN_Byl1oK5jyEREXZtzqlcy4yE-VtiYokuiGLATjL8qxwwYDLJaDVHeQiw_SW43oQ5DbBcoHuVIw0xDH5NxFiYO0wPAn9G3oYwTnjChuU&amp;__tn__=-]K-R\">Communidade Capoeira Chartres<\/a>, qui nous a fait d\u00e9couvrir cet art martial Afro-Br\u00e9silien.<\/p>\n\n\n\n<p>Pour finir, le CDOS 28 vous remercie pour votre participation et vous remercie \u00e9galement de faire vivre le sport en Eure-et-Loir.<\/p>\n\n\n\n<figure class=\"wp-block-gallery has-nested-images columns-default is-cropped wp-block-gallery-1 is-layout-flex wp-block-gallery-is-layout-flex\">\n<figure class=\"wp-block-image size-large\"><img fetchpriority=\"high\" decoding=\"async\" width=\"1024\" height=\"771\" data-id=\"2690\" src=\"https:\/\/www.sport28.fr\/wp-content\/uploads\/2024\/03\/432311628_923831316198318_2148781421729634128_n-1024x771.jpg\" alt=\"\" class=\"wp-image-2690\" srcset=\"https:\/\/www.sport28.fr\/wp-content\/uploads\/2024\/03\/432311628_923831316198318_2148781421729634128_n-1024x771.jpg 1024w, https:\/\/www.sport28.fr\/wp-content\/uploads\/2024\/03\/432311628_923831316198318_2148781421729634128_n-300x226.jpg 300w, https:\/\/www.sport28.fr\/wp-content\/uploads\/2024\/03\/432311628_923831316198318_2148781421729634128_n-768x578.jpg 768w, https:\/\/www.sport28.fr\/wp-content\/uploads\/2024\/03\/432311628_923831316198318_2148781421729634128_n-1536x1157.jpg 1536w, https:\/\/www.sport28.fr\/wp-content\/uploads\/2024\/03\/432311628_923831316198318_2148781421729634128_n-1320x994.jpg 1320w, https:\/\/www.sport28.fr\/wp-content\/uploads\/2024\/03\/432311628_923831316198318_2148781421729634128_n.jpg 2048w\" sizes=\"(max-width: 1024px) 100vw, 1024px\" \/><\/figure>\n\n\n\n<figure class=\"wp-block-image size-large\"><img decoding=\"async\" width=\"1024\" height=\"771\" data-id=\"2691\" src=\"https:\/\/www.sport28.fr\/wp-content\/uploads\/2024\/03\/431996184_923831282864988_3787896238521478485_n-1024x771.jpg\" alt=\"\" class=\"wp-image-2691\" srcset=\"https:\/\/www.sport28.fr\/wp-content\/uploads\/2024\/03\/431996184_923831282864988_3787896238521478485_n-1024x771.jpg 1024w, https:\/\/www.sport28.fr\/wp-content\/uploads\/2024\/03\/431996184_923831282864988_3787896238521478485_n-300x226.jpg 300w, https:\/\/www.sport28.fr\/wp-content\/uploads\/2024\/03\/431996184_923831282864988_3787896238521478485_n-768x578.jpg 768w, https:\/\/www.sport28.fr\/wp-content\/uploads\/2024\/03\/431996184_923831282864988_3787896238521478485_n-1536x1157.jpg 1536w, https:\/\/www.sport28.fr\/wp-content\/uploads\/2024\/03\/431996184_923831282864988_3787896238521478485_n-1320x994.jpg 1320w, https:\/\/www.sport28.fr\/wp-content\/uploads\/2024\/03\/431996184_923831282864988_3787896238521478485_n.jpg 2048w\" sizes=\"(max-width: 1024px) 100vw, 1024px\" \/><\/figure>\n\n\n\n<figure class=\"wp-block-image size-large\"><img decoding=\"async\" width=\"1024\" height=\"768\" data-id=\"2688\" src=\"https:\/\/www.sport28.fr\/wp-content\/uploads\/2024\/03\/430118900_923831296198320_3583916015040456403_n-1024x768.jpg\" alt=\"\" class=\"wp-image-2688\" srcset=\"https:\/\/www.sport28.fr\/wp-content\/uploads\/2024\/03\/430118900_923831296198320_3583916015040456403_n-1024x768.jpg 1024w, https:\/\/www.sport28.fr\/wp-content\/uploads\/2024\/03\/430118900_923831296198320_3583916015040456403_n-300x225.jpg 300w, https:\/\/www.sport28.fr\/wp-content\/uploads\/2024\/03\/430118900_923831296198320_3583916015040456403_n-768x576.jpg 768w, https:\/\/www.sport28.fr\/wp-content\/uploads\/2024\/03\/430118900_923831296198320_3583916015040456403_n-1536x1152.jpg 1536w, https:\/\/www.sport28.fr\/wp-content\/uploads\/2024\/03\/430118900_923831296198320_3583916015040456403_n-1320x990.jpg 1320w, https:\/\/www.sport28.fr\/wp-content\/uploads\/2024\/03\/430118900_923831296198320_3583916015040456403_n.jpg 2048w\" sizes=\"(max-width: 1024px) 100vw, 1024px\" \/><\/figure>\n\n\n\n<figure class=\"wp-block-image size-large\"><img loading=\"lazy\" decoding=\"async\" width=\"1024\" height=\"768\" data-id=\"2689\" src=\"https:\/\/www.sport28.fr\/wp-content\/uploads\/2024\/03\/432408132_923831286198321_6325954316352153661_n-1024x768.jpg\" alt=\"\" class=\"wp-image-2689\" srcset=\"https:\/\/www.sport28.fr\/wp-content\/uploads\/2024\/03\/432408132_923831286198321_6325954316352153661_n-1024x768.jpg 1024w, https:\/\/www.sport28.fr\/wp-content\/uploads\/2024\/03\/432408132_923831286198321_6325954316352153661_n-300x225.jpg 300w, https:\/\/www.sport28.fr\/wp-content\/uploads\/2024\/03\/432408132_923831286198321_6325954316352153661_n-768x576.jpg 768w, https:\/\/www.sport28.fr\/wp-content\/uploads\/2024\/03\/432408132_923831286198321_6325954316352153661_n-1536x1152.jpg 1536w, https:\/\/www.sport28.fr\/wp-content\/uploads\/2024\/03\/432408132_923831286198321_6325954316352153661_n-1320x990.jpg 1320w, https:\/\/www.sport28.fr\/wp-content\/uploads\/2024\/03\/432408132_923831286198321_6325954316352153661_n.jpg 2048w\" sizes=\"(max-width: 1024px) 100vw, 1024px\" \/><\/figure>\n<\/figure>\n","protected":false},"excerpt":{"rendered":"<p>Le vendredi 8 mars se tenait notre Assembl\u00e9e G\u00e9n\u00e9rale annuelle ainsi que la 29\u00e8me \u00e9dition de notre Gala. Cette soir\u00e9e met \u00e0 l&rsquo;honneur les b\u00e9n\u00e9voles, arbitres et sportifs m\u00e9ritants de [&hellip;]<\/p>\n","protected":false},"author":1,"featured_media":2688,"comment_status":"closed","ping_status":"open","sticky":false,"template":"","format":"standard","meta":{"footnotes":""},"categories":[29],"tags":[],"class_list":["post-2687","post","type-post","status-publish","format-standard","has-post-thumbnail","hentry","category-sport-education-et-citoyennete"],"yoast_head":"<!-- This site is optimized with the Yoast SEO plugin v27.5 - https:\/\/yoast.com\/product\/yoast-seo-wordpress\/ -->\n<title>Assembl\u00e9e G\u00e9n\u00e9rale CDOS 28 - CDOS 28<\/title>\n<meta name=\"robots\" content=\"index, follow, max-snippet:-1, max-image-preview:large, max-video-preview:-1\" \/>\n<link rel=\"canonical\" href=\"https:\/\/www.sport28.fr\/index.php\/2024\/03\/27\/assemblee-generale-cdos-28\/\" \/>\n<meta property=\"og:locale\" content=\"fr_FR\" \/>\n<meta property=\"og:type\" content=\"article\" \/>\n<meta property=\"og:title\" content=\"Assembl\u00e9e G\u00e9n\u00e9rale CDOS 28 - CDOS 28\" \/>\n<meta property=\"og:description\" content=\"Le vendredi 8 mars se tenait notre Assembl\u00e9e G\u00e9n\u00e9rale annuelle ainsi que la 29\u00e8me \u00e9dition de notre Gala. Cette soir\u00e9e met \u00e0 l&rsquo;honneur les b\u00e9n\u00e9voles, arbitres et sportifs m\u00e9ritants de [&hellip;]\" \/>\n<meta property=\"og:url\" content=\"https:\/\/www.sport28.fr\/index.php\/2024\/03\/27\/assemblee-generale-cdos-28\/\" \/>\n<meta property=\"og:site_name\" content=\"CDOS 28\" \/>\n<meta property=\"article:publisher\" content=\"https:\/\/www.facebook.com\/CDOS28?locale=fr_FR\" \/>\n<meta property=\"article:published_time\" content=\"2024-03-27T15:13:56+00:00\" \/>\n<meta property=\"article:modified_time\" content=\"2024-03-27T15:14:04+00:00\" \/>\n<meta property=\"og:image\" content=\"https:\/\/www.sport28.fr\/wp-content\/uploads\/2024\/03\/430118900_923831296198320_3583916015040456403_n.jpg\" \/>\n\t<meta property=\"og:image:width\" content=\"2048\" \/>\n\t<meta property=\"og:image:height\" content=\"1536\" \/>\n\t<meta property=\"og:image:type\" content=\"image\/jpeg\" \/>\n<meta name=\"author\" content=\"admin28\" \/>\n<meta name=\"twitter:card\" content=\"summary_large_image\" \/>\n<meta name=\"twitter:label1\" content=\"\u00c9crit par\" \/>\n\t<meta name=\"twitter:data1\" content=\"admin28\" \/>\n\t<meta name=\"twitter:label2\" content=\"Dur\u00e9e de lecture estim\u00e9e\" \/>\n\t<meta name=\"twitter:data2\" content=\"2 minutes\" \/>\n<script type=\"application\/ld+json\" class=\"yoast-schema-graph\">{\"@context\":\"https:\\\/\\\/schema.org\",\"@graph\":[{\"@type\":\"Article\",\"@id\":\"https:\\\/\\\/www.sport28.fr\\\/index.php\\\/2024\\\/03\\\/27\\\/assemblee-generale-cdos-28\\\/#article\",\"isPartOf\":{\"@id\":\"https:\\\/\\\/www.sport28.fr\\\/index.php\\\/2024\\\/03\\\/27\\\/assemblee-generale-cdos-28\\\/\"},\"author\":{\"name\":\"admin28\",\"@id\":\"https:\\\/\\\/www.sport28.fr\\\/#\\\/schema\\\/person\\\/d707dc6c4cc8f7ba6a4564f87a6818a8\"},\"headline\":\"Assembl\u00e9e G\u00e9n\u00e9rale CDOS 28\",\"datePublished\":\"2024-03-27T15:13:56+00:00\",\"dateModified\":\"2024-03-27T15:14:04+00:00\",\"mainEntityOfPage\":{\"@id\":\"https:\\\/\\\/www.sport28.fr\\\/index.php\\\/2024\\\/03\\\/27\\\/assemblee-generale-cdos-28\\\/\"},\"wordCount\":156,\"publisher\":{\"@id\":\"https:\\\/\\\/www.sport28.fr\\\/#organization\"},\"image\":{\"@id\":\"https:\\\/\\\/www.sport28.fr\\\/index.php\\\/2024\\\/03\\\/27\\\/assemblee-generale-cdos-28\\\/#primaryimage\"},\"thumbnailUrl\":\"https:\\\/\\\/www.sport28.fr\\\/wp-content\\\/uploads\\\/2024\\\/03\\\/430118900_923831296198320_3583916015040456403_n.jpg\",\"articleSection\":[\"Sport, \u00e9ducation et citoyennet\u00e9\"],\"inLanguage\":\"fr-FR\"},{\"@type\":\"WebPage\",\"@id\":\"https:\\\/\\\/www.sport28.fr\\\/index.php\\\/2024\\\/03\\\/27\\\/assemblee-generale-cdos-28\\\/\",\"url\":\"https:\\\/\\\/www.sport28.fr\\\/index.php\\\/2024\\\/03\\\/27\\\/assemblee-generale-cdos-28\\\/\",\"name\":\"Assembl\u00e9e G\u00e9n\u00e9rale CDOS 28 - CDOS 28\",\"isPartOf\":{\"@id\":\"https:\\\/\\\/www.sport28.fr\\\/#website\"},\"primaryImageOfPage\":{\"@id\":\"https:\\\/\\\/www.sport28.fr\\\/index.php\\\/2024\\\/03\\\/27\\\/assemblee-generale-cdos-28\\\/#primaryimage\"},\"image\":{\"@id\":\"https:\\\/\\\/www.sport28.fr\\\/index.php\\\/2024\\\/03\\\/27\\\/assemblee-generale-cdos-28\\\/#primaryimage\"},\"thumbnailUrl\":\"https:\\\/\\\/www.sport28.fr\\\/wp-content\\\/uploads\\\/2024\\\/03\\\/430118900_923831296198320_3583916015040456403_n.jpg\",\"datePublished\":\"2024-03-27T15:13:56+00:00\",\"dateModified\":\"2024-03-27T15:14:04+00:00\",\"breadcrumb\":{\"@id\":\"https:\\\/\\\/www.sport28.fr\\\/index.php\\\/2024\\\/03\\\/27\\\/assemblee-generale-cdos-28\\\/#breadcrumb\"},\"inLanguage\":\"fr-FR\",\"potentialAction\":[{\"@type\":\"ReadAction\",\"target\":[\"https:\\\/\\\/www.sport28.fr\\\/index.php\\\/2024\\\/03\\\/27\\\/assemblee-generale-cdos-28\\\/\"]}]},{\"@type\":\"ImageObject\",\"inLanguage\":\"fr-FR\",\"@id\":\"https:\\\/\\\/www.sport28.fr\\\/index.php\\\/2024\\\/03\\\/27\\\/assemblee-generale-cdos-28\\\/#primaryimage\",\"url\":\"https:\\\/\\\/www.sport28.fr\\\/wp-content\\\/uploads\\\/2024\\\/03\\\/430118900_923831296198320_3583916015040456403_n.jpg\",\"contentUrl\":\"https:\\\/\\\/www.sport28.fr\\\/wp-content\\\/uploads\\\/2024\\\/03\\\/430118900_923831296198320_3583916015040456403_n.jpg\",\"width\":2048,\"height\":1536},{\"@type\":\"BreadcrumbList\",\"@id\":\"https:\\\/\\\/www.sport28.fr\\\/index.php\\\/2024\\\/03\\\/27\\\/assemblee-generale-cdos-28\\\/#breadcrumb\",\"itemListElement\":[{\"@type\":\"ListItem\",\"position\":1,\"name\":\"Accueil\",\"item\":\"https:\\\/\\\/www.sport28.fr\\\/\"},{\"@type\":\"ListItem\",\"position\":2,\"name\":\"Assembl\u00e9e G\u00e9n\u00e9rale CDOS 28\"}]},{\"@type\":\"WebSite\",\"@id\":\"https:\\\/\\\/www.sport28.fr\\\/#website\",\"url\":\"https:\\\/\\\/www.sport28.fr\\\/\",\"name\":\"CDOS 28\",\"description\":\"Comit\u00e9 D\u00e9partementale Olympique et Sportif d&#039;Eure et Loir\",\"publisher\":{\"@id\":\"https:\\\/\\\/www.sport28.fr\\\/#organization\"},\"potentialAction\":[{\"@type\":\"SearchAction\",\"target\":{\"@type\":\"EntryPoint\",\"urlTemplate\":\"https:\\\/\\\/www.sport28.fr\\\/?s={search_term_string}\"},\"query-input\":{\"@type\":\"PropertyValueSpecification\",\"valueRequired\":true,\"valueName\":\"search_term_string\"}}],\"inLanguage\":\"fr-FR\"},{\"@type\":\"Organization\",\"@id\":\"https:\\\/\\\/www.sport28.fr\\\/#organization\",\"name\":\"Comit\u00e9 d\u00e9partemental olympique et sportif d'eure-et-loir\",\"alternateName\":\"cdos 28\",\"url\":\"https:\\\/\\\/www.sport28.fr\\\/\",\"logo\":{\"@type\":\"ImageObject\",\"inLanguage\":\"fr-FR\",\"@id\":\"https:\\\/\\\/www.sport28.fr\\\/#\\\/schema\\\/logo\\\/image\\\/\",\"url\":\"https:\\\/\\\/www.sport28.fr\\\/wp-content\\\/uploads\\\/2023\\\/10\\\/cdos_eure_et_loir_logo.jpg\",\"contentUrl\":\"https:\\\/\\\/www.sport28.fr\\\/wp-content\\\/uploads\\\/2023\\\/10\\\/cdos_eure_et_loir_logo.jpg\",\"width\":1000,\"height\":1000,\"caption\":\"Comit\u00e9 d\u00e9partemental olympique et sportif d'eure-et-loir\"},\"image\":{\"@id\":\"https:\\\/\\\/www.sport28.fr\\\/#\\\/schema\\\/logo\\\/image\\\/\"},\"sameAs\":[\"https:\\\/\\\/www.facebook.com\\\/CDOS28?locale=fr_FR\"]},{\"@type\":\"Person\",\"@id\":\"https:\\\/\\\/www.sport28.fr\\\/#\\\/schema\\\/person\\\/d707dc6c4cc8f7ba6a4564f87a6818a8\",\"name\":\"admin28\",\"image\":{\"@type\":\"ImageObject\",\"inLanguage\":\"fr-FR\",\"@id\":\"https:\\\/\\\/secure.gravatar.com\\\/avatar\\\/ec586f5fe487447efd44e48a32fef6a1c590e9d744f9d2c3d84ed071f1581364?s=96&d=mm&r=g\",\"url\":\"https:\\\/\\\/secure.gravatar.com\\\/avatar\\\/ec586f5fe487447efd44e48a32fef6a1c590e9d744f9d2c3d84ed071f1581364?s=96&d=mm&r=g\",\"contentUrl\":\"https:\\\/\\\/secure.gravatar.com\\\/avatar\\\/ec586f5fe487447efd44e48a32fef6a1c590e9d744f9d2c3d84ed071f1581364?s=96&d=mm&r=g\",\"caption\":\"admin28\"},\"sameAs\":[\"http:\\\/\\\/www.dev.sport28.fr\"],\"url\":\"https:\\\/\\\/www.sport28.fr\\\/index.php\\\/author\\\/admin28\\\/\"}]}<\/script>\n<!-- \/ Yoast SEO plugin. -->","yoast_head_json":{"title":"Assembl\u00e9e G\u00e9n\u00e9rale CDOS 28 - CDOS 28","robots":{"index":"index","follow":"follow","max-snippet":"max-snippet:-1","max-image-preview":"max-image-preview:large","max-video-preview":"max-video-preview:-1"},"canonical":"https:\/\/www.sport28.fr\/index.php\/2024\/03\/27\/assemblee-generale-cdos-28\/","og_locale":"fr_FR","og_type":"article","og_title":"Assembl\u00e9e G\u00e9n\u00e9rale CDOS 28 - CDOS 28","og_description":"Le vendredi 8 mars se tenait notre Assembl\u00e9e G\u00e9n\u00e9rale annuelle ainsi que la 29\u00e8me \u00e9dition de notre Gala. Cette soir\u00e9e met \u00e0 l&rsquo;honneur les b\u00e9n\u00e9voles, arbitres et sportifs m\u00e9ritants de [&hellip;]","og_url":"https:\/\/www.sport28.fr\/index.php\/2024\/03\/27\/assemblee-generale-cdos-28\/","og_site_name":"CDOS 28","article_publisher":"https:\/\/www.facebook.com\/CDOS28?locale=fr_FR","article_published_time":"2024-03-27T15:13:56+00:00","article_modified_time":"2024-03-27T15:14:04+00:00","og_image":[{"width":2048,"height":1536,"url":"https:\/\/www.sport28.fr\/wp-content\/uploads\/2024\/03\/430118900_923831296198320_3583916015040456403_n.jpg","type":"image\/jpeg"}],"author":"admin28","twitter_card":"summary_large_image","twitter_misc":{"\u00c9crit par":"admin28","Dur\u00e9e de lecture estim\u00e9e":"2 minutes"},"schema":{"@context":"https:\/\/schema.org","@graph":[{"@type":"Article","@id":"https:\/\/www.sport28.fr\/index.php\/2024\/03\/27\/assemblee-generale-cdos-28\/#article","isPartOf":{"@id":"https:\/\/www.sport28.fr\/index.php\/2024\/03\/27\/assemblee-generale-cdos-28\/"},"author":{"name":"admin28","@id":"https:\/\/www.sport28.fr\/#\/schema\/person\/d707dc6c4cc8f7ba6a4564f87a6818a8"},"headline":"Assembl\u00e9e G\u00e9n\u00e9rale CDOS 28","datePublished":"2024-03-27T15:13:56+00:00","dateModified":"2024-03-27T15:14:04+00:00","mainEntityOfPage":{"@id":"https:\/\/www.sport28.fr\/index.php\/2024\/03\/27\/assemblee-generale-cdos-28\/"},"wordCount":156,"publisher":{"@id":"https:\/\/www.sport28.fr\/#organization"},"image":{"@id":"https:\/\/www.sport28.fr\/index.php\/2024\/03\/27\/assemblee-generale-cdos-28\/#primaryimage"},"thumbnailUrl":"https:\/\/www.sport28.fr\/wp-content\/uploads\/2024\/03\/430118900_923831296198320_3583916015040456403_n.jpg","articleSection":["Sport, \u00e9ducation et citoyennet\u00e9"],"inLanguage":"fr-FR"},{"@type":"WebPage","@id":"https:\/\/www.sport28.fr\/index.php\/2024\/03\/27\/assemblee-generale-cdos-28\/","url":"https:\/\/www.sport28.fr\/index.php\/2024\/03\/27\/assemblee-generale-cdos-28\/","name":"Assembl\u00e9e G\u00e9n\u00e9rale CDOS 28 - CDOS 28","isPartOf":{"@id":"https:\/\/www.sport28.fr\/#website"},"primaryImageOfPage":{"@id":"https:\/\/www.sport28.fr\/index.php\/2024\/03\/27\/assemblee-generale-cdos-28\/#primaryimage"},"image":{"@id":"https:\/\/www.sport28.fr\/index.php\/2024\/03\/27\/assemblee-generale-cdos-28\/#primaryimage"},"thumbnailUrl":"https:\/\/www.sport28.fr\/wp-content\/uploads\/2024\/03\/430118900_923831296198320_3583916015040456403_n.jpg","datePublished":"2024-03-27T15:13:56+00:00","dateModified":"2024-03-27T15:14:04+00:00","breadcrumb":{"@id":"https:\/\/www.sport28.fr\/index.php\/2024\/03\/27\/assemblee-generale-cdos-28\/#breadcrumb"},"inLanguage":"fr-FR","potentialAction":[{"@type":"ReadAction","target":["https:\/\/www.sport28.fr\/index.php\/2024\/03\/27\/assemblee-generale-cdos-28\/"]}]},{"@type":"ImageObject","inLanguage":"fr-FR","@id":"https:\/\/www.sport28.fr\/index.php\/2024\/03\/27\/assemblee-generale-cdos-28\/#primaryimage","url":"https:\/\/www.sport28.fr\/wp-content\/uploads\/2024\/03\/430118900_923831296198320_3583916015040456403_n.jpg","contentUrl":"https:\/\/www.sport28.fr\/wp-content\/uploads\/2024\/03\/430118900_923831296198320_3583916015040456403_n.jpg","width":2048,"height":1536},{"@type":"BreadcrumbList","@id":"https:\/\/www.sport28.fr\/index.php\/2024\/03\/27\/assemblee-generale-cdos-28\/#breadcrumb","itemListElement":[{"@type":"ListItem","position":1,"name":"Accueil","item":"https:\/\/www.sport28.fr\/"},{"@type":"ListItem","position":2,"name":"Assembl\u00e9e G\u00e9n\u00e9rale CDOS 28"}]},{"@type":"WebSite","@id":"https:\/\/www.sport28.fr\/#website","url":"https:\/\/www.sport28.fr\/","name":"CDOS 28","description":"Comit\u00e9 D\u00e9partementale Olympique et Sportif d&#039;Eure et Loir","publisher":{"@id":"https:\/\/www.sport28.fr\/#organization"},"potentialAction":[{"@type":"SearchAction","target":{"@type":"EntryPoint","urlTemplate":"https:\/\/www.sport28.fr\/?s={search_term_string}"},"query-input":{"@type":"PropertyValueSpecification","valueRequired":true,"valueName":"search_term_string"}}],"inLanguage":"fr-FR"},{"@type":"Organization","@id":"https:\/\/www.sport28.fr\/#organization","name":"Comit\u00e9 d\u00e9partemental olympique et sportif d'eure-et-loir","alternateName":"cdos 28","url":"https:\/\/www.sport28.fr\/","logo":{"@type":"ImageObject","inLanguage":"fr-FR","@id":"https:\/\/www.sport28.fr\/#\/schema\/logo\/image\/","url":"https:\/\/www.sport28.fr\/wp-content\/uploads\/2023\/10\/cdos_eure_et_loir_logo.jpg","contentUrl":"https:\/\/www.sport28.fr\/wp-content\/uploads\/2023\/10\/cdos_eure_et_loir_logo.jpg","width":1000,"height":1000,"caption":"Comit\u00e9 d\u00e9partemental olympique et sportif d'eure-et-loir"},"image":{"@id":"https:\/\/www.sport28.fr\/#\/schema\/logo\/image\/"},"sameAs":["https:\/\/www.facebook.com\/CDOS28?locale=fr_FR"]},{"@type":"Person","@id":"https:\/\/www.sport28.fr\/#\/schema\/person\/d707dc6c4cc8f7ba6a4564f87a6818a8","name":"admin28","image":{"@type":"ImageObject","inLanguage":"fr-FR","@id":"https:\/\/secure.gravatar.com\/avatar\/ec586f5fe487447efd44e48a32fef6a1c590e9d744f9d2c3d84ed071f1581364?s=96&d=mm&r=g","url":"https:\/\/secure.gravatar.com\/avatar\/ec586f5fe487447efd44e48a32fef6a1c590e9d744f9d2c3d84ed071f1581364?s=96&d=mm&r=g","contentUrl":"https:\/\/secure.gravatar.com\/avatar\/ec586f5fe487447efd44e48a32fef6a1c590e9d744f9d2c3d84ed071f1581364?s=96&d=mm&r=g","caption":"admin28"},"sameAs":["http:\/\/www.dev.sport28.fr"],"url":"https:\/\/www.sport28.fr\/index.php\/author\/admin28\/"}]}},"_links":{"self":[{"href":"https:\/\/www.sport28.fr\/index.php\/wp-json\/wp\/v2\/posts\/2687","targetHints":{"allow":["GET"]}}],"collection":[{"href":"https:\/\/www.sport28.fr\/index.php\/wp-json\/wp\/v2\/posts"}],"about":[{"href":"https:\/\/www.sport28.fr\/index.php\/wp-json\/wp\/v2\/types\/post"}],"author":[{"embeddable":true,"href":"https:\/\/www.sport28.fr\/index.php\/wp-json\/wp\/v2\/users\/1"}],"replies":[{"embeddable":true,"href":"https:\/\/www.sport28.fr\/index.php\/wp-json\/wp\/v2\/comments?post=2687"}],"version-history":[{"count":1,"href":"https:\/\/www.sport28.fr\/index.php\/wp-json\/wp\/v2\/posts\/2687\/revisions"}],"predecessor-version":[{"id":2692,"href":"https:\/\/www.sport28.fr\/index.php\/wp-json\/wp\/v2\/posts\/2687\/revisions\/2692"}],"wp:featuredmedia":[{"embeddable":true,"href":"https:\/\/www.sport28.fr\/index.php\/wp-json\/wp\/v2\/media\/2688"}],"wp:attachment":[{"href":"https:\/\/www.sport28.fr\/index.php\/wp-json\/wp\/v2\/media?parent=2687"}],"wp:term":[{"taxonomy":"category","embeddable":true,"href":"https:\/\/www.sport28.fr\/index.php\/wp-json\/wp\/v2\/categories?post=2687"},{"taxonomy":"post_tag","embeddable":true,"href":"https:\/\/www.sport28.fr\/index.php\/wp-json\/wp\/v2\/tags?post=2687"}],"curies":[{"name":"wp","href":"https:\/\/api.w.org\/{rel}","templated":true}]}}