{"id":2590,"date":"2024-02-23T13:56:00","date_gmt":"2024-02-23T12:56:00","guid":{"rendered":"https:\/\/www.sport28.fr\/?p=2590"},"modified":"2024-02-23T13:56:06","modified_gmt":"2024-02-23T12:56:06","slug":"le-3eme-challenge-inter-entreprise-de-leconomie-sociale-et-solidaire-ess-aura-lieu-le-14-mai-2024-a-blois","status":"publish","type":"post","link":"https:\/\/www.sport28.fr\/index.php\/2024\/02\/23\/le-3eme-challenge-inter-entreprise-de-leconomie-sociale-et-solidaire-ess-aura-lieu-le-14-mai-2024-a-blois\/","title":{"rendered":"Le 3\u00e8me Challenge Inter-entreprise de l&rsquo;Economie Sociale et Solidaire (ESS) aura lieu le 14 mai 2024 \u00e0 Blois."},"content":{"rendered":"\n<p>Les inscriptions au <strong>3<sup>\u00e8me<\/sup> challenge r\u00e9gional inter-entreprises de l\u2019Economie Sociale et Solidaire<\/strong> qui se tiendra le <strong><u>14 mai 2024 \u00e0 Blois<\/u><\/strong> (41) sont ouvertes.<\/p>\n\n\n\n<p>Pour rappel, cette ann\u00e9e 5 \u00e9preuves seront au programme du challenge&nbsp;: aviron indoor, basket fauteuil, para biathlon, boccia, course d\u2019orientation.<\/p>\n\n\n\n<p>La 6<sup>\u00e8me<\/sup> activit\u00e9, le padel, sera propos\u00e9e en initiation.<\/p>\n\n\n\n<p>Les nouveaut\u00e9s cette ann\u00e9e&nbsp;: les classements et r\u00e9compenses.<\/p>\n\n\n\n<p>Il y aura 3 classements, un g\u00e9n\u00e9ral et deux mixtes :<\/p>\n\n\n\n<ul class=\"wp-block-list\">\n<li>Classement g\u00e9n\u00e9ral&nbsp;: classement scratch, c\u2019est-\u00e0-dire toutes les \u00e9quipes,<\/li>\n\n\n\n<li>Un classement sp\u00e9cifique pour les \u00e9quipes compos\u00e9es de <strong><u>1 ou 2 personnes<\/u><\/strong> en situation de handicap&nbsp;;<\/li>\n\n\n\n<li>Un classement sp\u00e9cifique pour les \u00e9quipes compos\u00e9es de<strong><u> 3 personnes ou plus<\/u><\/strong> en situation de handicap,<\/li>\n<\/ul>\n\n\n\n<p>Seront \u00e9galement r\u00e9compens\u00e9es&nbsp;:&nbsp;<\/p>\n\n\n\n<ul class=\"wp-block-list\">\n<li>La structure la plus repr\u00e9sent\u00e9e (en nombre d\u2019\u00e9quipes inscrites),<\/li>\n\n\n\n<li>L\u2019\u00e9quipe la plus fair-play,<\/li>\n\n\n\n<li>L\u2019\u00e9quipe qui a le plus beau d\u00e9guisement.<\/li>\n<\/ul>\n\n\n\n<p>Vous trouverez sur le site de CROS CVL , le dossier d\u2019inscription ainsi que le r\u00e8glement de l\u2019\u00e9preuve\u00a0: <a href=\"https:\/\/cros-centrevaldeloire.fr\/3eme-challenge-regional-interentreprises-ess\/\">https:\/\/cros-centrevaldeloire.fr\/3eme-challenge-regional-interentreprises-ess\/<\/a><\/p>\n\n\n\n<figure class=\"wp-block-gallery has-nested-images columns-default is-cropped wp-block-gallery-1 is-layout-flex wp-block-gallery-is-layout-flex\">\n<figure class=\"wp-block-image size-large\"><img fetchpriority=\"high\" decoding=\"async\" width=\"729\" height=\"1024\" data-id=\"2591\" src=\"https:\/\/www.sport28.fr\/wp-content\/uploads\/2024\/02\/20231221_AFFICHE-3e-CHALLENGE-729x1024.jpg\" alt=\"\" class=\"wp-image-2591\" srcset=\"https:\/\/www.sport28.fr\/wp-content\/uploads\/2024\/02\/20231221_AFFICHE-3e-CHALLENGE-729x1024.jpg 729w, https:\/\/www.sport28.fr\/wp-content\/uploads\/2024\/02\/20231221_AFFICHE-3e-CHALLENGE-214x300.jpg 214w, https:\/\/www.sport28.fr\/wp-content\/uploads\/2024\/02\/20231221_AFFICHE-3e-CHALLENGE.jpg 769w\" sizes=\"(max-width: 729px) 100vw, 729px\" \/><\/figure>\n<\/figure>\n","protected":false},"excerpt":{"rendered":"<p>Les inscriptions au 3\u00e8me challenge r\u00e9gional inter-entreprises de l\u2019Economie Sociale et Solidaire qui se tiendra le 14 mai 2024 \u00e0 Blois (41) sont ouvertes. Pour rappel, cette ann\u00e9e 5 \u00e9preuves [&hellip;]<\/p>\n","protected":false},"author":1,"featured_media":2591,"comment_status":"closed","ping_status":"open","sticky":false,"template":"","format":"standard","meta":{"footnotes":""},"categories":[30],"tags":[],"class_list":["post-2590","post","type-post","status-publish","format-standard","has-post-thumbnail","hentry","category-sport-sante-et-bien-etre"],"yoast_head":"<!-- This site is optimized with the Yoast SEO plugin v27.5 - https:\/\/yoast.com\/product\/yoast-seo-wordpress\/ -->\n<title>Le 3\u00e8me Challenge Inter-entreprise de l&#039;Economie Sociale et Solidaire (ESS) aura lieu le 14 mai 2024 \u00e0 Blois. - CDOS 28<\/title>\n<meta name=\"robots\" content=\"index, follow, max-snippet:-1, max-image-preview:large, max-video-preview:-1\" \/>\n<link rel=\"canonical\" href=\"https:\/\/www.sport28.fr\/index.php\/2024\/02\/23\/le-3eme-challenge-inter-entreprise-de-leconomie-sociale-et-solidaire-ess-aura-lieu-le-14-mai-2024-a-blois\/\" \/>\n<meta property=\"og:locale\" content=\"fr_FR\" \/>\n<meta property=\"og:type\" content=\"article\" \/>\n<meta property=\"og:title\" content=\"Le 3\u00e8me Challenge Inter-entreprise de l&#039;Economie Sociale et Solidaire (ESS) aura lieu le 14 mai 2024 \u00e0 Blois. - CDOS 28\" \/>\n<meta property=\"og:description\" content=\"Les inscriptions au 3\u00e8me challenge r\u00e9gional inter-entreprises de l\u2019Economie Sociale et Solidaire qui se tiendra le 14 mai 2024 \u00e0 Blois (41) sont ouvertes. Pour rappel, cette ann\u00e9e 5 \u00e9preuves [&hellip;]\" \/>\n<meta property=\"og:url\" content=\"https:\/\/www.sport28.fr\/index.php\/2024\/02\/23\/le-3eme-challenge-inter-entreprise-de-leconomie-sociale-et-solidaire-ess-aura-lieu-le-14-mai-2024-a-blois\/\" \/>\n<meta property=\"og:site_name\" content=\"CDOS 28\" \/>\n<meta property=\"article:publisher\" content=\"https:\/\/www.facebook.com\/CDOS28?locale=fr_FR\" \/>\n<meta property=\"article:published_time\" content=\"2024-02-23T12:56:00+00:00\" \/>\n<meta property=\"article:modified_time\" content=\"2024-02-23T12:56:06+00:00\" \/>\n<meta property=\"og:image\" content=\"https:\/\/www.sport28.fr\/wp-content\/uploads\/2024\/02\/20231221_AFFICHE-3e-CHALLENGE.jpg\" \/>\n\t<meta property=\"og:image:width\" content=\"769\" \/>\n\t<meta property=\"og:image:height\" content=\"1080\" \/>\n\t<meta property=\"og:image:type\" content=\"image\/jpeg\" \/>\n<meta name=\"author\" content=\"admin28\" \/>\n<meta name=\"twitter:card\" content=\"summary_large_image\" \/>\n<meta name=\"twitter:label1\" content=\"\u00c9crit par\" \/>\n\t<meta name=\"twitter:data1\" content=\"admin28\" \/>\n\t<meta name=\"twitter:label2\" content=\"Dur\u00e9e de lecture estim\u00e9e\" \/>\n\t<meta name=\"twitter:data2\" content=\"2 minutes\" \/>\n<script type=\"application\/ld+json\" class=\"yoast-schema-graph\">{\"@context\":\"https:\\\/\\\/schema.org\",\"@graph\":[{\"@type\":\"Article\",\"@id\":\"https:\\\/\\\/www.sport28.fr\\\/index.php\\\/2024\\\/02\\\/23\\\/le-3eme-challenge-inter-entreprise-de-leconomie-sociale-et-solidaire-ess-aura-lieu-le-14-mai-2024-a-blois\\\/#article\",\"isPartOf\":{\"@id\":\"https:\\\/\\\/www.sport28.fr\\\/index.php\\\/2024\\\/02\\\/23\\\/le-3eme-challenge-inter-entreprise-de-leconomie-sociale-et-solidaire-ess-aura-lieu-le-14-mai-2024-a-blois\\\/\"},\"author\":{\"name\":\"admin28\",\"@id\":\"https:\\\/\\\/www.sport28.fr\\\/#\\\/schema\\\/person\\\/d707dc6c4cc8f7ba6a4564f87a6818a8\"},\"headline\":\"Le 3\u00e8me Challenge Inter-entreprise de l&rsquo;Economie Sociale et Solidaire (ESS) aura lieu le 14 mai 2024 \u00e0 Blois.\",\"datePublished\":\"2024-02-23T12:56:00+00:00\",\"dateModified\":\"2024-02-23T12:56:06+00:00\",\"mainEntityOfPage\":{\"@id\":\"https:\\\/\\\/www.sport28.fr\\\/index.php\\\/2024\\\/02\\\/23\\\/le-3eme-challenge-inter-entreprise-de-leconomie-sociale-et-solidaire-ess-aura-lieu-le-14-mai-2024-a-blois\\\/\"},\"wordCount\":196,\"publisher\":{\"@id\":\"https:\\\/\\\/www.sport28.fr\\\/#organization\"},\"image\":{\"@id\":\"https:\\\/\\\/www.sport28.fr\\\/index.php\\\/2024\\\/02\\\/23\\\/le-3eme-challenge-inter-entreprise-de-leconomie-sociale-et-solidaire-ess-aura-lieu-le-14-mai-2024-a-blois\\\/#primaryimage\"},\"thumbnailUrl\":\"https:\\\/\\\/www.sport28.fr\\\/wp-content\\\/uploads\\\/2024\\\/02\\\/20231221_AFFICHE-3e-CHALLENGE.jpg\",\"articleSection\":[\"Sport, Sant\u00e9 et Bien-\u00eatre\"],\"inLanguage\":\"fr-FR\"},{\"@type\":\"WebPage\",\"@id\":\"https:\\\/\\\/www.sport28.fr\\\/index.php\\\/2024\\\/02\\\/23\\\/le-3eme-challenge-inter-entreprise-de-leconomie-sociale-et-solidaire-ess-aura-lieu-le-14-mai-2024-a-blois\\\/\",\"url\":\"https:\\\/\\\/www.sport28.fr\\\/index.php\\\/2024\\\/02\\\/23\\\/le-3eme-challenge-inter-entreprise-de-leconomie-sociale-et-solidaire-ess-aura-lieu-le-14-mai-2024-a-blois\\\/\",\"name\":\"Le 3\u00e8me Challenge Inter-entreprise de l'Economie Sociale et Solidaire (ESS) aura lieu le 14 mai 2024 \u00e0 Blois. - CDOS 28\",\"isPartOf\":{\"@id\":\"https:\\\/\\\/www.sport28.fr\\\/#website\"},\"primaryImageOfPage\":{\"@id\":\"https:\\\/\\\/www.sport28.fr\\\/index.php\\\/2024\\\/02\\\/23\\\/le-3eme-challenge-inter-entreprise-de-leconomie-sociale-et-solidaire-ess-aura-lieu-le-14-mai-2024-a-blois\\\/#primaryimage\"},\"image\":{\"@id\":\"https:\\\/\\\/www.sport28.fr\\\/index.php\\\/2024\\\/02\\\/23\\\/le-3eme-challenge-inter-entreprise-de-leconomie-sociale-et-solidaire-ess-aura-lieu-le-14-mai-2024-a-blois\\\/#primaryimage\"},\"thumbnailUrl\":\"https:\\\/\\\/www.sport28.fr\\\/wp-content\\\/uploads\\\/2024\\\/02\\\/20231221_AFFICHE-3e-CHALLENGE.jpg\",\"datePublished\":\"2024-02-23T12:56:00+00:00\",\"dateModified\":\"2024-02-23T12:56:06+00:00\",\"breadcrumb\":{\"@id\":\"https:\\\/\\\/www.sport28.fr\\\/index.php\\\/2024\\\/02\\\/23\\\/le-3eme-challenge-inter-entreprise-de-leconomie-sociale-et-solidaire-ess-aura-lieu-le-14-mai-2024-a-blois\\\/#breadcrumb\"},\"inLanguage\":\"fr-FR\",\"potentialAction\":[{\"@type\":\"ReadAction\",\"target\":[\"https:\\\/\\\/www.sport28.fr\\\/index.php\\\/2024\\\/02\\\/23\\\/le-3eme-challenge-inter-entreprise-de-leconomie-sociale-et-solidaire-ess-aura-lieu-le-14-mai-2024-a-blois\\\/\"]}]},{\"@type\":\"ImageObject\",\"inLanguage\":\"fr-FR\",\"@id\":\"https:\\\/\\\/www.sport28.fr\\\/index.php\\\/2024\\\/02\\\/23\\\/le-3eme-challenge-inter-entreprise-de-leconomie-sociale-et-solidaire-ess-aura-lieu-le-14-mai-2024-a-blois\\\/#primaryimage\",\"url\":\"https:\\\/\\\/www.sport28.fr\\\/wp-content\\\/uploads\\\/2024\\\/02\\\/20231221_AFFICHE-3e-CHALLENGE.jpg\",\"contentUrl\":\"https:\\\/\\\/www.sport28.fr\\\/wp-content\\\/uploads\\\/2024\\\/02\\\/20231221_AFFICHE-3e-CHALLENGE.jpg\",\"width\":769,\"height\":1080},{\"@type\":\"BreadcrumbList\",\"@id\":\"https:\\\/\\\/www.sport28.fr\\\/index.php\\\/2024\\\/02\\\/23\\\/le-3eme-challenge-inter-entreprise-de-leconomie-sociale-et-solidaire-ess-aura-lieu-le-14-mai-2024-a-blois\\\/#breadcrumb\",\"itemListElement\":[{\"@type\":\"ListItem\",\"position\":1,\"name\":\"Accueil\",\"item\":\"https:\\\/\\\/www.sport28.fr\\\/\"},{\"@type\":\"ListItem\",\"position\":2,\"name\":\"Le 3\u00e8me Challenge Inter-entreprise de l&#8217;Economie Sociale et Solidaire (ESS) aura lieu le 14 mai 2024 \u00e0 Blois.\"}]},{\"@type\":\"WebSite\",\"@id\":\"https:\\\/\\\/www.sport28.fr\\\/#website\",\"url\":\"https:\\\/\\\/www.sport28.fr\\\/\",\"name\":\"CDOS 28\",\"description\":\"Comit\u00e9 D\u00e9partementale Olympique et Sportif d&#039;Eure et Loir\",\"publisher\":{\"@id\":\"https:\\\/\\\/www.sport28.fr\\\/#organization\"},\"potentialAction\":[{\"@type\":\"SearchAction\",\"target\":{\"@type\":\"EntryPoint\",\"urlTemplate\":\"https:\\\/\\\/www.sport28.fr\\\/?s={search_term_string}\"},\"query-input\":{\"@type\":\"PropertyValueSpecification\",\"valueRequired\":true,\"valueName\":\"search_term_string\"}}],\"inLanguage\":\"fr-FR\"},{\"@type\":\"Organization\",\"@id\":\"https:\\\/\\\/www.sport28.fr\\\/#organization\",\"name\":\"Comit\u00e9 d\u00e9partemental olympique et sportif d'eure-et-loir\",\"alternateName\":\"cdos 28\",\"url\":\"https:\\\/\\\/www.sport28.fr\\\/\",\"logo\":{\"@type\":\"ImageObject\",\"inLanguage\":\"fr-FR\",\"@id\":\"https:\\\/\\\/www.sport28.fr\\\/#\\\/schema\\\/logo\\\/image\\\/\",\"url\":\"https:\\\/\\\/www.sport28.fr\\\/wp-content\\\/uploads\\\/2023\\\/10\\\/cdos_eure_et_loir_logo.jpg\",\"contentUrl\":\"https:\\\/\\\/www.sport28.fr\\\/wp-content\\\/uploads\\\/2023\\\/10\\\/cdos_eure_et_loir_logo.jpg\",\"width\":1000,\"height\":1000,\"caption\":\"Comit\u00e9 d\u00e9partemental olympique et sportif d'eure-et-loir\"},\"image\":{\"@id\":\"https:\\\/\\\/www.sport28.fr\\\/#\\\/schema\\\/logo\\\/image\\\/\"},\"sameAs\":[\"https:\\\/\\\/www.facebook.com\\\/CDOS28?locale=fr_FR\"]},{\"@type\":\"Person\",\"@id\":\"https:\\\/\\\/www.sport28.fr\\\/#\\\/schema\\\/person\\\/d707dc6c4cc8f7ba6a4564f87a6818a8\",\"name\":\"admin28\",\"image\":{\"@type\":\"ImageObject\",\"inLanguage\":\"fr-FR\",\"@id\":\"https:\\\/\\\/secure.gravatar.com\\\/avatar\\\/ec586f5fe487447efd44e48a32fef6a1c590e9d744f9d2c3d84ed071f1581364?s=96&d=mm&r=g\",\"url\":\"https:\\\/\\\/secure.gravatar.com\\\/avatar\\\/ec586f5fe487447efd44e48a32fef6a1c590e9d744f9d2c3d84ed071f1581364?s=96&d=mm&r=g\",\"contentUrl\":\"https:\\\/\\\/secure.gravatar.com\\\/avatar\\\/ec586f5fe487447efd44e48a32fef6a1c590e9d744f9d2c3d84ed071f1581364?s=96&d=mm&r=g\",\"caption\":\"admin28\"},\"sameAs\":[\"http:\\\/\\\/www.dev.sport28.fr\"],\"url\":\"https:\\\/\\\/www.sport28.fr\\\/index.php\\\/author\\\/admin28\\\/\"}]}<\/script>\n<!-- \/ Yoast SEO plugin. -->","yoast_head_json":{"title":"Le 3\u00e8me Challenge Inter-entreprise de l'Economie Sociale et Solidaire (ESS) aura lieu le 14 mai 2024 \u00e0 Blois. - CDOS 28","robots":{"index":"index","follow":"follow","max-snippet":"max-snippet:-1","max-image-preview":"max-image-preview:large","max-video-preview":"max-video-preview:-1"},"canonical":"https:\/\/www.sport28.fr\/index.php\/2024\/02\/23\/le-3eme-challenge-inter-entreprise-de-leconomie-sociale-et-solidaire-ess-aura-lieu-le-14-mai-2024-a-blois\/","og_locale":"fr_FR","og_type":"article","og_title":"Le 3\u00e8me Challenge Inter-entreprise de l'Economie Sociale et Solidaire (ESS) aura lieu le 14 mai 2024 \u00e0 Blois. - CDOS 28","og_description":"Les inscriptions au 3\u00e8me challenge r\u00e9gional inter-entreprises de l\u2019Economie Sociale et Solidaire qui se tiendra le 14 mai 2024 \u00e0 Blois (41) sont ouvertes. Pour rappel, cette ann\u00e9e 5 \u00e9preuves [&hellip;]","og_url":"https:\/\/www.sport28.fr\/index.php\/2024\/02\/23\/le-3eme-challenge-inter-entreprise-de-leconomie-sociale-et-solidaire-ess-aura-lieu-le-14-mai-2024-a-blois\/","og_site_name":"CDOS 28","article_publisher":"https:\/\/www.facebook.com\/CDOS28?locale=fr_FR","article_published_time":"2024-02-23T12:56:00+00:00","article_modified_time":"2024-02-23T12:56:06+00:00","og_image":[{"width":769,"height":1080,"url":"https:\/\/www.sport28.fr\/wp-content\/uploads\/2024\/02\/20231221_AFFICHE-3e-CHALLENGE.jpg","type":"image\/jpeg"}],"author":"admin28","twitter_card":"summary_large_image","twitter_misc":{"\u00c9crit par":"admin28","Dur\u00e9e de lecture estim\u00e9e":"2 minutes"},"schema":{"@context":"https:\/\/schema.org","@graph":[{"@type":"Article","@id":"https:\/\/www.sport28.fr\/index.php\/2024\/02\/23\/le-3eme-challenge-inter-entreprise-de-leconomie-sociale-et-solidaire-ess-aura-lieu-le-14-mai-2024-a-blois\/#article","isPartOf":{"@id":"https:\/\/www.sport28.fr\/index.php\/2024\/02\/23\/le-3eme-challenge-inter-entreprise-de-leconomie-sociale-et-solidaire-ess-aura-lieu-le-14-mai-2024-a-blois\/"},"author":{"name":"admin28","@id":"https:\/\/www.sport28.fr\/#\/schema\/person\/d707dc6c4cc8f7ba6a4564f87a6818a8"},"headline":"Le 3\u00e8me Challenge Inter-entreprise de l&rsquo;Economie Sociale et Solidaire (ESS) aura lieu le 14 mai 2024 \u00e0 Blois.","datePublished":"2024-02-23T12:56:00+00:00","dateModified":"2024-02-23T12:56:06+00:00","mainEntityOfPage":{"@id":"https:\/\/www.sport28.fr\/index.php\/2024\/02\/23\/le-3eme-challenge-inter-entreprise-de-leconomie-sociale-et-solidaire-ess-aura-lieu-le-14-mai-2024-a-blois\/"},"wordCount":196,"publisher":{"@id":"https:\/\/www.sport28.fr\/#organization"},"image":{"@id":"https:\/\/www.sport28.fr\/index.php\/2024\/02\/23\/le-3eme-challenge-inter-entreprise-de-leconomie-sociale-et-solidaire-ess-aura-lieu-le-14-mai-2024-a-blois\/#primaryimage"},"thumbnailUrl":"https:\/\/www.sport28.fr\/wp-content\/uploads\/2024\/02\/20231221_AFFICHE-3e-CHALLENGE.jpg","articleSection":["Sport, Sant\u00e9 et Bien-\u00eatre"],"inLanguage":"fr-FR"},{"@type":"WebPage","@id":"https:\/\/www.sport28.fr\/index.php\/2024\/02\/23\/le-3eme-challenge-inter-entreprise-de-leconomie-sociale-et-solidaire-ess-aura-lieu-le-14-mai-2024-a-blois\/","url":"https:\/\/www.sport28.fr\/index.php\/2024\/02\/23\/le-3eme-challenge-inter-entreprise-de-leconomie-sociale-et-solidaire-ess-aura-lieu-le-14-mai-2024-a-blois\/","name":"Le 3\u00e8me Challenge Inter-entreprise de l'Economie Sociale et Solidaire (ESS) aura lieu le 14 mai 2024 \u00e0 Blois. - CDOS 28","isPartOf":{"@id":"https:\/\/www.sport28.fr\/#website"},"primaryImageOfPage":{"@id":"https:\/\/www.sport28.fr\/index.php\/2024\/02\/23\/le-3eme-challenge-inter-entreprise-de-leconomie-sociale-et-solidaire-ess-aura-lieu-le-14-mai-2024-a-blois\/#primaryimage"},"image":{"@id":"https:\/\/www.sport28.fr\/index.php\/2024\/02\/23\/le-3eme-challenge-inter-entreprise-de-leconomie-sociale-et-solidaire-ess-aura-lieu-le-14-mai-2024-a-blois\/#primaryimage"},"thumbnailUrl":"https:\/\/www.sport28.fr\/wp-content\/uploads\/2024\/02\/20231221_AFFICHE-3e-CHALLENGE.jpg","datePublished":"2024-02-23T12:56:00+00:00","dateModified":"2024-02-23T12:56:06+00:00","breadcrumb":{"@id":"https:\/\/www.sport28.fr\/index.php\/2024\/02\/23\/le-3eme-challenge-inter-entreprise-de-leconomie-sociale-et-solidaire-ess-aura-lieu-le-14-mai-2024-a-blois\/#breadcrumb"},"inLanguage":"fr-FR","potentialAction":[{"@type":"ReadAction","target":["https:\/\/www.sport28.fr\/index.php\/2024\/02\/23\/le-3eme-challenge-inter-entreprise-de-leconomie-sociale-et-solidaire-ess-aura-lieu-le-14-mai-2024-a-blois\/"]}]},{"@type":"ImageObject","inLanguage":"fr-FR","@id":"https:\/\/www.sport28.fr\/index.php\/2024\/02\/23\/le-3eme-challenge-inter-entreprise-de-leconomie-sociale-et-solidaire-ess-aura-lieu-le-14-mai-2024-a-blois\/#primaryimage","url":"https:\/\/www.sport28.fr\/wp-content\/uploads\/2024\/02\/20231221_AFFICHE-3e-CHALLENGE.jpg","contentUrl":"https:\/\/www.sport28.fr\/wp-content\/uploads\/2024\/02\/20231221_AFFICHE-3e-CHALLENGE.jpg","width":769,"height":1080},{"@type":"BreadcrumbList","@id":"https:\/\/www.sport28.fr\/index.php\/2024\/02\/23\/le-3eme-challenge-inter-entreprise-de-leconomie-sociale-et-solidaire-ess-aura-lieu-le-14-mai-2024-a-blois\/#breadcrumb","itemListElement":[{"@type":"ListItem","position":1,"name":"Accueil","item":"https:\/\/www.sport28.fr\/"},{"@type":"ListItem","position":2,"name":"Le 3\u00e8me Challenge Inter-entreprise de l&#8217;Economie Sociale et Solidaire (ESS) aura lieu le 14 mai 2024 \u00e0 Blois."}]},{"@type":"WebSite","@id":"https:\/\/www.sport28.fr\/#website","url":"https:\/\/www.sport28.fr\/","name":"CDOS 28","description":"Comit\u00e9 D\u00e9partementale Olympique et Sportif d&#039;Eure et Loir","publisher":{"@id":"https:\/\/www.sport28.fr\/#organization"},"potentialAction":[{"@type":"SearchAction","target":{"@type":"EntryPoint","urlTemplate":"https:\/\/www.sport28.fr\/?s={search_term_string}"},"query-input":{"@type":"PropertyValueSpecification","valueRequired":true,"valueName":"search_term_string"}}],"inLanguage":"fr-FR"},{"@type":"Organization","@id":"https:\/\/www.sport28.fr\/#organization","name":"Comit\u00e9 d\u00e9partemental olympique et sportif d'eure-et-loir","alternateName":"cdos 28","url":"https:\/\/www.sport28.fr\/","logo":{"@type":"ImageObject","inLanguage":"fr-FR","@id":"https:\/\/www.sport28.fr\/#\/schema\/logo\/image\/","url":"https:\/\/www.sport28.fr\/wp-content\/uploads\/2023\/10\/cdos_eure_et_loir_logo.jpg","contentUrl":"https:\/\/www.sport28.fr\/wp-content\/uploads\/2023\/10\/cdos_eure_et_loir_logo.jpg","width":1000,"height":1000,"caption":"Comit\u00e9 d\u00e9partemental olympique et sportif d'eure-et-loir"},"image":{"@id":"https:\/\/www.sport28.fr\/#\/schema\/logo\/image\/"},"sameAs":["https:\/\/www.facebook.com\/CDOS28?locale=fr_FR"]},{"@type":"Person","@id":"https:\/\/www.sport28.fr\/#\/schema\/person\/d707dc6c4cc8f7ba6a4564f87a6818a8","name":"admin28","image":{"@type":"ImageObject","inLanguage":"fr-FR","@id":"https:\/\/secure.gravatar.com\/avatar\/ec586f5fe487447efd44e48a32fef6a1c590e9d744f9d2c3d84ed071f1581364?s=96&d=mm&r=g","url":"https:\/\/secure.gravatar.com\/avatar\/ec586f5fe487447efd44e48a32fef6a1c590e9d744f9d2c3d84ed071f1581364?s=96&d=mm&r=g","contentUrl":"https:\/\/secure.gravatar.com\/avatar\/ec586f5fe487447efd44e48a32fef6a1c590e9d744f9d2c3d84ed071f1581364?s=96&d=mm&r=g","caption":"admin28"},"sameAs":["http:\/\/www.dev.sport28.fr"],"url":"https:\/\/www.sport28.fr\/index.php\/author\/admin28\/"}]}},"_links":{"self":[{"href":"https:\/\/www.sport28.fr\/index.php\/wp-json\/wp\/v2\/posts\/2590","targetHints":{"allow":["GET"]}}],"collection":[{"href":"https:\/\/www.sport28.fr\/index.php\/wp-json\/wp\/v2\/posts"}],"about":[{"href":"https:\/\/www.sport28.fr\/index.php\/wp-json\/wp\/v2\/types\/post"}],"author":[{"embeddable":true,"href":"https:\/\/www.sport28.fr\/index.php\/wp-json\/wp\/v2\/users\/1"}],"replies":[{"embeddable":true,"href":"https:\/\/www.sport28.fr\/index.php\/wp-json\/wp\/v2\/comments?post=2590"}],"version-history":[{"count":1,"href":"https:\/\/www.sport28.fr\/index.php\/wp-json\/wp\/v2\/posts\/2590\/revisions"}],"predecessor-version":[{"id":2592,"href":"https:\/\/www.sport28.fr\/index.php\/wp-json\/wp\/v2\/posts\/2590\/revisions\/2592"}],"wp:featuredmedia":[{"embeddable":true,"href":"https:\/\/www.sport28.fr\/index.php\/wp-json\/wp\/v2\/media\/2591"}],"wp:attachment":[{"href":"https:\/\/www.sport28.fr\/index.php\/wp-json\/wp\/v2\/media?parent=2590"}],"wp:term":[{"taxonomy":"category","embeddable":true,"href":"https:\/\/www.sport28.fr\/index.php\/wp-json\/wp\/v2\/categories?post=2590"},{"taxonomy":"post_tag","embeddable":true,"href":"https:\/\/www.sport28.fr\/index.php\/wp-json\/wp\/v2\/tags?post=2590"}],"curies":[{"name":"wp","href":"https:\/\/api.w.org\/{rel}","templated":true}]}}