{"id":2519,"date":"2024-02-14T10:47:52","date_gmt":"2024-02-14T09:47:52","guid":{"rendered":"https:\/\/www.sport28.fr\/?p=2519"},"modified":"2024-02-14T16:54:52","modified_gmt":"2024-02-14T15:54:52","slug":"appel-a-projet-afiap-2024","status":"publish","type":"post","link":"https:\/\/www.sport28.fr\/index.php\/2024\/02\/14\/appel-a-projet-afiap-2024\/","title":{"rendered":"Appel \u00e0 projet AFIAP 2024"},"content":{"rendered":"\n<blockquote class=\"wp-block-quote is-layout-flow wp-block-quote-is-layout-flow\">\n<p class=\"has-text-align-left\">C\u2019est avec grand plaisir que l\u2019association AFIAP, Association pour l\u2019organisation du Festival International d\u2019Art Pyrotechnique, intitul\u00e9 \u00ab F\u00e9\u00e9ries Eur\u00e9liennes \u00bb, dont la 1\u00e8re \u00e9dition se d\u00e9roulera le samedi 6 juillet 2024 sur l\u2019hippodrome de Pipe-Souris, commune de la Fert\u00e9-Vidame\/Lamblore, organise \u00e0 cette occasion, un appel \u00e0 projets associatif.<br>L\u2019AFIAP, \u00e0 travers ce festival \u00e0 but non lucratif, souhaite venir en appui au monde associatif eur\u00e9lien en<br>r\u00e9compensant des projets sur les th\u00e9matiques de la sant\u00e9, du handicap, des personnes \u00e2g\u00e9es, de<br>l\u2019enfance\u2026 Pour cette premi\u00e8re \u00e9dition 2024, JO de Paris oblige, nous avons retenu la th\u00e9matique \u00ab sant\u00e9 \u00bb autour du handicap dans le monde sportif.<br>Ces projets devront nous \u00eatre retourn\u00e9s au plus tard, pour le samedi 30 mars prochain. Un jury se r\u00e9unira pour examiner et classer les dossiers re\u00e7us. Un seul projet sera retenu, et l\u2019association porteuse du projet, sera mise en avant au d\u00e9cours du festival. Un ch\u00e8que lui sera remis, \u00e0 l\u2019issu du festival, permettant de financer tout ou partie du projet retenu.<br>La proclamation du r\u00e9sultat sera annonc\u00e9e \u00e0 l\u2019ensemble des candidats et fera l\u2019objet d\u2019une communication officielle le 30 avril 2024.<br>Vous trouverez ci-apr\u00e8s le d\u00e9tail de l\u2019appel \u00e0 projets, ainsi qu\u2019une pr\u00e9sentation du festival : <\/p>\n<\/blockquote>\n\n\n\n<div data-wp-interactive=\"core\/file\" class=\"wp-block-file\"><object data-wp-bind--hidden=\"!state.hasPdfPreview\" hidden class=\"wp-block-file__embed\" data=\"https:\/\/www.sport28.fr\/wp-content\/uploads\/2024\/02\/Appel-a-projets-AFIAP-2024.pdf\" type=\"application\/pdf\" style=\"width:100%;height:600px\" aria-label=\"Contenu embarqu\u00e9 Appel-a-projets-AFIAP-2024.\"><\/object><a id=\"wp-block-file--media-3c148b34-9163-4015-8d52-d3e61affb4dc\" href=\"https:\/\/www.sport28.fr\/wp-content\/uploads\/2024\/02\/Appel-a-projets-AFIAP-2024.pdf\">Appel-a-projets-AFIAP-2024<\/a><a href=\"https:\/\/www.sport28.fr\/wp-content\/uploads\/2024\/02\/Appel-a-projets-AFIAP-2024.pdf\" class=\"wp-block-file__button wp-element-button\" download aria-describedby=\"wp-block-file--media-3c148b34-9163-4015-8d52-d3e61affb4dc\">T\u00e9l\u00e9charger<\/a><\/div>\n","protected":false},"excerpt":{"rendered":"<p>C\u2019est avec grand plaisir que l\u2019association AFIAP, Association pour l\u2019organisation du Festival International d\u2019Art Pyrotechnique, intitul\u00e9 \u00ab F\u00e9\u00e9ries Eur\u00e9liennes \u00bb, dont la 1\u00e8re \u00e9dition se d\u00e9roulera le samedi 6 juillet [&hellip;]<\/p>\n","protected":false},"author":1,"featured_media":2522,"comment_status":"closed","ping_status":"open","sticky":false,"template":"","format":"standard","meta":{"footnotes":""},"categories":[32],"tags":[],"class_list":["post-2519","post","type-post","status-publish","format-standard","has-post-thumbnail","hentry","category-institutionnel"],"yoast_head":"<!-- This site is optimized with the Yoast SEO plugin v27.5 - https:\/\/yoast.com\/product\/yoast-seo-wordpress\/ -->\n<title>Appel \u00e0 projet AFIAP 2024 - CDOS 28<\/title>\n<meta name=\"robots\" content=\"index, follow, max-snippet:-1, max-image-preview:large, max-video-preview:-1\" \/>\n<link rel=\"canonical\" href=\"https:\/\/www.sport28.fr\/index.php\/2024\/02\/14\/appel-a-projet-afiap-2024\/\" \/>\n<meta property=\"og:locale\" content=\"fr_FR\" \/>\n<meta property=\"og:type\" content=\"article\" \/>\n<meta property=\"og:title\" content=\"Appel \u00e0 projet AFIAP 2024 - CDOS 28\" \/>\n<meta property=\"og:description\" content=\"C\u2019est avec grand plaisir que l\u2019association AFIAP, Association pour l\u2019organisation du Festival International d\u2019Art Pyrotechnique, intitul\u00e9 \u00ab F\u00e9\u00e9ries Eur\u00e9liennes \u00bb, dont la 1\u00e8re \u00e9dition se d\u00e9roulera le samedi 6 juillet [&hellip;]\" \/>\n<meta property=\"og:url\" content=\"https:\/\/www.sport28.fr\/index.php\/2024\/02\/14\/appel-a-projet-afiap-2024\/\" \/>\n<meta property=\"og:site_name\" content=\"CDOS 28\" \/>\n<meta property=\"article:publisher\" content=\"https:\/\/www.facebook.com\/CDOS28?locale=fr_FR\" \/>\n<meta property=\"article:published_time\" content=\"2024-02-14T09:47:52+00:00\" \/>\n<meta property=\"article:modified_time\" content=\"2024-02-14T15:54:52+00:00\" \/>\n<meta property=\"og:image\" content=\"https:\/\/www.sport28.fr\/wp-content\/uploads\/2024\/02\/0004-scaled.jpg\" \/>\n\t<meta property=\"og:image:width\" content=\"1793\" \/>\n\t<meta property=\"og:image:height\" content=\"2560\" \/>\n\t<meta property=\"og:image:type\" content=\"image\/jpeg\" \/>\n<meta name=\"author\" content=\"admin28\" \/>\n<meta name=\"twitter:card\" content=\"summary_large_image\" \/>\n<meta name=\"twitter:label1\" content=\"\u00c9crit par\" \/>\n\t<meta name=\"twitter:data1\" content=\"admin28\" \/>\n\t<meta name=\"twitter:label2\" content=\"Dur\u00e9e de lecture estim\u00e9e\" \/>\n\t<meta name=\"twitter:data2\" content=\"1 minute\" \/>\n<script type=\"application\/ld+json\" class=\"yoast-schema-graph\">{\"@context\":\"https:\\\/\\\/schema.org\",\"@graph\":[{\"@type\":\"Article\",\"@id\":\"https:\\\/\\\/www.sport28.fr\\\/index.php\\\/2024\\\/02\\\/14\\\/appel-a-projet-afiap-2024\\\/#article\",\"isPartOf\":{\"@id\":\"https:\\\/\\\/www.sport28.fr\\\/index.php\\\/2024\\\/02\\\/14\\\/appel-a-projet-afiap-2024\\\/\"},\"author\":{\"name\":\"admin28\",\"@id\":\"https:\\\/\\\/www.sport28.fr\\\/#\\\/schema\\\/person\\\/d707dc6c4cc8f7ba6a4564f87a6818a8\"},\"headline\":\"Appel \u00e0 projet AFIAP 2024\",\"datePublished\":\"2024-02-14T09:47:52+00:00\",\"dateModified\":\"2024-02-14T15:54:52+00:00\",\"mainEntityOfPage\":{\"@id\":\"https:\\\/\\\/www.sport28.fr\\\/index.php\\\/2024\\\/02\\\/14\\\/appel-a-projet-afiap-2024\\\/\"},\"wordCount\":225,\"publisher\":{\"@id\":\"https:\\\/\\\/www.sport28.fr\\\/#organization\"},\"image\":{\"@id\":\"https:\\\/\\\/www.sport28.fr\\\/index.php\\\/2024\\\/02\\\/14\\\/appel-a-projet-afiap-2024\\\/#primaryimage\"},\"thumbnailUrl\":\"https:\\\/\\\/www.sport28.fr\\\/wp-content\\\/uploads\\\/2024\\\/02\\\/0004-scaled.jpg\",\"articleSection\":[\"Institutionnel\"],\"inLanguage\":\"fr-FR\"},{\"@type\":\"WebPage\",\"@id\":\"https:\\\/\\\/www.sport28.fr\\\/index.php\\\/2024\\\/02\\\/14\\\/appel-a-projet-afiap-2024\\\/\",\"url\":\"https:\\\/\\\/www.sport28.fr\\\/index.php\\\/2024\\\/02\\\/14\\\/appel-a-projet-afiap-2024\\\/\",\"name\":\"Appel \u00e0 projet AFIAP 2024 - CDOS 28\",\"isPartOf\":{\"@id\":\"https:\\\/\\\/www.sport28.fr\\\/#website\"},\"primaryImageOfPage\":{\"@id\":\"https:\\\/\\\/www.sport28.fr\\\/index.php\\\/2024\\\/02\\\/14\\\/appel-a-projet-afiap-2024\\\/#primaryimage\"},\"image\":{\"@id\":\"https:\\\/\\\/www.sport28.fr\\\/index.php\\\/2024\\\/02\\\/14\\\/appel-a-projet-afiap-2024\\\/#primaryimage\"},\"thumbnailUrl\":\"https:\\\/\\\/www.sport28.fr\\\/wp-content\\\/uploads\\\/2024\\\/02\\\/0004-scaled.jpg\",\"datePublished\":\"2024-02-14T09:47:52+00:00\",\"dateModified\":\"2024-02-14T15:54:52+00:00\",\"breadcrumb\":{\"@id\":\"https:\\\/\\\/www.sport28.fr\\\/index.php\\\/2024\\\/02\\\/14\\\/appel-a-projet-afiap-2024\\\/#breadcrumb\"},\"inLanguage\":\"fr-FR\",\"potentialAction\":[{\"@type\":\"ReadAction\",\"target\":[\"https:\\\/\\\/www.sport28.fr\\\/index.php\\\/2024\\\/02\\\/14\\\/appel-a-projet-afiap-2024\\\/\"]}]},{\"@type\":\"ImageObject\",\"inLanguage\":\"fr-FR\",\"@id\":\"https:\\\/\\\/www.sport28.fr\\\/index.php\\\/2024\\\/02\\\/14\\\/appel-a-projet-afiap-2024\\\/#primaryimage\",\"url\":\"https:\\\/\\\/www.sport28.fr\\\/wp-content\\\/uploads\\\/2024\\\/02\\\/0004-scaled.jpg\",\"contentUrl\":\"https:\\\/\\\/www.sport28.fr\\\/wp-content\\\/uploads\\\/2024\\\/02\\\/0004-scaled.jpg\",\"width\":1793,\"height\":2560},{\"@type\":\"BreadcrumbList\",\"@id\":\"https:\\\/\\\/www.sport28.fr\\\/index.php\\\/2024\\\/02\\\/14\\\/appel-a-projet-afiap-2024\\\/#breadcrumb\",\"itemListElement\":[{\"@type\":\"ListItem\",\"position\":1,\"name\":\"Accueil\",\"item\":\"https:\\\/\\\/www.sport28.fr\\\/\"},{\"@type\":\"ListItem\",\"position\":2,\"name\":\"Appel \u00e0 projet AFIAP 2024\"}]},{\"@type\":\"WebSite\",\"@id\":\"https:\\\/\\\/www.sport28.fr\\\/#website\",\"url\":\"https:\\\/\\\/www.sport28.fr\\\/\",\"name\":\"CDOS 28\",\"description\":\"Comit\u00e9 D\u00e9partementale Olympique et Sportif d&#039;Eure et Loir\",\"publisher\":{\"@id\":\"https:\\\/\\\/www.sport28.fr\\\/#organization\"},\"potentialAction\":[{\"@type\":\"SearchAction\",\"target\":{\"@type\":\"EntryPoint\",\"urlTemplate\":\"https:\\\/\\\/www.sport28.fr\\\/?s={search_term_string}\"},\"query-input\":{\"@type\":\"PropertyValueSpecification\",\"valueRequired\":true,\"valueName\":\"search_term_string\"}}],\"inLanguage\":\"fr-FR\"},{\"@type\":\"Organization\",\"@id\":\"https:\\\/\\\/www.sport28.fr\\\/#organization\",\"name\":\"Comit\u00e9 d\u00e9partemental olympique et sportif d'eure-et-loir\",\"alternateName\":\"cdos 28\",\"url\":\"https:\\\/\\\/www.sport28.fr\\\/\",\"logo\":{\"@type\":\"ImageObject\",\"inLanguage\":\"fr-FR\",\"@id\":\"https:\\\/\\\/www.sport28.fr\\\/#\\\/schema\\\/logo\\\/image\\\/\",\"url\":\"https:\\\/\\\/www.sport28.fr\\\/wp-content\\\/uploads\\\/2023\\\/10\\\/cdos_eure_et_loir_logo.jpg\",\"contentUrl\":\"https:\\\/\\\/www.sport28.fr\\\/wp-content\\\/uploads\\\/2023\\\/10\\\/cdos_eure_et_loir_logo.jpg\",\"width\":1000,\"height\":1000,\"caption\":\"Comit\u00e9 d\u00e9partemental olympique et sportif d'eure-et-loir\"},\"image\":{\"@id\":\"https:\\\/\\\/www.sport28.fr\\\/#\\\/schema\\\/logo\\\/image\\\/\"},\"sameAs\":[\"https:\\\/\\\/www.facebook.com\\\/CDOS28?locale=fr_FR\"]},{\"@type\":\"Person\",\"@id\":\"https:\\\/\\\/www.sport28.fr\\\/#\\\/schema\\\/person\\\/d707dc6c4cc8f7ba6a4564f87a6818a8\",\"name\":\"admin28\",\"image\":{\"@type\":\"ImageObject\",\"inLanguage\":\"fr-FR\",\"@id\":\"https:\\\/\\\/secure.gravatar.com\\\/avatar\\\/ec586f5fe487447efd44e48a32fef6a1c590e9d744f9d2c3d84ed071f1581364?s=96&d=mm&r=g\",\"url\":\"https:\\\/\\\/secure.gravatar.com\\\/avatar\\\/ec586f5fe487447efd44e48a32fef6a1c590e9d744f9d2c3d84ed071f1581364?s=96&d=mm&r=g\",\"contentUrl\":\"https:\\\/\\\/secure.gravatar.com\\\/avatar\\\/ec586f5fe487447efd44e48a32fef6a1c590e9d744f9d2c3d84ed071f1581364?s=96&d=mm&r=g\",\"caption\":\"admin28\"},\"sameAs\":[\"http:\\\/\\\/www.dev.sport28.fr\"],\"url\":\"https:\\\/\\\/www.sport28.fr\\\/index.php\\\/author\\\/admin28\\\/\"}]}<\/script>\n<!-- \/ Yoast SEO plugin. -->","yoast_head_json":{"title":"Appel \u00e0 projet AFIAP 2024 - CDOS 28","robots":{"index":"index","follow":"follow","max-snippet":"max-snippet:-1","max-image-preview":"max-image-preview:large","max-video-preview":"max-video-preview:-1"},"canonical":"https:\/\/www.sport28.fr\/index.php\/2024\/02\/14\/appel-a-projet-afiap-2024\/","og_locale":"fr_FR","og_type":"article","og_title":"Appel \u00e0 projet AFIAP 2024 - CDOS 28","og_description":"C\u2019est avec grand plaisir que l\u2019association AFIAP, Association pour l\u2019organisation du Festival International d\u2019Art Pyrotechnique, intitul\u00e9 \u00ab F\u00e9\u00e9ries Eur\u00e9liennes \u00bb, dont la 1\u00e8re \u00e9dition se d\u00e9roulera le samedi 6 juillet [&hellip;]","og_url":"https:\/\/www.sport28.fr\/index.php\/2024\/02\/14\/appel-a-projet-afiap-2024\/","og_site_name":"CDOS 28","article_publisher":"https:\/\/www.facebook.com\/CDOS28?locale=fr_FR","article_published_time":"2024-02-14T09:47:52+00:00","article_modified_time":"2024-02-14T15:54:52+00:00","og_image":[{"width":1793,"height":2560,"url":"https:\/\/www.sport28.fr\/wp-content\/uploads\/2024\/02\/0004-scaled.jpg","type":"image\/jpeg"}],"author":"admin28","twitter_card":"summary_large_image","twitter_misc":{"\u00c9crit par":"admin28","Dur\u00e9e de lecture estim\u00e9e":"1 minute"},"schema":{"@context":"https:\/\/schema.org","@graph":[{"@type":"Article","@id":"https:\/\/www.sport28.fr\/index.php\/2024\/02\/14\/appel-a-projet-afiap-2024\/#article","isPartOf":{"@id":"https:\/\/www.sport28.fr\/index.php\/2024\/02\/14\/appel-a-projet-afiap-2024\/"},"author":{"name":"admin28","@id":"https:\/\/www.sport28.fr\/#\/schema\/person\/d707dc6c4cc8f7ba6a4564f87a6818a8"},"headline":"Appel \u00e0 projet AFIAP 2024","datePublished":"2024-02-14T09:47:52+00:00","dateModified":"2024-02-14T15:54:52+00:00","mainEntityOfPage":{"@id":"https:\/\/www.sport28.fr\/index.php\/2024\/02\/14\/appel-a-projet-afiap-2024\/"},"wordCount":225,"publisher":{"@id":"https:\/\/www.sport28.fr\/#organization"},"image":{"@id":"https:\/\/www.sport28.fr\/index.php\/2024\/02\/14\/appel-a-projet-afiap-2024\/#primaryimage"},"thumbnailUrl":"https:\/\/www.sport28.fr\/wp-content\/uploads\/2024\/02\/0004-scaled.jpg","articleSection":["Institutionnel"],"inLanguage":"fr-FR"},{"@type":"WebPage","@id":"https:\/\/www.sport28.fr\/index.php\/2024\/02\/14\/appel-a-projet-afiap-2024\/","url":"https:\/\/www.sport28.fr\/index.php\/2024\/02\/14\/appel-a-projet-afiap-2024\/","name":"Appel \u00e0 projet AFIAP 2024 - CDOS 28","isPartOf":{"@id":"https:\/\/www.sport28.fr\/#website"},"primaryImageOfPage":{"@id":"https:\/\/www.sport28.fr\/index.php\/2024\/02\/14\/appel-a-projet-afiap-2024\/#primaryimage"},"image":{"@id":"https:\/\/www.sport28.fr\/index.php\/2024\/02\/14\/appel-a-projet-afiap-2024\/#primaryimage"},"thumbnailUrl":"https:\/\/www.sport28.fr\/wp-content\/uploads\/2024\/02\/0004-scaled.jpg","datePublished":"2024-02-14T09:47:52+00:00","dateModified":"2024-02-14T15:54:52+00:00","breadcrumb":{"@id":"https:\/\/www.sport28.fr\/index.php\/2024\/02\/14\/appel-a-projet-afiap-2024\/#breadcrumb"},"inLanguage":"fr-FR","potentialAction":[{"@type":"ReadAction","target":["https:\/\/www.sport28.fr\/index.php\/2024\/02\/14\/appel-a-projet-afiap-2024\/"]}]},{"@type":"ImageObject","inLanguage":"fr-FR","@id":"https:\/\/www.sport28.fr\/index.php\/2024\/02\/14\/appel-a-projet-afiap-2024\/#primaryimage","url":"https:\/\/www.sport28.fr\/wp-content\/uploads\/2024\/02\/0004-scaled.jpg","contentUrl":"https:\/\/www.sport28.fr\/wp-content\/uploads\/2024\/02\/0004-scaled.jpg","width":1793,"height":2560},{"@type":"BreadcrumbList","@id":"https:\/\/www.sport28.fr\/index.php\/2024\/02\/14\/appel-a-projet-afiap-2024\/#breadcrumb","itemListElement":[{"@type":"ListItem","position":1,"name":"Accueil","item":"https:\/\/www.sport28.fr\/"},{"@type":"ListItem","position":2,"name":"Appel \u00e0 projet AFIAP 2024"}]},{"@type":"WebSite","@id":"https:\/\/www.sport28.fr\/#website","url":"https:\/\/www.sport28.fr\/","name":"CDOS 28","description":"Comit\u00e9 D\u00e9partementale Olympique et Sportif d&#039;Eure et Loir","publisher":{"@id":"https:\/\/www.sport28.fr\/#organization"},"potentialAction":[{"@type":"SearchAction","target":{"@type":"EntryPoint","urlTemplate":"https:\/\/www.sport28.fr\/?s={search_term_string}"},"query-input":{"@type":"PropertyValueSpecification","valueRequired":true,"valueName":"search_term_string"}}],"inLanguage":"fr-FR"},{"@type":"Organization","@id":"https:\/\/www.sport28.fr\/#organization","name":"Comit\u00e9 d\u00e9partemental olympique et sportif d'eure-et-loir","alternateName":"cdos 28","url":"https:\/\/www.sport28.fr\/","logo":{"@type":"ImageObject","inLanguage":"fr-FR","@id":"https:\/\/www.sport28.fr\/#\/schema\/logo\/image\/","url":"https:\/\/www.sport28.fr\/wp-content\/uploads\/2023\/10\/cdos_eure_et_loir_logo.jpg","contentUrl":"https:\/\/www.sport28.fr\/wp-content\/uploads\/2023\/10\/cdos_eure_et_loir_logo.jpg","width":1000,"height":1000,"caption":"Comit\u00e9 d\u00e9partemental olympique et sportif d'eure-et-loir"},"image":{"@id":"https:\/\/www.sport28.fr\/#\/schema\/logo\/image\/"},"sameAs":["https:\/\/www.facebook.com\/CDOS28?locale=fr_FR"]},{"@type":"Person","@id":"https:\/\/www.sport28.fr\/#\/schema\/person\/d707dc6c4cc8f7ba6a4564f87a6818a8","name":"admin28","image":{"@type":"ImageObject","inLanguage":"fr-FR","@id":"https:\/\/secure.gravatar.com\/avatar\/ec586f5fe487447efd44e48a32fef6a1c590e9d744f9d2c3d84ed071f1581364?s=96&d=mm&r=g","url":"https:\/\/secure.gravatar.com\/avatar\/ec586f5fe487447efd44e48a32fef6a1c590e9d744f9d2c3d84ed071f1581364?s=96&d=mm&r=g","contentUrl":"https:\/\/secure.gravatar.com\/avatar\/ec586f5fe487447efd44e48a32fef6a1c590e9d744f9d2c3d84ed071f1581364?s=96&d=mm&r=g","caption":"admin28"},"sameAs":["http:\/\/www.dev.sport28.fr"],"url":"https:\/\/www.sport28.fr\/index.php\/author\/admin28\/"}]}},"_links":{"self":[{"href":"https:\/\/www.sport28.fr\/index.php\/wp-json\/wp\/v2\/posts\/2519","targetHints":{"allow":["GET"]}}],"collection":[{"href":"https:\/\/www.sport28.fr\/index.php\/wp-json\/wp\/v2\/posts"}],"about":[{"href":"https:\/\/www.sport28.fr\/index.php\/wp-json\/wp\/v2\/types\/post"}],"author":[{"embeddable":true,"href":"https:\/\/www.sport28.fr\/index.php\/wp-json\/wp\/v2\/users\/1"}],"replies":[{"embeddable":true,"href":"https:\/\/www.sport28.fr\/index.php\/wp-json\/wp\/v2\/comments?post=2519"}],"version-history":[{"count":2,"href":"https:\/\/www.sport28.fr\/index.php\/wp-json\/wp\/v2\/posts\/2519\/revisions"}],"predecessor-version":[{"id":2526,"href":"https:\/\/www.sport28.fr\/index.php\/wp-json\/wp\/v2\/posts\/2519\/revisions\/2526"}],"wp:featuredmedia":[{"embeddable":true,"href":"https:\/\/www.sport28.fr\/index.php\/wp-json\/wp\/v2\/media\/2522"}],"wp:attachment":[{"href":"https:\/\/www.sport28.fr\/index.php\/wp-json\/wp\/v2\/media?parent=2519"}],"wp:term":[{"taxonomy":"category","embeddable":true,"href":"https:\/\/www.sport28.fr\/index.php\/wp-json\/wp\/v2\/categories?post=2519"},{"taxonomy":"post_tag","embeddable":true,"href":"https:\/\/www.sport28.fr\/index.php\/wp-json\/wp\/v2\/tags?post=2519"}],"curies":[{"name":"wp","href":"https:\/\/api.w.org\/{rel}","templated":true}]}}