{"id":2471,"date":"2024-02-08T13:24:25","date_gmt":"2024-02-08T12:24:25","guid":{"rendered":"https:\/\/www.sport28.fr\/?p=2471"},"modified":"2024-02-08T13:29:06","modified_gmt":"2024-02-08T12:29:06","slug":"appel-a-candidature-pour-la-session-jeunes-ambassadeurs-de-lacademie-internationale-olympique","status":"publish","type":"post","link":"https:\/\/www.sport28.fr\/index.php\/2024\/02\/08\/appel-a-candidature-pour-la-session-jeunes-ambassadeurs-de-lacademie-internationale-olympique\/","title":{"rendered":"Appel \u00e0 candidature pour la session jeunes ambassadeurs de l&rsquo;Acad\u00e9mie Internationale Olympique"},"content":{"rendered":"\n<figure class=\"wp-block-gallery has-nested-images columns-default is-cropped wp-block-gallery-1 is-layout-flex wp-block-gallery-is-layout-flex\">\n<figure class=\"wp-block-image size-large\"><img fetchpriority=\"high\" decoding=\"async\" width=\"724\" height=\"1024\" data-id=\"2472\" src=\"https:\/\/www.sport28.fr\/wp-content\/uploads\/2024\/02\/Appel-a-candidature-OLYMPIE-2024-724x1024.jpg\" alt=\"\" class=\"wp-image-2472\" srcset=\"https:\/\/www.sport28.fr\/wp-content\/uploads\/2024\/02\/Appel-a-candidature-OLYMPIE-2024-724x1024.jpg 724w, https:\/\/www.sport28.fr\/wp-content\/uploads\/2024\/02\/Appel-a-candidature-OLYMPIE-2024-212x300.jpg 212w, https:\/\/www.sport28.fr\/wp-content\/uploads\/2024\/02\/Appel-a-candidature-OLYMPIE-2024-768x1086.jpg 768w, https:\/\/www.sport28.fr\/wp-content\/uploads\/2024\/02\/Appel-a-candidature-OLYMPIE-2024-1086x1536.jpg 1086w, https:\/\/www.sport28.fr\/wp-content\/uploads\/2024\/02\/Appel-a-candidature-OLYMPIE-2024.jpg 1414w\" sizes=\"(max-width: 724px) 100vw, 724px\" \/><\/figure>\n<\/figure>\n\n\n\n<p>L&rsquo;Acad\u00e9mie&nbsp;Internationale&nbsp;Olympique&nbsp;(AIO) organise \u00e0 Olympie, <strong>du 8 juin&nbsp;au&nbsp;21 juin 2024<\/strong>,&nbsp;la&nbsp;64\u00e8me&nbsp;Session&nbsp;Internationale&nbsp;pour&nbsp;jeunes&nbsp;ambassadeurs&nbsp;autour&nbsp;de&nbsp;la&nbsp;th\u00e9matique <strong>\u00ab L\u2019athl\u00e8te dans la soci\u00e9t\u00e9 moderne : inspirer et favoriser l\u2019unit\u00e9 \u00bb.<\/strong><\/p>\n\n\n\n<p>Cette exp\u00e9rience unique\u00a0au\u00a0c\u0153ur du berceau\u00a0de\u00a0l\u2019Olympisme permettra \u00e0 chaque participant(e)\u00a0de\u00a0partager et d\u2019enrichir ses connaissances du monde\u00a0Olympique\u00a0dans une communaut\u00e9\u00a0internationale<\/p>\n\n\n\n<p>le lien vers le formulaire\u00a0de\u00a0candidature\u00a0: <a href=\"https:\/\/eur02.safelinks.protection.outlook.com\/?url=https%3A%2F%2Fforms.office.com%2Fe%2FBNEUZNcDpY&amp;data=05%7C02%7Ceureetloir%40franceolympique.com%7C0cb68e74d9a64e48dfad08dc28918152%7Cfa5ef80ec3ea4908bc542aaac2e4733e%7C0%7C0%7C638429852674704193%7CUnknown%7CTWFpbGZsb3d8eyJWIjoiMC4wLjAwMDAiLCJQIjoiV2luMzIiLCJBTiI6Ik1haWwiLCJXVCI6Mn0%3D%7C0%7C%7C%7C&amp;sdata=pvdaUulq0%2Fw37L6NS%2F%2B2Xj3arv2EroGDCAWq%2FIw1bKc%3D&amp;reserved=0\">https:\/\/forms.office.com\/e\/BNEUZNcDpY<\/a><\/p>\n\n\n\n<figure class=\"wp-block-embed\"><div class=\"wp-block-embed__wrapper\">\nhttps:\/\/forms.office.com\/e\/BNEUZNcDpY\n<\/div><\/figure>\n\n\n\n<p>Les&nbsp;candidatures&nbsp;devront nous parvenir <strong>pour&nbsp;le mardi 5&nbsp;mars 2024&nbsp;au&nbsp;plus tard.<\/strong><\/p>\n","protected":false},"excerpt":{"rendered":"<p>L&rsquo;Acad\u00e9mie&nbsp;Internationale&nbsp;Olympique&nbsp;(AIO) organise \u00e0 Olympie, du 8 juin&nbsp;au&nbsp;21 juin 2024,&nbsp;la&nbsp;64\u00e8me&nbsp;Session&nbsp;Internationale&nbsp;pour&nbsp;jeunes&nbsp;ambassadeurs&nbsp;autour&nbsp;de&nbsp;la&nbsp;th\u00e9matique \u00ab L\u2019athl\u00e8te dans la soci\u00e9t\u00e9 moderne : inspirer et favoriser l\u2019unit\u00e9 \u00bb. Cette exp\u00e9rience unique\u00a0au\u00a0c\u0153ur du berceau\u00a0de\u00a0l\u2019Olympisme permettra \u00e0 chaque participant(e)\u00a0de\u00a0partager [&hellip;]<\/p>\n","protected":false},"author":1,"featured_media":2472,"comment_status":"closed","ping_status":"open","sticky":false,"template":"","format":"standard","meta":{"footnotes":""},"categories":[32,33],"tags":[],"class_list":["post-2471","post","type-post","status-publish","format-standard","has-post-thumbnail","hentry","category-institutionnel","category-paris-2024"],"yoast_head":"<!-- This site is optimized with the Yoast SEO plugin v27.5 - https:\/\/yoast.com\/product\/yoast-seo-wordpress\/ -->\n<title>Appel \u00e0 candidature pour la session jeunes ambassadeurs de l&#039;Acad\u00e9mie Internationale Olympique - CDOS 28<\/title>\n<meta name=\"robots\" content=\"index, follow, max-snippet:-1, max-image-preview:large, max-video-preview:-1\" \/>\n<link rel=\"canonical\" href=\"https:\/\/www.sport28.fr\/index.php\/2024\/02\/08\/appel-a-candidature-pour-la-session-jeunes-ambassadeurs-de-lacademie-internationale-olympique\/\" \/>\n<meta property=\"og:locale\" content=\"fr_FR\" \/>\n<meta property=\"og:type\" content=\"article\" \/>\n<meta property=\"og:title\" content=\"Appel \u00e0 candidature pour la session jeunes ambassadeurs de l&#039;Acad\u00e9mie Internationale Olympique - CDOS 28\" \/>\n<meta property=\"og:description\" content=\"L&rsquo;Acad\u00e9mie&nbsp;Internationale&nbsp;Olympique&nbsp;(AIO) organise \u00e0 Olympie, du 8 juin&nbsp;au&nbsp;21 juin 2024,&nbsp;la&nbsp;64\u00e8me&nbsp;Session&nbsp;Internationale&nbsp;pour&nbsp;jeunes&nbsp;ambassadeurs&nbsp;autour&nbsp;de&nbsp;la&nbsp;th\u00e9matique \u00ab L\u2019athl\u00e8te dans la soci\u00e9t\u00e9 moderne : inspirer et favoriser l\u2019unit\u00e9 \u00bb. Cette exp\u00e9rience unique\u00a0au\u00a0c\u0153ur du berceau\u00a0de\u00a0l\u2019Olympisme permettra \u00e0 chaque participant(e)\u00a0de\u00a0partager [&hellip;]\" \/>\n<meta property=\"og:url\" content=\"https:\/\/www.sport28.fr\/index.php\/2024\/02\/08\/appel-a-candidature-pour-la-session-jeunes-ambassadeurs-de-lacademie-internationale-olympique\/\" \/>\n<meta property=\"og:site_name\" content=\"CDOS 28\" \/>\n<meta property=\"article:publisher\" content=\"https:\/\/www.facebook.com\/CDOS28?locale=fr_FR\" \/>\n<meta property=\"article:published_time\" content=\"2024-02-08T12:24:25+00:00\" \/>\n<meta property=\"article:modified_time\" content=\"2024-02-08T12:29:06+00:00\" \/>\n<meta property=\"og:image\" content=\"https:\/\/www.sport28.fr\/wp-content\/uploads\/2024\/02\/Appel-a-candidature-OLYMPIE-2024.jpg\" \/>\n\t<meta property=\"og:image:width\" content=\"1414\" \/>\n\t<meta property=\"og:image:height\" content=\"2000\" \/>\n\t<meta property=\"og:image:type\" content=\"image\/jpeg\" \/>\n<meta name=\"author\" content=\"admin28\" \/>\n<meta name=\"twitter:card\" content=\"summary_large_image\" \/>\n<meta name=\"twitter:label1\" content=\"\u00c9crit par\" \/>\n\t<meta name=\"twitter:data1\" content=\"admin28\" \/>\n\t<meta name=\"twitter:label2\" content=\"Dur\u00e9e de lecture estim\u00e9e\" \/>\n\t<meta name=\"twitter:data2\" content=\"1 minute\" \/>\n<script type=\"application\/ld+json\" class=\"yoast-schema-graph\">{\"@context\":\"https:\\\/\\\/schema.org\",\"@graph\":[{\"@type\":\"Article\",\"@id\":\"https:\\\/\\\/www.sport28.fr\\\/index.php\\\/2024\\\/02\\\/08\\\/appel-a-candidature-pour-la-session-jeunes-ambassadeurs-de-lacademie-internationale-olympique\\\/#article\",\"isPartOf\":{\"@id\":\"https:\\\/\\\/www.sport28.fr\\\/index.php\\\/2024\\\/02\\\/08\\\/appel-a-candidature-pour-la-session-jeunes-ambassadeurs-de-lacademie-internationale-olympique\\\/\"},\"author\":{\"name\":\"admin28\",\"@id\":\"https:\\\/\\\/www.sport28.fr\\\/#\\\/schema\\\/person\\\/d707dc6c4cc8f7ba6a4564f87a6818a8\"},\"headline\":\"Appel \u00e0 candidature pour la session jeunes ambassadeurs de l&rsquo;Acad\u00e9mie Internationale Olympique\",\"datePublished\":\"2024-02-08T12:24:25+00:00\",\"dateModified\":\"2024-02-08T12:29:06+00:00\",\"mainEntityOfPage\":{\"@id\":\"https:\\\/\\\/www.sport28.fr\\\/index.php\\\/2024\\\/02\\\/08\\\/appel-a-candidature-pour-la-session-jeunes-ambassadeurs-de-lacademie-internationale-olympique\\\/\"},\"wordCount\":131,\"publisher\":{\"@id\":\"https:\\\/\\\/www.sport28.fr\\\/#organization\"},\"image\":{\"@id\":\"https:\\\/\\\/www.sport28.fr\\\/index.php\\\/2024\\\/02\\\/08\\\/appel-a-candidature-pour-la-session-jeunes-ambassadeurs-de-lacademie-internationale-olympique\\\/#primaryimage\"},\"thumbnailUrl\":\"https:\\\/\\\/www.sport28.fr\\\/wp-content\\\/uploads\\\/2024\\\/02\\\/Appel-a-candidature-OLYMPIE-2024.jpg\",\"articleSection\":[\"Institutionnel\",\"Paris 2024\"],\"inLanguage\":\"fr-FR\"},{\"@type\":\"WebPage\",\"@id\":\"https:\\\/\\\/www.sport28.fr\\\/index.php\\\/2024\\\/02\\\/08\\\/appel-a-candidature-pour-la-session-jeunes-ambassadeurs-de-lacademie-internationale-olympique\\\/\",\"url\":\"https:\\\/\\\/www.sport28.fr\\\/index.php\\\/2024\\\/02\\\/08\\\/appel-a-candidature-pour-la-session-jeunes-ambassadeurs-de-lacademie-internationale-olympique\\\/\",\"name\":\"Appel \u00e0 candidature pour la session jeunes ambassadeurs de l'Acad\u00e9mie Internationale Olympique - CDOS 28\",\"isPartOf\":{\"@id\":\"https:\\\/\\\/www.sport28.fr\\\/#website\"},\"primaryImageOfPage\":{\"@id\":\"https:\\\/\\\/www.sport28.fr\\\/index.php\\\/2024\\\/02\\\/08\\\/appel-a-candidature-pour-la-session-jeunes-ambassadeurs-de-lacademie-internationale-olympique\\\/#primaryimage\"},\"image\":{\"@id\":\"https:\\\/\\\/www.sport28.fr\\\/index.php\\\/2024\\\/02\\\/08\\\/appel-a-candidature-pour-la-session-jeunes-ambassadeurs-de-lacademie-internationale-olympique\\\/#primaryimage\"},\"thumbnailUrl\":\"https:\\\/\\\/www.sport28.fr\\\/wp-content\\\/uploads\\\/2024\\\/02\\\/Appel-a-candidature-OLYMPIE-2024.jpg\",\"datePublished\":\"2024-02-08T12:24:25+00:00\",\"dateModified\":\"2024-02-08T12:29:06+00:00\",\"breadcrumb\":{\"@id\":\"https:\\\/\\\/www.sport28.fr\\\/index.php\\\/2024\\\/02\\\/08\\\/appel-a-candidature-pour-la-session-jeunes-ambassadeurs-de-lacademie-internationale-olympique\\\/#breadcrumb\"},\"inLanguage\":\"fr-FR\",\"potentialAction\":[{\"@type\":\"ReadAction\",\"target\":[\"https:\\\/\\\/www.sport28.fr\\\/index.php\\\/2024\\\/02\\\/08\\\/appel-a-candidature-pour-la-session-jeunes-ambassadeurs-de-lacademie-internationale-olympique\\\/\"]}]},{\"@type\":\"ImageObject\",\"inLanguage\":\"fr-FR\",\"@id\":\"https:\\\/\\\/www.sport28.fr\\\/index.php\\\/2024\\\/02\\\/08\\\/appel-a-candidature-pour-la-session-jeunes-ambassadeurs-de-lacademie-internationale-olympique\\\/#primaryimage\",\"url\":\"https:\\\/\\\/www.sport28.fr\\\/wp-content\\\/uploads\\\/2024\\\/02\\\/Appel-a-candidature-OLYMPIE-2024.jpg\",\"contentUrl\":\"https:\\\/\\\/www.sport28.fr\\\/wp-content\\\/uploads\\\/2024\\\/02\\\/Appel-a-candidature-OLYMPIE-2024.jpg\",\"width\":1414,\"height\":2000},{\"@type\":\"BreadcrumbList\",\"@id\":\"https:\\\/\\\/www.sport28.fr\\\/index.php\\\/2024\\\/02\\\/08\\\/appel-a-candidature-pour-la-session-jeunes-ambassadeurs-de-lacademie-internationale-olympique\\\/#breadcrumb\",\"itemListElement\":[{\"@type\":\"ListItem\",\"position\":1,\"name\":\"Accueil\",\"item\":\"https:\\\/\\\/www.sport28.fr\\\/\"},{\"@type\":\"ListItem\",\"position\":2,\"name\":\"Appel \u00e0 candidature pour la session jeunes ambassadeurs de l&rsquo;Acad\u00e9mie Internationale Olympique\"}]},{\"@type\":\"WebSite\",\"@id\":\"https:\\\/\\\/www.sport28.fr\\\/#website\",\"url\":\"https:\\\/\\\/www.sport28.fr\\\/\",\"name\":\"CDOS 28\",\"description\":\"Comit\u00e9 D\u00e9partementale Olympique et Sportif d&#039;Eure et Loir\",\"publisher\":{\"@id\":\"https:\\\/\\\/www.sport28.fr\\\/#organization\"},\"potentialAction\":[{\"@type\":\"SearchAction\",\"target\":{\"@type\":\"EntryPoint\",\"urlTemplate\":\"https:\\\/\\\/www.sport28.fr\\\/?s={search_term_string}\"},\"query-input\":{\"@type\":\"PropertyValueSpecification\",\"valueRequired\":true,\"valueName\":\"search_term_string\"}}],\"inLanguage\":\"fr-FR\"},{\"@type\":\"Organization\",\"@id\":\"https:\\\/\\\/www.sport28.fr\\\/#organization\",\"name\":\"Comit\u00e9 d\u00e9partemental olympique et sportif d'eure-et-loir\",\"alternateName\":\"cdos 28\",\"url\":\"https:\\\/\\\/www.sport28.fr\\\/\",\"logo\":{\"@type\":\"ImageObject\",\"inLanguage\":\"fr-FR\",\"@id\":\"https:\\\/\\\/www.sport28.fr\\\/#\\\/schema\\\/logo\\\/image\\\/\",\"url\":\"https:\\\/\\\/www.sport28.fr\\\/wp-content\\\/uploads\\\/2023\\\/10\\\/cdos_eure_et_loir_logo.jpg\",\"contentUrl\":\"https:\\\/\\\/www.sport28.fr\\\/wp-content\\\/uploads\\\/2023\\\/10\\\/cdos_eure_et_loir_logo.jpg\",\"width\":1000,\"height\":1000,\"caption\":\"Comit\u00e9 d\u00e9partemental olympique et sportif d'eure-et-loir\"},\"image\":{\"@id\":\"https:\\\/\\\/www.sport28.fr\\\/#\\\/schema\\\/logo\\\/image\\\/\"},\"sameAs\":[\"https:\\\/\\\/www.facebook.com\\\/CDOS28?locale=fr_FR\"]},{\"@type\":\"Person\",\"@id\":\"https:\\\/\\\/www.sport28.fr\\\/#\\\/schema\\\/person\\\/d707dc6c4cc8f7ba6a4564f87a6818a8\",\"name\":\"admin28\",\"image\":{\"@type\":\"ImageObject\",\"inLanguage\":\"fr-FR\",\"@id\":\"https:\\\/\\\/secure.gravatar.com\\\/avatar\\\/ec586f5fe487447efd44e48a32fef6a1c590e9d744f9d2c3d84ed071f1581364?s=96&d=mm&r=g\",\"url\":\"https:\\\/\\\/secure.gravatar.com\\\/avatar\\\/ec586f5fe487447efd44e48a32fef6a1c590e9d744f9d2c3d84ed071f1581364?s=96&d=mm&r=g\",\"contentUrl\":\"https:\\\/\\\/secure.gravatar.com\\\/avatar\\\/ec586f5fe487447efd44e48a32fef6a1c590e9d744f9d2c3d84ed071f1581364?s=96&d=mm&r=g\",\"caption\":\"admin28\"},\"sameAs\":[\"http:\\\/\\\/www.dev.sport28.fr\"],\"url\":\"https:\\\/\\\/www.sport28.fr\\\/index.php\\\/author\\\/admin28\\\/\"}]}<\/script>\n<!-- \/ Yoast SEO plugin. -->","yoast_head_json":{"title":"Appel \u00e0 candidature pour la session jeunes ambassadeurs de l'Acad\u00e9mie Internationale Olympique - CDOS 28","robots":{"index":"index","follow":"follow","max-snippet":"max-snippet:-1","max-image-preview":"max-image-preview:large","max-video-preview":"max-video-preview:-1"},"canonical":"https:\/\/www.sport28.fr\/index.php\/2024\/02\/08\/appel-a-candidature-pour-la-session-jeunes-ambassadeurs-de-lacademie-internationale-olympique\/","og_locale":"fr_FR","og_type":"article","og_title":"Appel \u00e0 candidature pour la session jeunes ambassadeurs de l'Acad\u00e9mie Internationale Olympique - CDOS 28","og_description":"L&rsquo;Acad\u00e9mie&nbsp;Internationale&nbsp;Olympique&nbsp;(AIO) organise \u00e0 Olympie, du 8 juin&nbsp;au&nbsp;21 juin 2024,&nbsp;la&nbsp;64\u00e8me&nbsp;Session&nbsp;Internationale&nbsp;pour&nbsp;jeunes&nbsp;ambassadeurs&nbsp;autour&nbsp;de&nbsp;la&nbsp;th\u00e9matique \u00ab L\u2019athl\u00e8te dans la soci\u00e9t\u00e9 moderne : inspirer et favoriser l\u2019unit\u00e9 \u00bb. Cette exp\u00e9rience unique\u00a0au\u00a0c\u0153ur du berceau\u00a0de\u00a0l\u2019Olympisme permettra \u00e0 chaque participant(e)\u00a0de\u00a0partager [&hellip;]","og_url":"https:\/\/www.sport28.fr\/index.php\/2024\/02\/08\/appel-a-candidature-pour-la-session-jeunes-ambassadeurs-de-lacademie-internationale-olympique\/","og_site_name":"CDOS 28","article_publisher":"https:\/\/www.facebook.com\/CDOS28?locale=fr_FR","article_published_time":"2024-02-08T12:24:25+00:00","article_modified_time":"2024-02-08T12:29:06+00:00","og_image":[{"width":1414,"height":2000,"url":"https:\/\/www.sport28.fr\/wp-content\/uploads\/2024\/02\/Appel-a-candidature-OLYMPIE-2024.jpg","type":"image\/jpeg"}],"author":"admin28","twitter_card":"summary_large_image","twitter_misc":{"\u00c9crit par":"admin28","Dur\u00e9e de lecture estim\u00e9e":"1 minute"},"schema":{"@context":"https:\/\/schema.org","@graph":[{"@type":"Article","@id":"https:\/\/www.sport28.fr\/index.php\/2024\/02\/08\/appel-a-candidature-pour-la-session-jeunes-ambassadeurs-de-lacademie-internationale-olympique\/#article","isPartOf":{"@id":"https:\/\/www.sport28.fr\/index.php\/2024\/02\/08\/appel-a-candidature-pour-la-session-jeunes-ambassadeurs-de-lacademie-internationale-olympique\/"},"author":{"name":"admin28","@id":"https:\/\/www.sport28.fr\/#\/schema\/person\/d707dc6c4cc8f7ba6a4564f87a6818a8"},"headline":"Appel \u00e0 candidature pour la session jeunes ambassadeurs de l&rsquo;Acad\u00e9mie Internationale Olympique","datePublished":"2024-02-08T12:24:25+00:00","dateModified":"2024-02-08T12:29:06+00:00","mainEntityOfPage":{"@id":"https:\/\/www.sport28.fr\/index.php\/2024\/02\/08\/appel-a-candidature-pour-la-session-jeunes-ambassadeurs-de-lacademie-internationale-olympique\/"},"wordCount":131,"publisher":{"@id":"https:\/\/www.sport28.fr\/#organization"},"image":{"@id":"https:\/\/www.sport28.fr\/index.php\/2024\/02\/08\/appel-a-candidature-pour-la-session-jeunes-ambassadeurs-de-lacademie-internationale-olympique\/#primaryimage"},"thumbnailUrl":"https:\/\/www.sport28.fr\/wp-content\/uploads\/2024\/02\/Appel-a-candidature-OLYMPIE-2024.jpg","articleSection":["Institutionnel","Paris 2024"],"inLanguage":"fr-FR"},{"@type":"WebPage","@id":"https:\/\/www.sport28.fr\/index.php\/2024\/02\/08\/appel-a-candidature-pour-la-session-jeunes-ambassadeurs-de-lacademie-internationale-olympique\/","url":"https:\/\/www.sport28.fr\/index.php\/2024\/02\/08\/appel-a-candidature-pour-la-session-jeunes-ambassadeurs-de-lacademie-internationale-olympique\/","name":"Appel \u00e0 candidature pour la session jeunes ambassadeurs de l'Acad\u00e9mie Internationale Olympique - CDOS 28","isPartOf":{"@id":"https:\/\/www.sport28.fr\/#website"},"primaryImageOfPage":{"@id":"https:\/\/www.sport28.fr\/index.php\/2024\/02\/08\/appel-a-candidature-pour-la-session-jeunes-ambassadeurs-de-lacademie-internationale-olympique\/#primaryimage"},"image":{"@id":"https:\/\/www.sport28.fr\/index.php\/2024\/02\/08\/appel-a-candidature-pour-la-session-jeunes-ambassadeurs-de-lacademie-internationale-olympique\/#primaryimage"},"thumbnailUrl":"https:\/\/www.sport28.fr\/wp-content\/uploads\/2024\/02\/Appel-a-candidature-OLYMPIE-2024.jpg","datePublished":"2024-02-08T12:24:25+00:00","dateModified":"2024-02-08T12:29:06+00:00","breadcrumb":{"@id":"https:\/\/www.sport28.fr\/index.php\/2024\/02\/08\/appel-a-candidature-pour-la-session-jeunes-ambassadeurs-de-lacademie-internationale-olympique\/#breadcrumb"},"inLanguage":"fr-FR","potentialAction":[{"@type":"ReadAction","target":["https:\/\/www.sport28.fr\/index.php\/2024\/02\/08\/appel-a-candidature-pour-la-session-jeunes-ambassadeurs-de-lacademie-internationale-olympique\/"]}]},{"@type":"ImageObject","inLanguage":"fr-FR","@id":"https:\/\/www.sport28.fr\/index.php\/2024\/02\/08\/appel-a-candidature-pour-la-session-jeunes-ambassadeurs-de-lacademie-internationale-olympique\/#primaryimage","url":"https:\/\/www.sport28.fr\/wp-content\/uploads\/2024\/02\/Appel-a-candidature-OLYMPIE-2024.jpg","contentUrl":"https:\/\/www.sport28.fr\/wp-content\/uploads\/2024\/02\/Appel-a-candidature-OLYMPIE-2024.jpg","width":1414,"height":2000},{"@type":"BreadcrumbList","@id":"https:\/\/www.sport28.fr\/index.php\/2024\/02\/08\/appel-a-candidature-pour-la-session-jeunes-ambassadeurs-de-lacademie-internationale-olympique\/#breadcrumb","itemListElement":[{"@type":"ListItem","position":1,"name":"Accueil","item":"https:\/\/www.sport28.fr\/"},{"@type":"ListItem","position":2,"name":"Appel \u00e0 candidature pour la session jeunes ambassadeurs de l&rsquo;Acad\u00e9mie Internationale Olympique"}]},{"@type":"WebSite","@id":"https:\/\/www.sport28.fr\/#website","url":"https:\/\/www.sport28.fr\/","name":"CDOS 28","description":"Comit\u00e9 D\u00e9partementale Olympique et Sportif d&#039;Eure et Loir","publisher":{"@id":"https:\/\/www.sport28.fr\/#organization"},"potentialAction":[{"@type":"SearchAction","target":{"@type":"EntryPoint","urlTemplate":"https:\/\/www.sport28.fr\/?s={search_term_string}"},"query-input":{"@type":"PropertyValueSpecification","valueRequired":true,"valueName":"search_term_string"}}],"inLanguage":"fr-FR"},{"@type":"Organization","@id":"https:\/\/www.sport28.fr\/#organization","name":"Comit\u00e9 d\u00e9partemental olympique et sportif d'eure-et-loir","alternateName":"cdos 28","url":"https:\/\/www.sport28.fr\/","logo":{"@type":"ImageObject","inLanguage":"fr-FR","@id":"https:\/\/www.sport28.fr\/#\/schema\/logo\/image\/","url":"https:\/\/www.sport28.fr\/wp-content\/uploads\/2023\/10\/cdos_eure_et_loir_logo.jpg","contentUrl":"https:\/\/www.sport28.fr\/wp-content\/uploads\/2023\/10\/cdos_eure_et_loir_logo.jpg","width":1000,"height":1000,"caption":"Comit\u00e9 d\u00e9partemental olympique et sportif d'eure-et-loir"},"image":{"@id":"https:\/\/www.sport28.fr\/#\/schema\/logo\/image\/"},"sameAs":["https:\/\/www.facebook.com\/CDOS28?locale=fr_FR"]},{"@type":"Person","@id":"https:\/\/www.sport28.fr\/#\/schema\/person\/d707dc6c4cc8f7ba6a4564f87a6818a8","name":"admin28","image":{"@type":"ImageObject","inLanguage":"fr-FR","@id":"https:\/\/secure.gravatar.com\/avatar\/ec586f5fe487447efd44e48a32fef6a1c590e9d744f9d2c3d84ed071f1581364?s=96&d=mm&r=g","url":"https:\/\/secure.gravatar.com\/avatar\/ec586f5fe487447efd44e48a32fef6a1c590e9d744f9d2c3d84ed071f1581364?s=96&d=mm&r=g","contentUrl":"https:\/\/secure.gravatar.com\/avatar\/ec586f5fe487447efd44e48a32fef6a1c590e9d744f9d2c3d84ed071f1581364?s=96&d=mm&r=g","caption":"admin28"},"sameAs":["http:\/\/www.dev.sport28.fr"],"url":"https:\/\/www.sport28.fr\/index.php\/author\/admin28\/"}]}},"_links":{"self":[{"href":"https:\/\/www.sport28.fr\/index.php\/wp-json\/wp\/v2\/posts\/2471","targetHints":{"allow":["GET"]}}],"collection":[{"href":"https:\/\/www.sport28.fr\/index.php\/wp-json\/wp\/v2\/posts"}],"about":[{"href":"https:\/\/www.sport28.fr\/index.php\/wp-json\/wp\/v2\/types\/post"}],"author":[{"embeddable":true,"href":"https:\/\/www.sport28.fr\/index.php\/wp-json\/wp\/v2\/users\/1"}],"replies":[{"embeddable":true,"href":"https:\/\/www.sport28.fr\/index.php\/wp-json\/wp\/v2\/comments?post=2471"}],"version-history":[{"count":2,"href":"https:\/\/www.sport28.fr\/index.php\/wp-json\/wp\/v2\/posts\/2471\/revisions"}],"predecessor-version":[{"id":2474,"href":"https:\/\/www.sport28.fr\/index.php\/wp-json\/wp\/v2\/posts\/2471\/revisions\/2474"}],"wp:featuredmedia":[{"embeddable":true,"href":"https:\/\/www.sport28.fr\/index.php\/wp-json\/wp\/v2\/media\/2472"}],"wp:attachment":[{"href":"https:\/\/www.sport28.fr\/index.php\/wp-json\/wp\/v2\/media?parent=2471"}],"wp:term":[{"taxonomy":"category","embeddable":true,"href":"https:\/\/www.sport28.fr\/index.php\/wp-json\/wp\/v2\/categories?post=2471"},{"taxonomy":"post_tag","embeddable":true,"href":"https:\/\/www.sport28.fr\/index.php\/wp-json\/wp\/v2\/tags?post=2471"}],"curies":[{"name":"wp","href":"https:\/\/api.w.org\/{rel}","templated":true}]}}