{"id":2463,"date":"2024-02-06T16:43:51","date_gmt":"2024-02-06T15:43:51","guid":{"rendered":"https:\/\/www.sport28.fr\/?p=2463"},"modified":"2024-02-20T11:38:46","modified_gmt":"2024-02-20T10:38:46","slug":"cap-sur-les-jop-2024","status":"publish","type":"post","link":"https:\/\/www.sport28.fr\/index.php\/2024\/02\/06\/cap-sur-les-jop-2024\/","title":{"rendered":"Conf\u00e9rence en Eure-et-Loir :  \u00a0\u00bb le projet sportif au service du parasport en Centre-Val de Loire \u00ab\u00a0"},"content":{"rendered":"\n<figure class=\"wp-block-gallery has-nested-images columns-default is-cropped wp-block-gallery-1 is-layout-flex wp-block-gallery-is-layout-flex\">\n<figure class=\"wp-block-image size-large\"><img fetchpriority=\"high\" decoding=\"async\" width=\"1024\" height=\"1024\" data-id=\"2464\" src=\"https:\/\/www.sport28.fr\/wp-content\/uploads\/2024\/02\/425761439_902792868302163_9022905210718760991_n-1024x1024.jpg\" alt=\"\" class=\"wp-image-2464\" srcset=\"https:\/\/www.sport28.fr\/wp-content\/uploads\/2024\/02\/425761439_902792868302163_9022905210718760991_n-1024x1024.jpg 1024w, https:\/\/www.sport28.fr\/wp-content\/uploads\/2024\/02\/425761439_902792868302163_9022905210718760991_n-300x300.jpg 300w, https:\/\/www.sport28.fr\/wp-content\/uploads\/2024\/02\/425761439_902792868302163_9022905210718760991_n-150x150.jpg 150w, https:\/\/www.sport28.fr\/wp-content\/uploads\/2024\/02\/425761439_902792868302163_9022905210718760991_n-768x768.jpg 768w, https:\/\/www.sport28.fr\/wp-content\/uploads\/2024\/02\/425761439_902792868302163_9022905210718760991_n.jpg 1200w\" sizes=\"(max-width: 1024px) 100vw, 1024px\" \/><\/figure>\n<\/figure>\n\n\n\n<p><img decoding=\"async\" height=\"16\" width=\"16\" alt=\"\ud83d\udce3\" src=\"https:\/\/static.xx.fbcdn.net\/images\/emoji.php\/v9\/t59\/2\/16\/1f4e3.png\">&nbsp;Cap sur les JOP 2024&nbsp;<img decoding=\"async\" height=\"16\" width=\"16\" alt=\"\ud83e\udd47\" src=\"https:\/\/static.xx.fbcdn.net\/images\/emoji.php\/v9\/t33\/2\/16\/1f947.png\"><img decoding=\"async\" height=\"16\" width=\"16\" alt=\"\ud83e\udd47\" src=\"https:\/\/static.xx.fbcdn.net\/images\/emoji.php\/v9\/t33\/2\/16\/1f947.png\"><img decoding=\"async\" height=\"16\" width=\"16\" alt=\"\ud83e\udd47\" src=\"https:\/\/static.xx.fbcdn.net\/images\/emoji.php\/v9\/t33\/2\/16\/1f947.png\">!<\/p>\n\n\n\n<p>Dans le cadre de la&nbsp;<a href=\"https:\/\/www.facebook.com\/crds.cvl?__cft__[0]=AZWWrGdfvvgt5WUH0zzC3rmEMe_UWocA5IJrIW429LkFDhcKHz5okto3KSNNUW4w61T17m-pYu48zgJd_KKaD6BSn1Gw4lBRAI9f3ob6Zjwx064jTM2HM4oQsSPuBkZQ-bbOtCci8hjkg5nvtv8-uP0PNXtepQszsdTTNqjn3UTcIjjgA1axVbjr7dyJTBxqSwo&amp;__tn__=-]K*F\">Conf\u00e9rence R\u00e9gionale du Sport Centre-Val de Loire<\/a>&nbsp;, la prochaine conf\u00e9rence du cycle aura lieu en Eure-et-Loir et aura pour th\u00e8me \u00ab\u00a0Le projet sportif au service du parasport en Centre-Val de Loire !\u00a0\u00bb.<\/p>\n\n\n\n<p><img loading=\"lazy\" decoding=\"async\" height=\"16\" width=\"16\" alt=\"\ud83d\udd0d\" src=\"https:\/\/static.xx.fbcdn.net\/images\/emoji.php\/v9\/t60\/2\/16\/1f50d.png\">&nbsp;Lors de cette soir\u00e9e, nous nous int\u00e9resserons aux moyens pour densifier l&rsquo;offre de pratique de proximit\u00e9 pour les personnes en situation de handicap mais aussi aux solutions pour inscrire la pratique parasportive dans le projet de vie de chacun. Nous aurons pour cela la chance et le plaisir d&rsquo;accueillir&nbsp;<a href=\"https:\/\/www.facebook.com\/marieamelie.lefur?__cft__[0]=AZWWrGdfvvgt5WUH0zzC3rmEMe_UWocA5IJrIW429LkFDhcKHz5okto3KSNNUW4w61T17m-pYu48zgJd_KKaD6BSn1Gw4lBRAI9f3ob6Zjwx064jTM2HM4oQsSPuBkZQ-bbOtCci8hjkg5nvtv8-uP0PNXtepQszsdTTNqjn3UTcIjjgA1axVbjr7dyJTBxqSwo&amp;__tn__=-]K*F\">Marie Am\u00e9lie Le Fur<\/a>&nbsp;, la pr\u00e9sidente du Comit\u00e9 Paralympique et Sportif Fran\u00e7ais&nbsp;<img loading=\"lazy\" decoding=\"async\" height=\"16\" width=\"16\" alt=\"\ud83c\udfc3\u200d\u2640\ufe0f\" src=\"https:\/\/static.xx.fbcdn.net\/images\/emoji.php\/v9\/t88\/2\/16\/1f3c3_200d_2640.png\"><img decoding=\"async\" height=\"16\" width=\"16\" alt=\"\ud83e\udd47\" src=\"https:\/\/static.xx.fbcdn.net\/images\/emoji.php\/v9\/t33\/2\/16\/1f947.png\"><img loading=\"lazy\" decoding=\"async\" height=\"16\" width=\"16\" alt=\"\ud83c\uddeb\ud83c\uddf7\" src=\"https:\/\/static.xx.fbcdn.net\/images\/emoji.php\/v9\/td3\/2\/16\/1f1eb_1f1f7.png\"><img loading=\"lazy\" decoding=\"async\" height=\"16\" width=\"16\" alt=\"\ud83e\uddbf\" src=\"https:\/\/static.xx.fbcdn.net\/images\/emoji.php\/v9\/t74\/2\/16\/1f9bf.png\">!<\/p>\n\n\n\n<p><img loading=\"lazy\" decoding=\"async\" height=\"16\" width=\"16\" alt=\"\ud83d\uddd3\" src=\"https:\/\/static.xx.fbcdn.net\/images\/emoji.php\/v9\/tfb\/2\/16\/1f5d3.png\">&nbsp;Rendez-vous le 21 f\u00e9vrier \u00e0 18h, \u00e0 l&rsquo;Eure-et-Loir Campus \u00e0 Chartres. Inscription gratuite sur&nbsp;<img loading=\"lazy\" decoding=\"async\" height=\"16\" width=\"16\" alt=\"\ud83d\udc47\" src=\"https:\/\/static.xx.fbcdn.net\/images\/emoji.php\/v9\/tee\/2\/16\/1f447.png\"><a href=\"https:\/\/conference-parasport-28.eventbrite.fr\/?fbclid=IwAR3vKfy71B-Cf-G-15sZPh6LaSR5WGER5BlmPFuo0X2hKKQYeNSe8XzQicg\" rel=\"noreferrer noopener\" target=\"_blank\">https:\/\/conference-parasport-28.eventbrite.fr<\/a><\/p>\n","protected":false},"excerpt":{"rendered":"<p>&nbsp;Cap sur les JOP 2024&nbsp;! Dans le cadre de la&nbsp;Conf\u00e9rence R\u00e9gionale du Sport Centre-Val de Loire&nbsp;, la prochaine conf\u00e9rence du cycle aura lieu en Eure-et-Loir et aura pour th\u00e8me \u00ab\u00a0Le [&hellip;]<\/p>\n","protected":false},"author":1,"featured_media":2464,"comment_status":"closed","ping_status":"open","sticky":false,"template":"","format":"standard","meta":{"footnotes":""},"categories":[32,33],"tags":[],"class_list":["post-2463","post","type-post","status-publish","format-standard","has-post-thumbnail","hentry","category-institutionnel","category-paris-2024"],"yoast_head":"<!-- This site is optimized with the Yoast SEO plugin v27.5 - https:\/\/yoast.com\/product\/yoast-seo-wordpress\/ -->\n<title>Conf\u00e9rence en Eure-et-Loir : &quot; le projet sportif au service du parasport en Centre-Val de Loire &quot; - CDOS 28<\/title>\n<meta name=\"robots\" content=\"index, follow, max-snippet:-1, max-image-preview:large, max-video-preview:-1\" \/>\n<link rel=\"canonical\" href=\"https:\/\/www.sport28.fr\/index.php\/2024\/02\/06\/cap-sur-les-jop-2024\/\" \/>\n<meta property=\"og:locale\" content=\"fr_FR\" \/>\n<meta property=\"og:type\" content=\"article\" \/>\n<meta property=\"og:title\" content=\"Conf\u00e9rence en Eure-et-Loir : &quot; le projet sportif au service du parasport en Centre-Val de Loire &quot; - CDOS 28\" \/>\n<meta property=\"og:description\" content=\"&nbsp;Cap sur les JOP 2024&nbsp;! Dans le cadre de la&nbsp;Conf\u00e9rence R\u00e9gionale du Sport Centre-Val de Loire&nbsp;, la prochaine conf\u00e9rence du cycle aura lieu en Eure-et-Loir et aura pour th\u00e8me \u00ab\u00a0Le [&hellip;]\" \/>\n<meta property=\"og:url\" content=\"https:\/\/www.sport28.fr\/index.php\/2024\/02\/06\/cap-sur-les-jop-2024\/\" \/>\n<meta property=\"og:site_name\" content=\"CDOS 28\" \/>\n<meta property=\"article:publisher\" content=\"https:\/\/www.facebook.com\/CDOS28?locale=fr_FR\" \/>\n<meta property=\"article:published_time\" content=\"2024-02-06T15:43:51+00:00\" \/>\n<meta property=\"article:modified_time\" content=\"2024-02-20T10:38:46+00:00\" \/>\n<meta property=\"og:image\" content=\"https:\/\/www.sport28.fr\/wp-content\/uploads\/2024\/02\/425761439_902792868302163_9022905210718760991_n.jpg\" \/>\n\t<meta property=\"og:image:width\" content=\"1200\" \/>\n\t<meta property=\"og:image:height\" content=\"1200\" \/>\n\t<meta property=\"og:image:type\" content=\"image\/jpeg\" \/>\n<meta name=\"author\" content=\"admin28\" \/>\n<meta name=\"twitter:card\" content=\"summary_large_image\" \/>\n<meta name=\"twitter:label1\" content=\"\u00c9crit par\" \/>\n\t<meta name=\"twitter:data1\" content=\"admin28\" \/>\n\t<meta name=\"twitter:label2\" content=\"Dur\u00e9e de lecture estim\u00e9e\" \/>\n\t<meta name=\"twitter:data2\" content=\"4 minutes\" \/>\n<script type=\"application\/ld+json\" class=\"yoast-schema-graph\">{\"@context\":\"https:\\\/\\\/schema.org\",\"@graph\":[{\"@type\":\"Article\",\"@id\":\"https:\\\/\\\/www.sport28.fr\\\/index.php\\\/2024\\\/02\\\/06\\\/cap-sur-les-jop-2024\\\/#article\",\"isPartOf\":{\"@id\":\"https:\\\/\\\/www.sport28.fr\\\/index.php\\\/2024\\\/02\\\/06\\\/cap-sur-les-jop-2024\\\/\"},\"author\":{\"name\":\"admin28\",\"@id\":\"https:\\\/\\\/www.sport28.fr\\\/#\\\/schema\\\/person\\\/d707dc6c4cc8f7ba6a4564f87a6818a8\"},\"headline\":\"Conf\u00e9rence en Eure-et-Loir : \u00a0\u00bb le projet sportif au service du parasport en Centre-Val de Loire \u00ab\u00a0\",\"datePublished\":\"2024-02-06T15:43:51+00:00\",\"dateModified\":\"2024-02-20T10:38:46+00:00\",\"mainEntityOfPage\":{\"@id\":\"https:\\\/\\\/www.sport28.fr\\\/index.php\\\/2024\\\/02\\\/06\\\/cap-sur-les-jop-2024\\\/\"},\"wordCount\":150,\"publisher\":{\"@id\":\"https:\\\/\\\/www.sport28.fr\\\/#organization\"},\"image\":{\"@id\":\"https:\\\/\\\/www.sport28.fr\\\/index.php\\\/2024\\\/02\\\/06\\\/cap-sur-les-jop-2024\\\/#primaryimage\"},\"thumbnailUrl\":\"https:\\\/\\\/www.sport28.fr\\\/wp-content\\\/uploads\\\/2024\\\/02\\\/425761439_902792868302163_9022905210718760991_n.jpg\",\"articleSection\":[\"Institutionnel\",\"Paris 2024\"],\"inLanguage\":\"fr-FR\"},{\"@type\":\"WebPage\",\"@id\":\"https:\\\/\\\/www.sport28.fr\\\/index.php\\\/2024\\\/02\\\/06\\\/cap-sur-les-jop-2024\\\/\",\"url\":\"https:\\\/\\\/www.sport28.fr\\\/index.php\\\/2024\\\/02\\\/06\\\/cap-sur-les-jop-2024\\\/\",\"name\":\"Conf\u00e9rence en Eure-et-Loir : \\\" le projet sportif au service du parasport en Centre-Val de Loire \\\" - CDOS 28\",\"isPartOf\":{\"@id\":\"https:\\\/\\\/www.sport28.fr\\\/#website\"},\"primaryImageOfPage\":{\"@id\":\"https:\\\/\\\/www.sport28.fr\\\/index.php\\\/2024\\\/02\\\/06\\\/cap-sur-les-jop-2024\\\/#primaryimage\"},\"image\":{\"@id\":\"https:\\\/\\\/www.sport28.fr\\\/index.php\\\/2024\\\/02\\\/06\\\/cap-sur-les-jop-2024\\\/#primaryimage\"},\"thumbnailUrl\":\"https:\\\/\\\/www.sport28.fr\\\/wp-content\\\/uploads\\\/2024\\\/02\\\/425761439_902792868302163_9022905210718760991_n.jpg\",\"datePublished\":\"2024-02-06T15:43:51+00:00\",\"dateModified\":\"2024-02-20T10:38:46+00:00\",\"breadcrumb\":{\"@id\":\"https:\\\/\\\/www.sport28.fr\\\/index.php\\\/2024\\\/02\\\/06\\\/cap-sur-les-jop-2024\\\/#breadcrumb\"},\"inLanguage\":\"fr-FR\",\"potentialAction\":[{\"@type\":\"ReadAction\",\"target\":[\"https:\\\/\\\/www.sport28.fr\\\/index.php\\\/2024\\\/02\\\/06\\\/cap-sur-les-jop-2024\\\/\"]}]},{\"@type\":\"ImageObject\",\"inLanguage\":\"fr-FR\",\"@id\":\"https:\\\/\\\/www.sport28.fr\\\/index.php\\\/2024\\\/02\\\/06\\\/cap-sur-les-jop-2024\\\/#primaryimage\",\"url\":\"https:\\\/\\\/www.sport28.fr\\\/wp-content\\\/uploads\\\/2024\\\/02\\\/425761439_902792868302163_9022905210718760991_n.jpg\",\"contentUrl\":\"https:\\\/\\\/www.sport28.fr\\\/wp-content\\\/uploads\\\/2024\\\/02\\\/425761439_902792868302163_9022905210718760991_n.jpg\",\"width\":1200,\"height\":1200},{\"@type\":\"BreadcrumbList\",\"@id\":\"https:\\\/\\\/www.sport28.fr\\\/index.php\\\/2024\\\/02\\\/06\\\/cap-sur-les-jop-2024\\\/#breadcrumb\",\"itemListElement\":[{\"@type\":\"ListItem\",\"position\":1,\"name\":\"Accueil\",\"item\":\"https:\\\/\\\/www.sport28.fr\\\/\"},{\"@type\":\"ListItem\",\"position\":2,\"name\":\"Conf\u00e9rence en Eure-et-Loir : &#8221; le projet sportif au service du parasport en Centre-Val de Loire &#8220;\"}]},{\"@type\":\"WebSite\",\"@id\":\"https:\\\/\\\/www.sport28.fr\\\/#website\",\"url\":\"https:\\\/\\\/www.sport28.fr\\\/\",\"name\":\"CDOS 28\",\"description\":\"Comit\u00e9 D\u00e9partementale Olympique et Sportif d&#039;Eure et Loir\",\"publisher\":{\"@id\":\"https:\\\/\\\/www.sport28.fr\\\/#organization\"},\"potentialAction\":[{\"@type\":\"SearchAction\",\"target\":{\"@type\":\"EntryPoint\",\"urlTemplate\":\"https:\\\/\\\/www.sport28.fr\\\/?s={search_term_string}\"},\"query-input\":{\"@type\":\"PropertyValueSpecification\",\"valueRequired\":true,\"valueName\":\"search_term_string\"}}],\"inLanguage\":\"fr-FR\"},{\"@type\":\"Organization\",\"@id\":\"https:\\\/\\\/www.sport28.fr\\\/#organization\",\"name\":\"Comit\u00e9 d\u00e9partemental olympique et sportif d'eure-et-loir\",\"alternateName\":\"cdos 28\",\"url\":\"https:\\\/\\\/www.sport28.fr\\\/\",\"logo\":{\"@type\":\"ImageObject\",\"inLanguage\":\"fr-FR\",\"@id\":\"https:\\\/\\\/www.sport28.fr\\\/#\\\/schema\\\/logo\\\/image\\\/\",\"url\":\"https:\\\/\\\/www.sport28.fr\\\/wp-content\\\/uploads\\\/2023\\\/10\\\/cdos_eure_et_loir_logo.jpg\",\"contentUrl\":\"https:\\\/\\\/www.sport28.fr\\\/wp-content\\\/uploads\\\/2023\\\/10\\\/cdos_eure_et_loir_logo.jpg\",\"width\":1000,\"height\":1000,\"caption\":\"Comit\u00e9 d\u00e9partemental olympique et sportif d'eure-et-loir\"},\"image\":{\"@id\":\"https:\\\/\\\/www.sport28.fr\\\/#\\\/schema\\\/logo\\\/image\\\/\"},\"sameAs\":[\"https:\\\/\\\/www.facebook.com\\\/CDOS28?locale=fr_FR\"]},{\"@type\":\"Person\",\"@id\":\"https:\\\/\\\/www.sport28.fr\\\/#\\\/schema\\\/person\\\/d707dc6c4cc8f7ba6a4564f87a6818a8\",\"name\":\"admin28\",\"image\":{\"@type\":\"ImageObject\",\"inLanguage\":\"fr-FR\",\"@id\":\"https:\\\/\\\/secure.gravatar.com\\\/avatar\\\/ec586f5fe487447efd44e48a32fef6a1c590e9d744f9d2c3d84ed071f1581364?s=96&d=mm&r=g\",\"url\":\"https:\\\/\\\/secure.gravatar.com\\\/avatar\\\/ec586f5fe487447efd44e48a32fef6a1c590e9d744f9d2c3d84ed071f1581364?s=96&d=mm&r=g\",\"contentUrl\":\"https:\\\/\\\/secure.gravatar.com\\\/avatar\\\/ec586f5fe487447efd44e48a32fef6a1c590e9d744f9d2c3d84ed071f1581364?s=96&d=mm&r=g\",\"caption\":\"admin28\"},\"sameAs\":[\"http:\\\/\\\/www.dev.sport28.fr\"],\"url\":\"https:\\\/\\\/www.sport28.fr\\\/index.php\\\/author\\\/admin28\\\/\"}]}<\/script>\n<!-- \/ Yoast SEO plugin. -->","yoast_head_json":{"title":"Conf\u00e9rence en Eure-et-Loir : \" le projet sportif au service du parasport en Centre-Val de Loire \" - CDOS 28","robots":{"index":"index","follow":"follow","max-snippet":"max-snippet:-1","max-image-preview":"max-image-preview:large","max-video-preview":"max-video-preview:-1"},"canonical":"https:\/\/www.sport28.fr\/index.php\/2024\/02\/06\/cap-sur-les-jop-2024\/","og_locale":"fr_FR","og_type":"article","og_title":"Conf\u00e9rence en Eure-et-Loir : \" le projet sportif au service du parasport en Centre-Val de Loire \" - CDOS 28","og_description":"&nbsp;Cap sur les JOP 2024&nbsp;! Dans le cadre de la&nbsp;Conf\u00e9rence R\u00e9gionale du Sport Centre-Val de Loire&nbsp;, la prochaine conf\u00e9rence du cycle aura lieu en Eure-et-Loir et aura pour th\u00e8me \u00ab\u00a0Le [&hellip;]","og_url":"https:\/\/www.sport28.fr\/index.php\/2024\/02\/06\/cap-sur-les-jop-2024\/","og_site_name":"CDOS 28","article_publisher":"https:\/\/www.facebook.com\/CDOS28?locale=fr_FR","article_published_time":"2024-02-06T15:43:51+00:00","article_modified_time":"2024-02-20T10:38:46+00:00","og_image":[{"width":1200,"height":1200,"url":"https:\/\/www.sport28.fr\/wp-content\/uploads\/2024\/02\/425761439_902792868302163_9022905210718760991_n.jpg","type":"image\/jpeg"}],"author":"admin28","twitter_card":"summary_large_image","twitter_misc":{"\u00c9crit par":"admin28","Dur\u00e9e de lecture estim\u00e9e":"4 minutes"},"schema":{"@context":"https:\/\/schema.org","@graph":[{"@type":"Article","@id":"https:\/\/www.sport28.fr\/index.php\/2024\/02\/06\/cap-sur-les-jop-2024\/#article","isPartOf":{"@id":"https:\/\/www.sport28.fr\/index.php\/2024\/02\/06\/cap-sur-les-jop-2024\/"},"author":{"name":"admin28","@id":"https:\/\/www.sport28.fr\/#\/schema\/person\/d707dc6c4cc8f7ba6a4564f87a6818a8"},"headline":"Conf\u00e9rence en Eure-et-Loir : \u00a0\u00bb le projet sportif au service du parasport en Centre-Val de Loire \u00ab\u00a0","datePublished":"2024-02-06T15:43:51+00:00","dateModified":"2024-02-20T10:38:46+00:00","mainEntityOfPage":{"@id":"https:\/\/www.sport28.fr\/index.php\/2024\/02\/06\/cap-sur-les-jop-2024\/"},"wordCount":150,"publisher":{"@id":"https:\/\/www.sport28.fr\/#organization"},"image":{"@id":"https:\/\/www.sport28.fr\/index.php\/2024\/02\/06\/cap-sur-les-jop-2024\/#primaryimage"},"thumbnailUrl":"https:\/\/www.sport28.fr\/wp-content\/uploads\/2024\/02\/425761439_902792868302163_9022905210718760991_n.jpg","articleSection":["Institutionnel","Paris 2024"],"inLanguage":"fr-FR"},{"@type":"WebPage","@id":"https:\/\/www.sport28.fr\/index.php\/2024\/02\/06\/cap-sur-les-jop-2024\/","url":"https:\/\/www.sport28.fr\/index.php\/2024\/02\/06\/cap-sur-les-jop-2024\/","name":"Conf\u00e9rence en Eure-et-Loir : \" le projet sportif au service du parasport en Centre-Val de Loire \" - CDOS 28","isPartOf":{"@id":"https:\/\/www.sport28.fr\/#website"},"primaryImageOfPage":{"@id":"https:\/\/www.sport28.fr\/index.php\/2024\/02\/06\/cap-sur-les-jop-2024\/#primaryimage"},"image":{"@id":"https:\/\/www.sport28.fr\/index.php\/2024\/02\/06\/cap-sur-les-jop-2024\/#primaryimage"},"thumbnailUrl":"https:\/\/www.sport28.fr\/wp-content\/uploads\/2024\/02\/425761439_902792868302163_9022905210718760991_n.jpg","datePublished":"2024-02-06T15:43:51+00:00","dateModified":"2024-02-20T10:38:46+00:00","breadcrumb":{"@id":"https:\/\/www.sport28.fr\/index.php\/2024\/02\/06\/cap-sur-les-jop-2024\/#breadcrumb"},"inLanguage":"fr-FR","potentialAction":[{"@type":"ReadAction","target":["https:\/\/www.sport28.fr\/index.php\/2024\/02\/06\/cap-sur-les-jop-2024\/"]}]},{"@type":"ImageObject","inLanguage":"fr-FR","@id":"https:\/\/www.sport28.fr\/index.php\/2024\/02\/06\/cap-sur-les-jop-2024\/#primaryimage","url":"https:\/\/www.sport28.fr\/wp-content\/uploads\/2024\/02\/425761439_902792868302163_9022905210718760991_n.jpg","contentUrl":"https:\/\/www.sport28.fr\/wp-content\/uploads\/2024\/02\/425761439_902792868302163_9022905210718760991_n.jpg","width":1200,"height":1200},{"@type":"BreadcrumbList","@id":"https:\/\/www.sport28.fr\/index.php\/2024\/02\/06\/cap-sur-les-jop-2024\/#breadcrumb","itemListElement":[{"@type":"ListItem","position":1,"name":"Accueil","item":"https:\/\/www.sport28.fr\/"},{"@type":"ListItem","position":2,"name":"Conf\u00e9rence en Eure-et-Loir : &#8221; le projet sportif au service du parasport en Centre-Val de Loire &#8220;"}]},{"@type":"WebSite","@id":"https:\/\/www.sport28.fr\/#website","url":"https:\/\/www.sport28.fr\/","name":"CDOS 28","description":"Comit\u00e9 D\u00e9partementale Olympique et Sportif d&#039;Eure et Loir","publisher":{"@id":"https:\/\/www.sport28.fr\/#organization"},"potentialAction":[{"@type":"SearchAction","target":{"@type":"EntryPoint","urlTemplate":"https:\/\/www.sport28.fr\/?s={search_term_string}"},"query-input":{"@type":"PropertyValueSpecification","valueRequired":true,"valueName":"search_term_string"}}],"inLanguage":"fr-FR"},{"@type":"Organization","@id":"https:\/\/www.sport28.fr\/#organization","name":"Comit\u00e9 d\u00e9partemental olympique et sportif d'eure-et-loir","alternateName":"cdos 28","url":"https:\/\/www.sport28.fr\/","logo":{"@type":"ImageObject","inLanguage":"fr-FR","@id":"https:\/\/www.sport28.fr\/#\/schema\/logo\/image\/","url":"https:\/\/www.sport28.fr\/wp-content\/uploads\/2023\/10\/cdos_eure_et_loir_logo.jpg","contentUrl":"https:\/\/www.sport28.fr\/wp-content\/uploads\/2023\/10\/cdos_eure_et_loir_logo.jpg","width":1000,"height":1000,"caption":"Comit\u00e9 d\u00e9partemental olympique et sportif d'eure-et-loir"},"image":{"@id":"https:\/\/www.sport28.fr\/#\/schema\/logo\/image\/"},"sameAs":["https:\/\/www.facebook.com\/CDOS28?locale=fr_FR"]},{"@type":"Person","@id":"https:\/\/www.sport28.fr\/#\/schema\/person\/d707dc6c4cc8f7ba6a4564f87a6818a8","name":"admin28","image":{"@type":"ImageObject","inLanguage":"fr-FR","@id":"https:\/\/secure.gravatar.com\/avatar\/ec586f5fe487447efd44e48a32fef6a1c590e9d744f9d2c3d84ed071f1581364?s=96&d=mm&r=g","url":"https:\/\/secure.gravatar.com\/avatar\/ec586f5fe487447efd44e48a32fef6a1c590e9d744f9d2c3d84ed071f1581364?s=96&d=mm&r=g","contentUrl":"https:\/\/secure.gravatar.com\/avatar\/ec586f5fe487447efd44e48a32fef6a1c590e9d744f9d2c3d84ed071f1581364?s=96&d=mm&r=g","caption":"admin28"},"sameAs":["http:\/\/www.dev.sport28.fr"],"url":"https:\/\/www.sport28.fr\/index.php\/author\/admin28\/"}]}},"_links":{"self":[{"href":"https:\/\/www.sport28.fr\/index.php\/wp-json\/wp\/v2\/posts\/2463","targetHints":{"allow":["GET"]}}],"collection":[{"href":"https:\/\/www.sport28.fr\/index.php\/wp-json\/wp\/v2\/posts"}],"about":[{"href":"https:\/\/www.sport28.fr\/index.php\/wp-json\/wp\/v2\/types\/post"}],"author":[{"embeddable":true,"href":"https:\/\/www.sport28.fr\/index.php\/wp-json\/wp\/v2\/users\/1"}],"replies":[{"embeddable":true,"href":"https:\/\/www.sport28.fr\/index.php\/wp-json\/wp\/v2\/comments?post=2463"}],"version-history":[{"count":2,"href":"https:\/\/www.sport28.fr\/index.php\/wp-json\/wp\/v2\/posts\/2463\/revisions"}],"predecessor-version":[{"id":2582,"href":"https:\/\/www.sport28.fr\/index.php\/wp-json\/wp\/v2\/posts\/2463\/revisions\/2582"}],"wp:featuredmedia":[{"embeddable":true,"href":"https:\/\/www.sport28.fr\/index.php\/wp-json\/wp\/v2\/media\/2464"}],"wp:attachment":[{"href":"https:\/\/www.sport28.fr\/index.php\/wp-json\/wp\/v2\/media?parent=2463"}],"wp:term":[{"taxonomy":"category","embeddable":true,"href":"https:\/\/www.sport28.fr\/index.php\/wp-json\/wp\/v2\/categories?post=2463"},{"taxonomy":"post_tag","embeddable":true,"href":"https:\/\/www.sport28.fr\/index.php\/wp-json\/wp\/v2\/tags?post=2463"}],"curies":[{"name":"wp","href":"https:\/\/api.w.org\/{rel}","templated":true}]}}