{"id":2455,"date":"2024-01-29T10:54:46","date_gmt":"2024-01-29T09:54:46","guid":{"rendered":"https:\/\/www.sport28.fr\/?p=2455"},"modified":"2024-01-29T10:54:50","modified_gmt":"2024-01-29T09:54:50","slug":"remise-de-recompenses-par-le-president-du-cros-centre-val-de-loire","status":"publish","type":"post","link":"https:\/\/www.sport28.fr\/index.php\/2024\/01\/29\/remise-de-recompenses-par-le-president-du-cros-centre-val-de-loire\/","title":{"rendered":"Remise de R\u00e9compenses par le Pr\u00e9sident du CROS Centre-Val de Loire"},"content":{"rendered":"\n<figure class=\"wp-block-gallery has-nested-images columns-default is-cropped wp-block-gallery-1 is-layout-flex wp-block-gallery-is-layout-flex\">\n<figure class=\"wp-block-image size-large\"><img fetchpriority=\"high\" decoding=\"async\" width=\"1024\" height=\"768\" data-id=\"2456\" src=\"https:\/\/www.sport28.fr\/wp-content\/uploads\/2024\/01\/20240125_201349-1024x768.jpg\" alt=\"\" class=\"wp-image-2456\" srcset=\"https:\/\/www.sport28.fr\/wp-content\/uploads\/2024\/01\/20240125_201349-1024x768.jpg 1024w, https:\/\/www.sport28.fr\/wp-content\/uploads\/2024\/01\/20240125_201349-300x225.jpg 300w, https:\/\/www.sport28.fr\/wp-content\/uploads\/2024\/01\/20240125_201349-768x576.jpg 768w, https:\/\/www.sport28.fr\/wp-content\/uploads\/2024\/01\/20240125_201349-1536x1152.jpg 1536w, https:\/\/www.sport28.fr\/wp-content\/uploads\/2024\/01\/20240125_201349-2048x1536.jpg 2048w\" sizes=\"(max-width: 1024px) 100vw, 1024px\" \/><\/figure>\n<\/figure>\n\n\n\n<p>Jean-Louis Desnoues, pr\u00e9sident du Comit\u00e9 R\u00e9gional Olympique et Sportif (CROS) Centre-Val de Loire, a remis des r\u00e9compenses \u00e0 deux apn\u00e9istes eur\u00e9liens lors d&rsquo;une r\u00e9cente c\u00e9r\u00e9monie.<\/p>\n\n\n\n<p> La photo ci-jointe capture ce moment sp\u00e9cial, mettant en lumi\u00e8re les performances exceptionnelles de nos athl\u00e8tes.<\/p>\n\n\n\n<p>F\u00e9licitations \u00e0 nos apn\u00e9istes pour cette reconnaissance m\u00e9rit\u00e9e !<\/p>\n","protected":false},"excerpt":{"rendered":"<p>Jean-Louis Desnoues, pr\u00e9sident du Comit\u00e9 R\u00e9gional Olympique et Sportif (CROS) Centre-Val de Loire, a remis des r\u00e9compenses \u00e0 deux apn\u00e9istes eur\u00e9liens lors d&rsquo;une r\u00e9cente c\u00e9r\u00e9monie. La photo ci-jointe capture ce [&hellip;]<\/p>\n","protected":false},"author":1,"featured_media":2456,"comment_status":"closed","ping_status":"open","sticky":false,"template":"","format":"standard","meta":{"footnotes":""},"categories":[29],"tags":[],"class_list":["post-2455","post","type-post","status-publish","format-standard","has-post-thumbnail","hentry","category-sport-education-et-citoyennete"],"yoast_head":"<!-- This site is optimized with the Yoast SEO plugin v27.5 - https:\/\/yoast.com\/product\/yoast-seo-wordpress\/ -->\n<title>Remise de R\u00e9compenses par le Pr\u00e9sident du CROS Centre-Val de Loire - CDOS 28<\/title>\n<meta name=\"robots\" content=\"index, follow, max-snippet:-1, max-image-preview:large, max-video-preview:-1\" \/>\n<link rel=\"canonical\" href=\"https:\/\/www.sport28.fr\/index.php\/2024\/01\/29\/remise-de-recompenses-par-le-president-du-cros-centre-val-de-loire\/\" \/>\n<meta property=\"og:locale\" content=\"fr_FR\" \/>\n<meta property=\"og:type\" content=\"article\" \/>\n<meta property=\"og:title\" content=\"Remise de R\u00e9compenses par le Pr\u00e9sident du CROS Centre-Val de Loire - CDOS 28\" \/>\n<meta property=\"og:description\" content=\"Jean-Louis Desnoues, pr\u00e9sident du Comit\u00e9 R\u00e9gional Olympique et Sportif (CROS) Centre-Val de Loire, a remis des r\u00e9compenses \u00e0 deux apn\u00e9istes eur\u00e9liens lors d&rsquo;une r\u00e9cente c\u00e9r\u00e9monie. La photo ci-jointe capture ce [&hellip;]\" \/>\n<meta property=\"og:url\" content=\"https:\/\/www.sport28.fr\/index.php\/2024\/01\/29\/remise-de-recompenses-par-le-president-du-cros-centre-val-de-loire\/\" \/>\n<meta property=\"og:site_name\" content=\"CDOS 28\" \/>\n<meta property=\"article:publisher\" content=\"https:\/\/www.facebook.com\/CDOS28?locale=fr_FR\" \/>\n<meta property=\"article:published_time\" content=\"2024-01-29T09:54:46+00:00\" \/>\n<meta property=\"article:modified_time\" content=\"2024-01-29T09:54:50+00:00\" \/>\n<meta property=\"og:image\" content=\"https:\/\/www.sport28.fr\/wp-content\/uploads\/2024\/01\/20240125_201349-scaled.jpg\" \/>\n\t<meta property=\"og:image:width\" content=\"2560\" \/>\n\t<meta property=\"og:image:height\" content=\"1920\" \/>\n\t<meta property=\"og:image:type\" content=\"image\/jpeg\" \/>\n<meta name=\"author\" content=\"admin28\" \/>\n<meta name=\"twitter:card\" content=\"summary_large_image\" \/>\n<meta name=\"twitter:label1\" content=\"\u00c9crit par\" \/>\n\t<meta name=\"twitter:data1\" content=\"admin28\" \/>\n\t<meta name=\"twitter:label2\" content=\"Dur\u00e9e de lecture estim\u00e9e\" \/>\n\t<meta name=\"twitter:data2\" content=\"1 minute\" \/>\n<script type=\"application\/ld+json\" class=\"yoast-schema-graph\">{\"@context\":\"https:\\\/\\\/schema.org\",\"@graph\":[{\"@type\":\"Article\",\"@id\":\"https:\\\/\\\/www.sport28.fr\\\/index.php\\\/2024\\\/01\\\/29\\\/remise-de-recompenses-par-le-president-du-cros-centre-val-de-loire\\\/#article\",\"isPartOf\":{\"@id\":\"https:\\\/\\\/www.sport28.fr\\\/index.php\\\/2024\\\/01\\\/29\\\/remise-de-recompenses-par-le-president-du-cros-centre-val-de-loire\\\/\"},\"author\":{\"name\":\"admin28\",\"@id\":\"https:\\\/\\\/www.sport28.fr\\\/#\\\/schema\\\/person\\\/d707dc6c4cc8f7ba6a4564f87a6818a8\"},\"headline\":\"Remise de R\u00e9compenses par le Pr\u00e9sident du CROS Centre-Val de Loire\",\"datePublished\":\"2024-01-29T09:54:46+00:00\",\"dateModified\":\"2024-01-29T09:54:50+00:00\",\"mainEntityOfPage\":{\"@id\":\"https:\\\/\\\/www.sport28.fr\\\/index.php\\\/2024\\\/01\\\/29\\\/remise-de-recompenses-par-le-president-du-cros-centre-val-de-loire\\\/\"},\"wordCount\":75,\"publisher\":{\"@id\":\"https:\\\/\\\/www.sport28.fr\\\/#organization\"},\"image\":{\"@id\":\"https:\\\/\\\/www.sport28.fr\\\/index.php\\\/2024\\\/01\\\/29\\\/remise-de-recompenses-par-le-president-du-cros-centre-val-de-loire\\\/#primaryimage\"},\"thumbnailUrl\":\"https:\\\/\\\/www.sport28.fr\\\/wp-content\\\/uploads\\\/2024\\\/01\\\/20240125_201349-scaled.jpg\",\"articleSection\":[\"Sport, \u00e9ducation et citoyennet\u00e9\"],\"inLanguage\":\"fr-FR\"},{\"@type\":\"WebPage\",\"@id\":\"https:\\\/\\\/www.sport28.fr\\\/index.php\\\/2024\\\/01\\\/29\\\/remise-de-recompenses-par-le-president-du-cros-centre-val-de-loire\\\/\",\"url\":\"https:\\\/\\\/www.sport28.fr\\\/index.php\\\/2024\\\/01\\\/29\\\/remise-de-recompenses-par-le-president-du-cros-centre-val-de-loire\\\/\",\"name\":\"Remise de R\u00e9compenses par le Pr\u00e9sident du CROS Centre-Val de Loire - CDOS 28\",\"isPartOf\":{\"@id\":\"https:\\\/\\\/www.sport28.fr\\\/#website\"},\"primaryImageOfPage\":{\"@id\":\"https:\\\/\\\/www.sport28.fr\\\/index.php\\\/2024\\\/01\\\/29\\\/remise-de-recompenses-par-le-president-du-cros-centre-val-de-loire\\\/#primaryimage\"},\"image\":{\"@id\":\"https:\\\/\\\/www.sport28.fr\\\/index.php\\\/2024\\\/01\\\/29\\\/remise-de-recompenses-par-le-president-du-cros-centre-val-de-loire\\\/#primaryimage\"},\"thumbnailUrl\":\"https:\\\/\\\/www.sport28.fr\\\/wp-content\\\/uploads\\\/2024\\\/01\\\/20240125_201349-scaled.jpg\",\"datePublished\":\"2024-01-29T09:54:46+00:00\",\"dateModified\":\"2024-01-29T09:54:50+00:00\",\"breadcrumb\":{\"@id\":\"https:\\\/\\\/www.sport28.fr\\\/index.php\\\/2024\\\/01\\\/29\\\/remise-de-recompenses-par-le-president-du-cros-centre-val-de-loire\\\/#breadcrumb\"},\"inLanguage\":\"fr-FR\",\"potentialAction\":[{\"@type\":\"ReadAction\",\"target\":[\"https:\\\/\\\/www.sport28.fr\\\/index.php\\\/2024\\\/01\\\/29\\\/remise-de-recompenses-par-le-president-du-cros-centre-val-de-loire\\\/\"]}]},{\"@type\":\"ImageObject\",\"inLanguage\":\"fr-FR\",\"@id\":\"https:\\\/\\\/www.sport28.fr\\\/index.php\\\/2024\\\/01\\\/29\\\/remise-de-recompenses-par-le-president-du-cros-centre-val-de-loire\\\/#primaryimage\",\"url\":\"https:\\\/\\\/www.sport28.fr\\\/wp-content\\\/uploads\\\/2024\\\/01\\\/20240125_201349-scaled.jpg\",\"contentUrl\":\"https:\\\/\\\/www.sport28.fr\\\/wp-content\\\/uploads\\\/2024\\\/01\\\/20240125_201349-scaled.jpg\",\"width\":2560,\"height\":1920},{\"@type\":\"BreadcrumbList\",\"@id\":\"https:\\\/\\\/www.sport28.fr\\\/index.php\\\/2024\\\/01\\\/29\\\/remise-de-recompenses-par-le-president-du-cros-centre-val-de-loire\\\/#breadcrumb\",\"itemListElement\":[{\"@type\":\"ListItem\",\"position\":1,\"name\":\"Accueil\",\"item\":\"https:\\\/\\\/www.sport28.fr\\\/\"},{\"@type\":\"ListItem\",\"position\":2,\"name\":\"Remise de R\u00e9compenses par le Pr\u00e9sident du CROS Centre-Val de Loire\"}]},{\"@type\":\"WebSite\",\"@id\":\"https:\\\/\\\/www.sport28.fr\\\/#website\",\"url\":\"https:\\\/\\\/www.sport28.fr\\\/\",\"name\":\"CDOS 28\",\"description\":\"Comit\u00e9 D\u00e9partementale Olympique et Sportif d&#039;Eure et Loir\",\"publisher\":{\"@id\":\"https:\\\/\\\/www.sport28.fr\\\/#organization\"},\"potentialAction\":[{\"@type\":\"SearchAction\",\"target\":{\"@type\":\"EntryPoint\",\"urlTemplate\":\"https:\\\/\\\/www.sport28.fr\\\/?s={search_term_string}\"},\"query-input\":{\"@type\":\"PropertyValueSpecification\",\"valueRequired\":true,\"valueName\":\"search_term_string\"}}],\"inLanguage\":\"fr-FR\"},{\"@type\":\"Organization\",\"@id\":\"https:\\\/\\\/www.sport28.fr\\\/#organization\",\"name\":\"Comit\u00e9 d\u00e9partemental olympique et sportif d'eure-et-loir\",\"alternateName\":\"cdos 28\",\"url\":\"https:\\\/\\\/www.sport28.fr\\\/\",\"logo\":{\"@type\":\"ImageObject\",\"inLanguage\":\"fr-FR\",\"@id\":\"https:\\\/\\\/www.sport28.fr\\\/#\\\/schema\\\/logo\\\/image\\\/\",\"url\":\"https:\\\/\\\/www.sport28.fr\\\/wp-content\\\/uploads\\\/2023\\\/10\\\/cdos_eure_et_loir_logo.jpg\",\"contentUrl\":\"https:\\\/\\\/www.sport28.fr\\\/wp-content\\\/uploads\\\/2023\\\/10\\\/cdos_eure_et_loir_logo.jpg\",\"width\":1000,\"height\":1000,\"caption\":\"Comit\u00e9 d\u00e9partemental olympique et sportif d'eure-et-loir\"},\"image\":{\"@id\":\"https:\\\/\\\/www.sport28.fr\\\/#\\\/schema\\\/logo\\\/image\\\/\"},\"sameAs\":[\"https:\\\/\\\/www.facebook.com\\\/CDOS28?locale=fr_FR\"]},{\"@type\":\"Person\",\"@id\":\"https:\\\/\\\/www.sport28.fr\\\/#\\\/schema\\\/person\\\/d707dc6c4cc8f7ba6a4564f87a6818a8\",\"name\":\"admin28\",\"image\":{\"@type\":\"ImageObject\",\"inLanguage\":\"fr-FR\",\"@id\":\"https:\\\/\\\/secure.gravatar.com\\\/avatar\\\/ec586f5fe487447efd44e48a32fef6a1c590e9d744f9d2c3d84ed071f1581364?s=96&d=mm&r=g\",\"url\":\"https:\\\/\\\/secure.gravatar.com\\\/avatar\\\/ec586f5fe487447efd44e48a32fef6a1c590e9d744f9d2c3d84ed071f1581364?s=96&d=mm&r=g\",\"contentUrl\":\"https:\\\/\\\/secure.gravatar.com\\\/avatar\\\/ec586f5fe487447efd44e48a32fef6a1c590e9d744f9d2c3d84ed071f1581364?s=96&d=mm&r=g\",\"caption\":\"admin28\"},\"sameAs\":[\"http:\\\/\\\/www.dev.sport28.fr\"],\"url\":\"https:\\\/\\\/www.sport28.fr\\\/index.php\\\/author\\\/admin28\\\/\"}]}<\/script>\n<!-- \/ Yoast SEO plugin. -->","yoast_head_json":{"title":"Remise de R\u00e9compenses par le Pr\u00e9sident du CROS Centre-Val de Loire - CDOS 28","robots":{"index":"index","follow":"follow","max-snippet":"max-snippet:-1","max-image-preview":"max-image-preview:large","max-video-preview":"max-video-preview:-1"},"canonical":"https:\/\/www.sport28.fr\/index.php\/2024\/01\/29\/remise-de-recompenses-par-le-president-du-cros-centre-val-de-loire\/","og_locale":"fr_FR","og_type":"article","og_title":"Remise de R\u00e9compenses par le Pr\u00e9sident du CROS Centre-Val de Loire - CDOS 28","og_description":"Jean-Louis Desnoues, pr\u00e9sident du Comit\u00e9 R\u00e9gional Olympique et Sportif (CROS) Centre-Val de Loire, a remis des r\u00e9compenses \u00e0 deux apn\u00e9istes eur\u00e9liens lors d&rsquo;une r\u00e9cente c\u00e9r\u00e9monie. La photo ci-jointe capture ce [&hellip;]","og_url":"https:\/\/www.sport28.fr\/index.php\/2024\/01\/29\/remise-de-recompenses-par-le-president-du-cros-centre-val-de-loire\/","og_site_name":"CDOS 28","article_publisher":"https:\/\/www.facebook.com\/CDOS28?locale=fr_FR","article_published_time":"2024-01-29T09:54:46+00:00","article_modified_time":"2024-01-29T09:54:50+00:00","og_image":[{"width":2560,"height":1920,"url":"https:\/\/www.sport28.fr\/wp-content\/uploads\/2024\/01\/20240125_201349-scaled.jpg","type":"image\/jpeg"}],"author":"admin28","twitter_card":"summary_large_image","twitter_misc":{"\u00c9crit par":"admin28","Dur\u00e9e de lecture estim\u00e9e":"1 minute"},"schema":{"@context":"https:\/\/schema.org","@graph":[{"@type":"Article","@id":"https:\/\/www.sport28.fr\/index.php\/2024\/01\/29\/remise-de-recompenses-par-le-president-du-cros-centre-val-de-loire\/#article","isPartOf":{"@id":"https:\/\/www.sport28.fr\/index.php\/2024\/01\/29\/remise-de-recompenses-par-le-president-du-cros-centre-val-de-loire\/"},"author":{"name":"admin28","@id":"https:\/\/www.sport28.fr\/#\/schema\/person\/d707dc6c4cc8f7ba6a4564f87a6818a8"},"headline":"Remise de R\u00e9compenses par le Pr\u00e9sident du CROS Centre-Val de Loire","datePublished":"2024-01-29T09:54:46+00:00","dateModified":"2024-01-29T09:54:50+00:00","mainEntityOfPage":{"@id":"https:\/\/www.sport28.fr\/index.php\/2024\/01\/29\/remise-de-recompenses-par-le-president-du-cros-centre-val-de-loire\/"},"wordCount":75,"publisher":{"@id":"https:\/\/www.sport28.fr\/#organization"},"image":{"@id":"https:\/\/www.sport28.fr\/index.php\/2024\/01\/29\/remise-de-recompenses-par-le-president-du-cros-centre-val-de-loire\/#primaryimage"},"thumbnailUrl":"https:\/\/www.sport28.fr\/wp-content\/uploads\/2024\/01\/20240125_201349-scaled.jpg","articleSection":["Sport, \u00e9ducation et citoyennet\u00e9"],"inLanguage":"fr-FR"},{"@type":"WebPage","@id":"https:\/\/www.sport28.fr\/index.php\/2024\/01\/29\/remise-de-recompenses-par-le-president-du-cros-centre-val-de-loire\/","url":"https:\/\/www.sport28.fr\/index.php\/2024\/01\/29\/remise-de-recompenses-par-le-president-du-cros-centre-val-de-loire\/","name":"Remise de R\u00e9compenses par le Pr\u00e9sident du CROS Centre-Val de Loire - CDOS 28","isPartOf":{"@id":"https:\/\/www.sport28.fr\/#website"},"primaryImageOfPage":{"@id":"https:\/\/www.sport28.fr\/index.php\/2024\/01\/29\/remise-de-recompenses-par-le-president-du-cros-centre-val-de-loire\/#primaryimage"},"image":{"@id":"https:\/\/www.sport28.fr\/index.php\/2024\/01\/29\/remise-de-recompenses-par-le-president-du-cros-centre-val-de-loire\/#primaryimage"},"thumbnailUrl":"https:\/\/www.sport28.fr\/wp-content\/uploads\/2024\/01\/20240125_201349-scaled.jpg","datePublished":"2024-01-29T09:54:46+00:00","dateModified":"2024-01-29T09:54:50+00:00","breadcrumb":{"@id":"https:\/\/www.sport28.fr\/index.php\/2024\/01\/29\/remise-de-recompenses-par-le-president-du-cros-centre-val-de-loire\/#breadcrumb"},"inLanguage":"fr-FR","potentialAction":[{"@type":"ReadAction","target":["https:\/\/www.sport28.fr\/index.php\/2024\/01\/29\/remise-de-recompenses-par-le-president-du-cros-centre-val-de-loire\/"]}]},{"@type":"ImageObject","inLanguage":"fr-FR","@id":"https:\/\/www.sport28.fr\/index.php\/2024\/01\/29\/remise-de-recompenses-par-le-president-du-cros-centre-val-de-loire\/#primaryimage","url":"https:\/\/www.sport28.fr\/wp-content\/uploads\/2024\/01\/20240125_201349-scaled.jpg","contentUrl":"https:\/\/www.sport28.fr\/wp-content\/uploads\/2024\/01\/20240125_201349-scaled.jpg","width":2560,"height":1920},{"@type":"BreadcrumbList","@id":"https:\/\/www.sport28.fr\/index.php\/2024\/01\/29\/remise-de-recompenses-par-le-president-du-cros-centre-val-de-loire\/#breadcrumb","itemListElement":[{"@type":"ListItem","position":1,"name":"Accueil","item":"https:\/\/www.sport28.fr\/"},{"@type":"ListItem","position":2,"name":"Remise de R\u00e9compenses par le Pr\u00e9sident du CROS Centre-Val de Loire"}]},{"@type":"WebSite","@id":"https:\/\/www.sport28.fr\/#website","url":"https:\/\/www.sport28.fr\/","name":"CDOS 28","description":"Comit\u00e9 D\u00e9partementale Olympique et Sportif d&#039;Eure et Loir","publisher":{"@id":"https:\/\/www.sport28.fr\/#organization"},"potentialAction":[{"@type":"SearchAction","target":{"@type":"EntryPoint","urlTemplate":"https:\/\/www.sport28.fr\/?s={search_term_string}"},"query-input":{"@type":"PropertyValueSpecification","valueRequired":true,"valueName":"search_term_string"}}],"inLanguage":"fr-FR"},{"@type":"Organization","@id":"https:\/\/www.sport28.fr\/#organization","name":"Comit\u00e9 d\u00e9partemental olympique et sportif d'eure-et-loir","alternateName":"cdos 28","url":"https:\/\/www.sport28.fr\/","logo":{"@type":"ImageObject","inLanguage":"fr-FR","@id":"https:\/\/www.sport28.fr\/#\/schema\/logo\/image\/","url":"https:\/\/www.sport28.fr\/wp-content\/uploads\/2023\/10\/cdos_eure_et_loir_logo.jpg","contentUrl":"https:\/\/www.sport28.fr\/wp-content\/uploads\/2023\/10\/cdos_eure_et_loir_logo.jpg","width":1000,"height":1000,"caption":"Comit\u00e9 d\u00e9partemental olympique et sportif d'eure-et-loir"},"image":{"@id":"https:\/\/www.sport28.fr\/#\/schema\/logo\/image\/"},"sameAs":["https:\/\/www.facebook.com\/CDOS28?locale=fr_FR"]},{"@type":"Person","@id":"https:\/\/www.sport28.fr\/#\/schema\/person\/d707dc6c4cc8f7ba6a4564f87a6818a8","name":"admin28","image":{"@type":"ImageObject","inLanguage":"fr-FR","@id":"https:\/\/secure.gravatar.com\/avatar\/ec586f5fe487447efd44e48a32fef6a1c590e9d744f9d2c3d84ed071f1581364?s=96&d=mm&r=g","url":"https:\/\/secure.gravatar.com\/avatar\/ec586f5fe487447efd44e48a32fef6a1c590e9d744f9d2c3d84ed071f1581364?s=96&d=mm&r=g","contentUrl":"https:\/\/secure.gravatar.com\/avatar\/ec586f5fe487447efd44e48a32fef6a1c590e9d744f9d2c3d84ed071f1581364?s=96&d=mm&r=g","caption":"admin28"},"sameAs":["http:\/\/www.dev.sport28.fr"],"url":"https:\/\/www.sport28.fr\/index.php\/author\/admin28\/"}]}},"_links":{"self":[{"href":"https:\/\/www.sport28.fr\/index.php\/wp-json\/wp\/v2\/posts\/2455","targetHints":{"allow":["GET"]}}],"collection":[{"href":"https:\/\/www.sport28.fr\/index.php\/wp-json\/wp\/v2\/posts"}],"about":[{"href":"https:\/\/www.sport28.fr\/index.php\/wp-json\/wp\/v2\/types\/post"}],"author":[{"embeddable":true,"href":"https:\/\/www.sport28.fr\/index.php\/wp-json\/wp\/v2\/users\/1"}],"replies":[{"embeddable":true,"href":"https:\/\/www.sport28.fr\/index.php\/wp-json\/wp\/v2\/comments?post=2455"}],"version-history":[{"count":1,"href":"https:\/\/www.sport28.fr\/index.php\/wp-json\/wp\/v2\/posts\/2455\/revisions"}],"predecessor-version":[{"id":2457,"href":"https:\/\/www.sport28.fr\/index.php\/wp-json\/wp\/v2\/posts\/2455\/revisions\/2457"}],"wp:featuredmedia":[{"embeddable":true,"href":"https:\/\/www.sport28.fr\/index.php\/wp-json\/wp\/v2\/media\/2456"}],"wp:attachment":[{"href":"https:\/\/www.sport28.fr\/index.php\/wp-json\/wp\/v2\/media?parent=2455"}],"wp:term":[{"taxonomy":"category","embeddable":true,"href":"https:\/\/www.sport28.fr\/index.php\/wp-json\/wp\/v2\/categories?post=2455"},{"taxonomy":"post_tag","embeddable":true,"href":"https:\/\/www.sport28.fr\/index.php\/wp-json\/wp\/v2\/tags?post=2455"}],"curies":[{"name":"wp","href":"https:\/\/api.w.org\/{rel}","templated":true}]}}