{"id":2426,"date":"2024-01-04T10:09:33","date_gmt":"2024-01-04T09:09:33","guid":{"rendered":"https:\/\/www.sport28.fr\/?p=2426"},"modified":"2024-01-04T10:09:40","modified_gmt":"2024-01-04T09:09:40","slug":"augmentation-des-salaires-de-la-branche-sport-pour-2024","status":"publish","type":"post","link":"https:\/\/www.sport28.fr\/index.php\/2024\/01\/04\/augmentation-des-salaires-de-la-branche-sport-pour-2024\/","title":{"rendered":"Augmentation des salaires de la branche sport pour 2024"},"content":{"rendered":"\n<h2 class=\"wp-block-heading\">Pour l&rsquo;ann\u00e9e 2024, une augmentation unique des minima conventionnels interviendra \u00e0 compter du 1er janvier.<\/h2>\n\n\n\n<p>Les n\u00e9gociations ont \u00e9t\u00e9 conduites en tenant compte&nbsp;du montant actuel du SMIC en vigueur depuis le 1er mai 2023&nbsp;et des pr\u00e9visions d\u2019\u00e9volution du SMIC et de l\u2019inflation, afin de veiller \u00e0 ce que les premiers niveaux de r\u00e9mun\u00e9rations minimales de la branche respectent le montant du SMIC projet\u00e9 au 1er janvier 2024.<\/p>\n\n\n\n<p>Les montants des augmentations envisag\u00e9es ne sont pas identiques pour toutes les cat\u00e9gories de salari\u00e9s de la branche. Un&nbsp;<strong>effort plus important a \u00e9t\u00e9 d\u00e9cid\u00e9 sur les bas salaires<\/strong>&nbsp;pour r\u00e9pondre aux enjeux d\u2019inflation forte et de revalorisations fr\u00e9quentes du SMIC toujours d\u2019actualit\u00e9, tout en limitant les effets de tassement des grilles.<\/p>\n\n\n\n<p><strong>L\u2019avenant n\u00b0189 du 28 septembre 2023&nbsp;<\/strong>relatif aux salaires minima 2024 a \u00e9t\u00e9 sign\u00e9&nbsp;<strong>\u00e0 l\u2019unanimit\u00e9 des organisations&nbsp;<\/strong>salariales et patronales de la branche.<\/p>\n\n\n\n<p>Il a \u00e9t\u00e9 \u00e9tendu par&nbsp;<a href=\"https:\/\/www.legifrance.gouv.fr\/download\/pdf?id=xw24irVieMoPCH-2QYwmHZzILfdlSpENkoxh_IIWjWE=\" target=\"_blank\" rel=\"noreferrer noopener\">arr\u00eat\u00e9 du 11 d\u00e9cembre 2023<\/a>&nbsp;publi\u00e9 au Journal Officiel du 15 d\u00e9cembre 2023.&nbsp;<\/p>\n\n\n\n<p>Attention,\u00a0<strong>l\u2019ensemble des minimas conventionnels est impact\u00e9 par ces revalorisations, notamment la prime conventionnelle d\u2019anciennet\u00e9\u00a0<\/strong>pour les salari\u00e9s qui en b\u00e9n\u00e9ficient (salari\u00e9s des groupes 1 \u00e0 6).\u00a0<\/p>\n\n\n\n<h2 class=\"wp-block-heading\">Pour les salari\u00e9s des groupes 1 \u00e0 6 :<\/h2>\n\n\n\n<p>A compter du 1er janvier 2024, pour les groupes 1 \u00e0 6, \u00e0 temps plein, le salaire mensuel brut\u00a0ne peut pas \u00eatre inf\u00e9rieur aux montants d\u00e9finis par le tableau suivant :<\/p>\n\n\n\n<p><strong>Montants bruts mensuels applicables \u00e0 compter du 1er janvier 2024<\/strong><\/p>\n\n\n\n<figure class=\"wp-block-gallery has-nested-images columns-default is-cropped wp-block-gallery-1 is-layout-flex wp-block-gallery-is-layout-flex\">\n<figure class=\"wp-block-image size-large\"><img fetchpriority=\"high\" decoding=\"async\" width=\"1024\" height=\"187\" data-id=\"2427\" src=\"https:\/\/www.sport28.fr\/wp-content\/uploads\/2024\/01\/Capture-decran-2024-01-04-100245-1024x187.png\" alt=\"\" class=\"wp-image-2427\" srcset=\"https:\/\/www.sport28.fr\/wp-content\/uploads\/2024\/01\/Capture-decran-2024-01-04-100245-1024x187.png 1024w, https:\/\/www.sport28.fr\/wp-content\/uploads\/2024\/01\/Capture-decran-2024-01-04-100245-300x55.png 300w, https:\/\/www.sport28.fr\/wp-content\/uploads\/2024\/01\/Capture-decran-2024-01-04-100245-768x140.png 768w, https:\/\/www.sport28.fr\/wp-content\/uploads\/2024\/01\/Capture-decran-2024-01-04-100245-1536x280.png 1536w, https:\/\/www.sport28.fr\/wp-content\/uploads\/2024\/01\/Capture-decran-2024-01-04-100245.png 1876w\" sizes=\"(max-width: 1024px) 100vw, 1024px\" \/><\/figure>\n<\/figure>\n\n\n\n<h2 class=\"wp-block-heading\">Pour les salari\u00e9s des groupes 7 et 8 :<\/h2>\n\n\n\n<p>A compter du 1er janvier 2024, pour les groupes 7 et 8, \u00e0 temps plein, le salaire annuel brut de r\u00e9f\u00e9rence pour une ann\u00e9e compl\u00e8te ne peut pas \u00eatre inf\u00e9rieur aux montants d\u00e9finis par le tableau suivant. L\u2019application du salaire minimal annuel brut de r\u00e9f\u00e9rence est r\u00e9alis\u00e9e au prorata du nombre de mois \u00e9coul\u00e9s sur la p\u00e9riode concern\u00e9e.<\/p>\n\n\n\n<figure class=\"wp-block-gallery has-nested-images columns-default is-cropped wp-block-gallery-2 is-layout-flex wp-block-gallery-is-layout-flex\">\n<figure class=\"wp-block-image size-large\"><img decoding=\"async\" width=\"1024\" height=\"180\" data-id=\"2428\" src=\"https:\/\/www.sport28.fr\/wp-content\/uploads\/2024\/01\/Capture-decran-2024-01-04-100350-1024x180.png\" alt=\"\" class=\"wp-image-2428\" srcset=\"https:\/\/www.sport28.fr\/wp-content\/uploads\/2024\/01\/Capture-decran-2024-01-04-100350-1024x180.png 1024w, https:\/\/www.sport28.fr\/wp-content\/uploads\/2024\/01\/Capture-decran-2024-01-04-100350-300x53.png 300w, https:\/\/www.sport28.fr\/wp-content\/uploads\/2024\/01\/Capture-decran-2024-01-04-100350-768x135.png 768w, https:\/\/www.sport28.fr\/wp-content\/uploads\/2024\/01\/Capture-decran-2024-01-04-100350-1536x270.png 1536w, https:\/\/www.sport28.fr\/wp-content\/uploads\/2024\/01\/Capture-decran-2024-01-04-100350.png 1878w\" sizes=\"(max-width: 1024px) 100vw, 1024px\" \/><\/figure>\n<\/figure>\n\n\n\n<p>Les grilles des minima conventionnels pour 2024 :<\/p>\n\n\n\n<figure class=\"wp-block-gallery has-nested-images columns-default is-cropped wp-block-gallery-3 is-layout-flex wp-block-gallery-is-layout-flex\">\n<figure class=\"wp-block-image size-large\"><img decoding=\"async\" width=\"1024\" height=\"644\" data-id=\"2429\" src=\"https:\/\/www.sport28.fr\/wp-content\/uploads\/2024\/01\/grille_salaires_ccns_2024_C9-1024x644.jpg\" alt=\"\" class=\"wp-image-2429\" srcset=\"https:\/\/www.sport28.fr\/wp-content\/uploads\/2024\/01\/grille_salaires_ccns_2024_C9-1024x644.jpg 1024w, https:\/\/www.sport28.fr\/wp-content\/uploads\/2024\/01\/grille_salaires_ccns_2024_C9-300x189.jpg 300w, https:\/\/www.sport28.fr\/wp-content\/uploads\/2024\/01\/grille_salaires_ccns_2024_C9-768x483.jpg 768w, https:\/\/www.sport28.fr\/wp-content\/uploads\/2024\/01\/grille_salaires_ccns_2024_C9.jpg 1338w\" sizes=\"(max-width: 1024px) 100vw, 1024px\" \/><\/figure>\n<\/figure>\n\n\n\n<figure class=\"wp-block-gallery has-nested-images columns-default is-cropped wp-block-gallery-4 is-layout-flex wp-block-gallery-is-layout-flex\">\n<figure class=\"wp-block-image size-large\"><img loading=\"lazy\" decoding=\"async\" width=\"952\" height=\"442\" data-id=\"2430\" src=\"https:\/\/www.sport28.fr\/wp-content\/uploads\/2024\/01\/salaires_ccns_2024_C12-V2-e1701784605793.jpg\" alt=\"\" class=\"wp-image-2430\" srcset=\"https:\/\/www.sport28.fr\/wp-content\/uploads\/2024\/01\/salaires_ccns_2024_C12-V2-e1701784605793.jpg 952w, https:\/\/www.sport28.fr\/wp-content\/uploads\/2024\/01\/salaires_ccns_2024_C12-V2-e1701784605793-300x139.jpg 300w, https:\/\/www.sport28.fr\/wp-content\/uploads\/2024\/01\/salaires_ccns_2024_C12-V2-e1701784605793-768x357.jpg 768w\" sizes=\"(max-width: 952px) 100vw, 952px\" \/><\/figure>\n<\/figure>\n\n\n\n<figure class=\"wp-block-gallery has-nested-images columns-default is-cropped wp-block-gallery-5 is-layout-flex wp-block-gallery-is-layout-flex\">\n<figure class=\"wp-block-image size-large\"><img loading=\"lazy\" decoding=\"async\" width=\"952\" height=\"442\" data-id=\"2431\" src=\"https:\/\/www.sport28.fr\/wp-content\/uploads\/2024\/01\/salaires_ccns_2024_C12-V2-e1701784605793-1.jpg\" alt=\"\" class=\"wp-image-2431\" srcset=\"https:\/\/www.sport28.fr\/wp-content\/uploads\/2024\/01\/salaires_ccns_2024_C12-V2-e1701784605793-1.jpg 952w, https:\/\/www.sport28.fr\/wp-content\/uploads\/2024\/01\/salaires_ccns_2024_C12-V2-e1701784605793-1-300x139.jpg 300w, https:\/\/www.sport28.fr\/wp-content\/uploads\/2024\/01\/salaires_ccns_2024_C12-V2-e1701784605793-1-768x357.jpg 768w\" sizes=\"(max-width: 952px) 100vw, 952px\" \/><\/figure>\n<\/figure>\n","protected":false},"excerpt":{"rendered":"<p>Pour l&rsquo;ann\u00e9e 2024, une augmentation unique des minima conventionnels interviendra \u00e0 compter du 1er janvier. Les n\u00e9gociations ont \u00e9t\u00e9 conduites en tenant compte&nbsp;du montant actuel du SMIC en vigueur depuis [&hellip;]<\/p>\n","protected":false},"author":1,"featured_media":2432,"comment_status":"closed","ping_status":"open","sticky":false,"template":"","format":"standard","meta":{"footnotes":""},"categories":[32],"tags":[],"class_list":["post-2426","post","type-post","status-publish","format-standard","has-post-thumbnail","hentry","category-institutionnel"],"yoast_head":"<!-- This site is optimized with the Yoast SEO plugin v27.5 - https:\/\/yoast.com\/product\/yoast-seo-wordpress\/ -->\n<title>Augmentation des salaires de la branche sport pour 2024 - CDOS 28<\/title>\n<meta name=\"robots\" content=\"index, follow, max-snippet:-1, max-image-preview:large, max-video-preview:-1\" \/>\n<link rel=\"canonical\" href=\"https:\/\/www.sport28.fr\/index.php\/2024\/01\/04\/augmentation-des-salaires-de-la-branche-sport-pour-2024\/\" \/>\n<meta property=\"og:locale\" content=\"fr_FR\" \/>\n<meta property=\"og:type\" content=\"article\" \/>\n<meta property=\"og:title\" content=\"Augmentation des salaires de la branche sport pour 2024 - CDOS 28\" \/>\n<meta property=\"og:description\" content=\"Pour l&rsquo;ann\u00e9e 2024, une augmentation unique des minima conventionnels interviendra \u00e0 compter du 1er janvier. Les n\u00e9gociations ont \u00e9t\u00e9 conduites en tenant compte&nbsp;du montant actuel du SMIC en vigueur depuis [&hellip;]\" \/>\n<meta property=\"og:url\" content=\"https:\/\/www.sport28.fr\/index.php\/2024\/01\/04\/augmentation-des-salaires-de-la-branche-sport-pour-2024\/\" \/>\n<meta property=\"og:site_name\" content=\"CDOS 28\" \/>\n<meta property=\"article:publisher\" content=\"https:\/\/www.facebook.com\/CDOS28?locale=fr_FR\" \/>\n<meta property=\"article:published_time\" content=\"2024-01-04T09:09:33+00:00\" \/>\n<meta property=\"article:modified_time\" content=\"2024-01-04T09:09:40+00:00\" \/>\n<meta property=\"og:image\" content=\"https:\/\/www.sport28.fr\/wp-content\/uploads\/2024\/01\/pexels-karolina-grabowska-4386152-scaled.jpg\" \/>\n\t<meta property=\"og:image:width\" content=\"2560\" \/>\n\t<meta property=\"og:image:height\" content=\"1707\" \/>\n\t<meta property=\"og:image:type\" content=\"image\/jpeg\" \/>\n<meta name=\"author\" content=\"admin28\" \/>\n<meta name=\"twitter:card\" content=\"summary_large_image\" \/>\n<meta name=\"twitter:label1\" content=\"\u00c9crit par\" \/>\n\t<meta name=\"twitter:data1\" content=\"admin28\" \/>\n\t<meta name=\"twitter:label2\" content=\"Dur\u00e9e de lecture estim\u00e9e\" \/>\n\t<meta name=\"twitter:data2\" content=\"3 minutes\" \/>\n<script type=\"application\/ld+json\" class=\"yoast-schema-graph\">{\"@context\":\"https:\\\/\\\/schema.org\",\"@graph\":[{\"@type\":\"Article\",\"@id\":\"https:\\\/\\\/www.sport28.fr\\\/index.php\\\/2024\\\/01\\\/04\\\/augmentation-des-salaires-de-la-branche-sport-pour-2024\\\/#article\",\"isPartOf\":{\"@id\":\"https:\\\/\\\/www.sport28.fr\\\/index.php\\\/2024\\\/01\\\/04\\\/augmentation-des-salaires-de-la-branche-sport-pour-2024\\\/\"},\"author\":{\"name\":\"admin28\",\"@id\":\"https:\\\/\\\/www.sport28.fr\\\/#\\\/schema\\\/person\\\/d707dc6c4cc8f7ba6a4564f87a6818a8\"},\"headline\":\"Augmentation des salaires de la branche sport pour 2024\",\"datePublished\":\"2024-01-04T09:09:33+00:00\",\"dateModified\":\"2024-01-04T09:09:40+00:00\",\"mainEntityOfPage\":{\"@id\":\"https:\\\/\\\/www.sport28.fr\\\/index.php\\\/2024\\\/01\\\/04\\\/augmentation-des-salaires-de-la-branche-sport-pour-2024\\\/\"},\"wordCount\":341,\"publisher\":{\"@id\":\"https:\\\/\\\/www.sport28.fr\\\/#organization\"},\"image\":{\"@id\":\"https:\\\/\\\/www.sport28.fr\\\/index.php\\\/2024\\\/01\\\/04\\\/augmentation-des-salaires-de-la-branche-sport-pour-2024\\\/#primaryimage\"},\"thumbnailUrl\":\"https:\\\/\\\/www.sport28.fr\\\/wp-content\\\/uploads\\\/2024\\\/01\\\/pexels-karolina-grabowska-4386152-scaled.jpg\",\"articleSection\":[\"Institutionnel\"],\"inLanguage\":\"fr-FR\"},{\"@type\":\"WebPage\",\"@id\":\"https:\\\/\\\/www.sport28.fr\\\/index.php\\\/2024\\\/01\\\/04\\\/augmentation-des-salaires-de-la-branche-sport-pour-2024\\\/\",\"url\":\"https:\\\/\\\/www.sport28.fr\\\/index.php\\\/2024\\\/01\\\/04\\\/augmentation-des-salaires-de-la-branche-sport-pour-2024\\\/\",\"name\":\"Augmentation des salaires de la branche sport pour 2024 - CDOS 28\",\"isPartOf\":{\"@id\":\"https:\\\/\\\/www.sport28.fr\\\/#website\"},\"primaryImageOfPage\":{\"@id\":\"https:\\\/\\\/www.sport28.fr\\\/index.php\\\/2024\\\/01\\\/04\\\/augmentation-des-salaires-de-la-branche-sport-pour-2024\\\/#primaryimage\"},\"image\":{\"@id\":\"https:\\\/\\\/www.sport28.fr\\\/index.php\\\/2024\\\/01\\\/04\\\/augmentation-des-salaires-de-la-branche-sport-pour-2024\\\/#primaryimage\"},\"thumbnailUrl\":\"https:\\\/\\\/www.sport28.fr\\\/wp-content\\\/uploads\\\/2024\\\/01\\\/pexels-karolina-grabowska-4386152-scaled.jpg\",\"datePublished\":\"2024-01-04T09:09:33+00:00\",\"dateModified\":\"2024-01-04T09:09:40+00:00\",\"breadcrumb\":{\"@id\":\"https:\\\/\\\/www.sport28.fr\\\/index.php\\\/2024\\\/01\\\/04\\\/augmentation-des-salaires-de-la-branche-sport-pour-2024\\\/#breadcrumb\"},\"inLanguage\":\"fr-FR\",\"potentialAction\":[{\"@type\":\"ReadAction\",\"target\":[\"https:\\\/\\\/www.sport28.fr\\\/index.php\\\/2024\\\/01\\\/04\\\/augmentation-des-salaires-de-la-branche-sport-pour-2024\\\/\"]}]},{\"@type\":\"ImageObject\",\"inLanguage\":\"fr-FR\",\"@id\":\"https:\\\/\\\/www.sport28.fr\\\/index.php\\\/2024\\\/01\\\/04\\\/augmentation-des-salaires-de-la-branche-sport-pour-2024\\\/#primaryimage\",\"url\":\"https:\\\/\\\/www.sport28.fr\\\/wp-content\\\/uploads\\\/2024\\\/01\\\/pexels-karolina-grabowska-4386152-scaled.jpg\",\"contentUrl\":\"https:\\\/\\\/www.sport28.fr\\\/wp-content\\\/uploads\\\/2024\\\/01\\\/pexels-karolina-grabowska-4386152-scaled.jpg\",\"width\":2560,\"height\":1707},{\"@type\":\"BreadcrumbList\",\"@id\":\"https:\\\/\\\/www.sport28.fr\\\/index.php\\\/2024\\\/01\\\/04\\\/augmentation-des-salaires-de-la-branche-sport-pour-2024\\\/#breadcrumb\",\"itemListElement\":[{\"@type\":\"ListItem\",\"position\":1,\"name\":\"Accueil\",\"item\":\"https:\\\/\\\/www.sport28.fr\\\/\"},{\"@type\":\"ListItem\",\"position\":2,\"name\":\"Augmentation des salaires de la branche sport pour 2024\"}]},{\"@type\":\"WebSite\",\"@id\":\"https:\\\/\\\/www.sport28.fr\\\/#website\",\"url\":\"https:\\\/\\\/www.sport28.fr\\\/\",\"name\":\"CDOS 28\",\"description\":\"Comit\u00e9 D\u00e9partementale Olympique et Sportif d&#039;Eure et Loir\",\"publisher\":{\"@id\":\"https:\\\/\\\/www.sport28.fr\\\/#organization\"},\"potentialAction\":[{\"@type\":\"SearchAction\",\"target\":{\"@type\":\"EntryPoint\",\"urlTemplate\":\"https:\\\/\\\/www.sport28.fr\\\/?s={search_term_string}\"},\"query-input\":{\"@type\":\"PropertyValueSpecification\",\"valueRequired\":true,\"valueName\":\"search_term_string\"}}],\"inLanguage\":\"fr-FR\"},{\"@type\":\"Organization\",\"@id\":\"https:\\\/\\\/www.sport28.fr\\\/#organization\",\"name\":\"Comit\u00e9 d\u00e9partemental olympique et sportif d'eure-et-loir\",\"alternateName\":\"cdos 28\",\"url\":\"https:\\\/\\\/www.sport28.fr\\\/\",\"logo\":{\"@type\":\"ImageObject\",\"inLanguage\":\"fr-FR\",\"@id\":\"https:\\\/\\\/www.sport28.fr\\\/#\\\/schema\\\/logo\\\/image\\\/\",\"url\":\"https:\\\/\\\/www.sport28.fr\\\/wp-content\\\/uploads\\\/2023\\\/10\\\/cdos_eure_et_loir_logo.jpg\",\"contentUrl\":\"https:\\\/\\\/www.sport28.fr\\\/wp-content\\\/uploads\\\/2023\\\/10\\\/cdos_eure_et_loir_logo.jpg\",\"width\":1000,\"height\":1000,\"caption\":\"Comit\u00e9 d\u00e9partemental olympique et sportif d'eure-et-loir\"},\"image\":{\"@id\":\"https:\\\/\\\/www.sport28.fr\\\/#\\\/schema\\\/logo\\\/image\\\/\"},\"sameAs\":[\"https:\\\/\\\/www.facebook.com\\\/CDOS28?locale=fr_FR\"]},{\"@type\":\"Person\",\"@id\":\"https:\\\/\\\/www.sport28.fr\\\/#\\\/schema\\\/person\\\/d707dc6c4cc8f7ba6a4564f87a6818a8\",\"name\":\"admin28\",\"image\":{\"@type\":\"ImageObject\",\"inLanguage\":\"fr-FR\",\"@id\":\"https:\\\/\\\/secure.gravatar.com\\\/avatar\\\/ec586f5fe487447efd44e48a32fef6a1c590e9d744f9d2c3d84ed071f1581364?s=96&d=mm&r=g\",\"url\":\"https:\\\/\\\/secure.gravatar.com\\\/avatar\\\/ec586f5fe487447efd44e48a32fef6a1c590e9d744f9d2c3d84ed071f1581364?s=96&d=mm&r=g\",\"contentUrl\":\"https:\\\/\\\/secure.gravatar.com\\\/avatar\\\/ec586f5fe487447efd44e48a32fef6a1c590e9d744f9d2c3d84ed071f1581364?s=96&d=mm&r=g\",\"caption\":\"admin28\"},\"sameAs\":[\"http:\\\/\\\/www.dev.sport28.fr\"],\"url\":\"https:\\\/\\\/www.sport28.fr\\\/index.php\\\/author\\\/admin28\\\/\"}]}<\/script>\n<!-- \/ Yoast SEO plugin. -->","yoast_head_json":{"title":"Augmentation des salaires de la branche sport pour 2024 - CDOS 28","robots":{"index":"index","follow":"follow","max-snippet":"max-snippet:-1","max-image-preview":"max-image-preview:large","max-video-preview":"max-video-preview:-1"},"canonical":"https:\/\/www.sport28.fr\/index.php\/2024\/01\/04\/augmentation-des-salaires-de-la-branche-sport-pour-2024\/","og_locale":"fr_FR","og_type":"article","og_title":"Augmentation des salaires de la branche sport pour 2024 - CDOS 28","og_description":"Pour l&rsquo;ann\u00e9e 2024, une augmentation unique des minima conventionnels interviendra \u00e0 compter du 1er janvier. Les n\u00e9gociations ont \u00e9t\u00e9 conduites en tenant compte&nbsp;du montant actuel du SMIC en vigueur depuis [&hellip;]","og_url":"https:\/\/www.sport28.fr\/index.php\/2024\/01\/04\/augmentation-des-salaires-de-la-branche-sport-pour-2024\/","og_site_name":"CDOS 28","article_publisher":"https:\/\/www.facebook.com\/CDOS28?locale=fr_FR","article_published_time":"2024-01-04T09:09:33+00:00","article_modified_time":"2024-01-04T09:09:40+00:00","og_image":[{"width":2560,"height":1707,"url":"https:\/\/www.sport28.fr\/wp-content\/uploads\/2024\/01\/pexels-karolina-grabowska-4386152-scaled.jpg","type":"image\/jpeg"}],"author":"admin28","twitter_card":"summary_large_image","twitter_misc":{"\u00c9crit par":"admin28","Dur\u00e9e de lecture estim\u00e9e":"3 minutes"},"schema":{"@context":"https:\/\/schema.org","@graph":[{"@type":"Article","@id":"https:\/\/www.sport28.fr\/index.php\/2024\/01\/04\/augmentation-des-salaires-de-la-branche-sport-pour-2024\/#article","isPartOf":{"@id":"https:\/\/www.sport28.fr\/index.php\/2024\/01\/04\/augmentation-des-salaires-de-la-branche-sport-pour-2024\/"},"author":{"name":"admin28","@id":"https:\/\/www.sport28.fr\/#\/schema\/person\/d707dc6c4cc8f7ba6a4564f87a6818a8"},"headline":"Augmentation des salaires de la branche sport pour 2024","datePublished":"2024-01-04T09:09:33+00:00","dateModified":"2024-01-04T09:09:40+00:00","mainEntityOfPage":{"@id":"https:\/\/www.sport28.fr\/index.php\/2024\/01\/04\/augmentation-des-salaires-de-la-branche-sport-pour-2024\/"},"wordCount":341,"publisher":{"@id":"https:\/\/www.sport28.fr\/#organization"},"image":{"@id":"https:\/\/www.sport28.fr\/index.php\/2024\/01\/04\/augmentation-des-salaires-de-la-branche-sport-pour-2024\/#primaryimage"},"thumbnailUrl":"https:\/\/www.sport28.fr\/wp-content\/uploads\/2024\/01\/pexels-karolina-grabowska-4386152-scaled.jpg","articleSection":["Institutionnel"],"inLanguage":"fr-FR"},{"@type":"WebPage","@id":"https:\/\/www.sport28.fr\/index.php\/2024\/01\/04\/augmentation-des-salaires-de-la-branche-sport-pour-2024\/","url":"https:\/\/www.sport28.fr\/index.php\/2024\/01\/04\/augmentation-des-salaires-de-la-branche-sport-pour-2024\/","name":"Augmentation des salaires de la branche sport pour 2024 - CDOS 28","isPartOf":{"@id":"https:\/\/www.sport28.fr\/#website"},"primaryImageOfPage":{"@id":"https:\/\/www.sport28.fr\/index.php\/2024\/01\/04\/augmentation-des-salaires-de-la-branche-sport-pour-2024\/#primaryimage"},"image":{"@id":"https:\/\/www.sport28.fr\/index.php\/2024\/01\/04\/augmentation-des-salaires-de-la-branche-sport-pour-2024\/#primaryimage"},"thumbnailUrl":"https:\/\/www.sport28.fr\/wp-content\/uploads\/2024\/01\/pexels-karolina-grabowska-4386152-scaled.jpg","datePublished":"2024-01-04T09:09:33+00:00","dateModified":"2024-01-04T09:09:40+00:00","breadcrumb":{"@id":"https:\/\/www.sport28.fr\/index.php\/2024\/01\/04\/augmentation-des-salaires-de-la-branche-sport-pour-2024\/#breadcrumb"},"inLanguage":"fr-FR","potentialAction":[{"@type":"ReadAction","target":["https:\/\/www.sport28.fr\/index.php\/2024\/01\/04\/augmentation-des-salaires-de-la-branche-sport-pour-2024\/"]}]},{"@type":"ImageObject","inLanguage":"fr-FR","@id":"https:\/\/www.sport28.fr\/index.php\/2024\/01\/04\/augmentation-des-salaires-de-la-branche-sport-pour-2024\/#primaryimage","url":"https:\/\/www.sport28.fr\/wp-content\/uploads\/2024\/01\/pexels-karolina-grabowska-4386152-scaled.jpg","contentUrl":"https:\/\/www.sport28.fr\/wp-content\/uploads\/2024\/01\/pexels-karolina-grabowska-4386152-scaled.jpg","width":2560,"height":1707},{"@type":"BreadcrumbList","@id":"https:\/\/www.sport28.fr\/index.php\/2024\/01\/04\/augmentation-des-salaires-de-la-branche-sport-pour-2024\/#breadcrumb","itemListElement":[{"@type":"ListItem","position":1,"name":"Accueil","item":"https:\/\/www.sport28.fr\/"},{"@type":"ListItem","position":2,"name":"Augmentation des salaires de la branche sport pour 2024"}]},{"@type":"WebSite","@id":"https:\/\/www.sport28.fr\/#website","url":"https:\/\/www.sport28.fr\/","name":"CDOS 28","description":"Comit\u00e9 D\u00e9partementale Olympique et Sportif d&#039;Eure et Loir","publisher":{"@id":"https:\/\/www.sport28.fr\/#organization"},"potentialAction":[{"@type":"SearchAction","target":{"@type":"EntryPoint","urlTemplate":"https:\/\/www.sport28.fr\/?s={search_term_string}"},"query-input":{"@type":"PropertyValueSpecification","valueRequired":true,"valueName":"search_term_string"}}],"inLanguage":"fr-FR"},{"@type":"Organization","@id":"https:\/\/www.sport28.fr\/#organization","name":"Comit\u00e9 d\u00e9partemental olympique et sportif d'eure-et-loir","alternateName":"cdos 28","url":"https:\/\/www.sport28.fr\/","logo":{"@type":"ImageObject","inLanguage":"fr-FR","@id":"https:\/\/www.sport28.fr\/#\/schema\/logo\/image\/","url":"https:\/\/www.sport28.fr\/wp-content\/uploads\/2023\/10\/cdos_eure_et_loir_logo.jpg","contentUrl":"https:\/\/www.sport28.fr\/wp-content\/uploads\/2023\/10\/cdos_eure_et_loir_logo.jpg","width":1000,"height":1000,"caption":"Comit\u00e9 d\u00e9partemental olympique et sportif d'eure-et-loir"},"image":{"@id":"https:\/\/www.sport28.fr\/#\/schema\/logo\/image\/"},"sameAs":["https:\/\/www.facebook.com\/CDOS28?locale=fr_FR"]},{"@type":"Person","@id":"https:\/\/www.sport28.fr\/#\/schema\/person\/d707dc6c4cc8f7ba6a4564f87a6818a8","name":"admin28","image":{"@type":"ImageObject","inLanguage":"fr-FR","@id":"https:\/\/secure.gravatar.com\/avatar\/ec586f5fe487447efd44e48a32fef6a1c590e9d744f9d2c3d84ed071f1581364?s=96&d=mm&r=g","url":"https:\/\/secure.gravatar.com\/avatar\/ec586f5fe487447efd44e48a32fef6a1c590e9d744f9d2c3d84ed071f1581364?s=96&d=mm&r=g","contentUrl":"https:\/\/secure.gravatar.com\/avatar\/ec586f5fe487447efd44e48a32fef6a1c590e9d744f9d2c3d84ed071f1581364?s=96&d=mm&r=g","caption":"admin28"},"sameAs":["http:\/\/www.dev.sport28.fr"],"url":"https:\/\/www.sport28.fr\/index.php\/author\/admin28\/"}]}},"_links":{"self":[{"href":"https:\/\/www.sport28.fr\/index.php\/wp-json\/wp\/v2\/posts\/2426","targetHints":{"allow":["GET"]}}],"collection":[{"href":"https:\/\/www.sport28.fr\/index.php\/wp-json\/wp\/v2\/posts"}],"about":[{"href":"https:\/\/www.sport28.fr\/index.php\/wp-json\/wp\/v2\/types\/post"}],"author":[{"embeddable":true,"href":"https:\/\/www.sport28.fr\/index.php\/wp-json\/wp\/v2\/users\/1"}],"replies":[{"embeddable":true,"href":"https:\/\/www.sport28.fr\/index.php\/wp-json\/wp\/v2\/comments?post=2426"}],"version-history":[{"count":1,"href":"https:\/\/www.sport28.fr\/index.php\/wp-json\/wp\/v2\/posts\/2426\/revisions"}],"predecessor-version":[{"id":2433,"href":"https:\/\/www.sport28.fr\/index.php\/wp-json\/wp\/v2\/posts\/2426\/revisions\/2433"}],"wp:featuredmedia":[{"embeddable":true,"href":"https:\/\/www.sport28.fr\/index.php\/wp-json\/wp\/v2\/media\/2432"}],"wp:attachment":[{"href":"https:\/\/www.sport28.fr\/index.php\/wp-json\/wp\/v2\/media?parent=2426"}],"wp:term":[{"taxonomy":"category","embeddable":true,"href":"https:\/\/www.sport28.fr\/index.php\/wp-json\/wp\/v2\/categories?post=2426"},{"taxonomy":"post_tag","embeddable":true,"href":"https:\/\/www.sport28.fr\/index.php\/wp-json\/wp\/v2\/tags?post=2426"}],"curies":[{"name":"wp","href":"https:\/\/api.w.org\/{rel}","templated":true}]}}