{"id":2340,"date":"2023-12-19T10:51:04","date_gmt":"2023-12-19T09:51:04","guid":{"rendered":"http:\/\/www.dev.sport28.fr\/?p=2340"},"modified":"2023-12-20T14:07:07","modified_gmt":"2023-12-20T13:07:07","slug":"le-relais-de-la-flamme","status":"publish","type":"post","link":"https:\/\/www.sport28.fr\/index.php\/2023\/12\/19\/le-relais-de-la-flamme\/","title":{"rendered":"Le relais de la flamme"},"content":{"rendered":"\n<figure class=\"wp-block-image size-large\"><img fetchpriority=\"high\" decoding=\"async\" width=\"1024\" height=\"576\" src=\"http:\/\/www.dev.sport28.fr\/wp-content\/uploads\/2023\/12\/KV-OTR-ECLAIREURS-double-embleme-FR-16-9-1536x864-1-1024x576.jpg\" alt=\"\" class=\"wp-image-2341\" srcset=\"https:\/\/www.sport28.fr\/wp-content\/uploads\/2023\/12\/KV-OTR-ECLAIREURS-double-embleme-FR-16-9-1536x864-1-1024x576.jpg 1024w, https:\/\/www.sport28.fr\/wp-content\/uploads\/2023\/12\/KV-OTR-ECLAIREURS-double-embleme-FR-16-9-1536x864-1-300x169.jpg 300w, https:\/\/www.sport28.fr\/wp-content\/uploads\/2023\/12\/KV-OTR-ECLAIREURS-double-embleme-FR-16-9-1536x864-1-768x432.jpg 768w, https:\/\/www.sport28.fr\/wp-content\/uploads\/2023\/12\/KV-OTR-ECLAIREURS-double-embleme-FR-16-9-1536x864-1.jpg 1536w\" sizes=\"(max-width: 1024px) 100vw, 1024px\" \/><\/figure>\n\n\n\n<h2 class=\"wp-block-heading\">Emotions, Histoire de France, paysages naturels et c\u00e9l\u00e9bration du sport et de la culture seront les cl\u00e9s de ce Relais de la Flamme.<\/h2>\n\n\n\n<p><strong>Le parcours de la flamme olympique a \u00e9t\u00e9 d\u00e9voil\u00e9 par Paris 2024 vendredi 23 juin. En r\u00e9gion, elle passera dans l\u2019Indre, le Loir-et-Cher, l\u2019Eure-et-Loire et le Loiret.<\/strong><\/p>\n\n\n\n<p>64 territoires accueilleront la Flamme \u00e0 chacune des \u00e9tapes du Relais, en Hexagone et dans les Outre-mers. Le Relais durera 68 jours, il d\u00e9butera le 8 mai 2024 \u00e0 Marseille et s\u2019ach\u00e8vera le 26 juillet, lors de la c\u00e9r\u00e9monie d\u2019ouverture des Jeux Olympiques sur la Seine \u00e0 Paris.<\/p>\n\n\n\n<p>L\u2019\u00e9pop\u00e9e du Relais de la Flamme offrira&nbsp;<strong>une plong\u00e9e dans l\u2019Histoire de France.<\/strong>&nbsp;Elle cr\u00e9era des ponts entre les \u00e9poques en mettant en lumi\u00e8re des sites exceptionnels et des personnages qui ont contribu\u00e9 au rayonnement de la France \u00e0 chaque p\u00e9riode majeure de son Histoire.\u202f\u202f&nbsp;<\/p>\n\n\n\n<p>Le Relais de la Flamme constitue une occasion unique de&nbsp;<strong>valoriser les plus beaux paysages fran\u00e7ais.<\/strong>&nbsp;<\/p>\n\n\n\n<p>Dimension essentielle de l\u2019identit\u00e9 et de l\u2019Histoire de France,&nbsp;<strong>la culture sous toutes ses formes sera c\u00e9l\u00e9br\u00e9e&nbsp;<\/strong>pendant ces 68 jours de Relais.&nbsp;<\/p>\n\n\n\n<p>En ouvrant la voie vers les Jeux, le Relais des \u00c9claireurs rappellera \u00e0 tous \u00e0 quel point\u00a0<strong>le sport occupe une place importante dans le c\u0153ur des Fran\u00e7ais\u202f<\/strong>: du sport bien-\u00eatre \u00e0 la pratique de haut-niveau, le Relais c\u00e9l\u00e9brera la pratique sportive sous toutes ses facettes.\u202f\u202f\u00a0<\/p>\n\n\n\n<p><strong>Passage de la flamme en Eure-et-Loir : le Dimanche 07 Juillet 2024.<\/strong><\/p>\n","protected":false},"excerpt":{"rendered":"<p>Emotions, Histoire de France, paysages naturels et c\u00e9l\u00e9bration du sport et de la culture seront les cl\u00e9s de ce Relais de la Flamme. Le parcours de la flamme olympique a [&hellip;]<\/p>\n","protected":false},"author":1,"featured_media":2341,"comment_status":"closed","ping_status":"open","sticky":false,"template":"","format":"standard","meta":{"footnotes":""},"categories":[33],"tags":[],"class_list":["post-2340","post","type-post","status-publish","format-standard","has-post-thumbnail","hentry","category-paris-2024"],"yoast_head":"<!-- This site is optimized with the Yoast SEO plugin v27.5 - https:\/\/yoast.com\/product\/yoast-seo-wordpress\/ -->\n<title>Le relais de la flamme - CDOS 28<\/title>\n<meta name=\"robots\" content=\"index, follow, max-snippet:-1, max-image-preview:large, max-video-preview:-1\" \/>\n<link rel=\"canonical\" href=\"https:\/\/www.sport28.fr\/index.php\/2023\/12\/19\/le-relais-de-la-flamme\/\" \/>\n<meta property=\"og:locale\" content=\"fr_FR\" \/>\n<meta property=\"og:type\" content=\"article\" \/>\n<meta property=\"og:title\" content=\"Le relais de la flamme - CDOS 28\" \/>\n<meta property=\"og:description\" content=\"Emotions, Histoire de France, paysages naturels et c\u00e9l\u00e9bration du sport et de la culture seront les cl\u00e9s de ce Relais de la Flamme. Le parcours de la flamme olympique a [&hellip;]\" \/>\n<meta property=\"og:url\" content=\"https:\/\/www.sport28.fr\/index.php\/2023\/12\/19\/le-relais-de-la-flamme\/\" \/>\n<meta property=\"og:site_name\" content=\"CDOS 28\" \/>\n<meta property=\"article:publisher\" content=\"https:\/\/www.facebook.com\/CDOS28?locale=fr_FR\" \/>\n<meta property=\"article:published_time\" content=\"2023-12-19T09:51:04+00:00\" \/>\n<meta property=\"article:modified_time\" content=\"2023-12-20T13:07:07+00:00\" \/>\n<meta property=\"og:image\" content=\"https:\/\/www.sport28.fr\/wp-content\/uploads\/2023\/12\/KV-OTR-ECLAIREURS-double-embleme-FR-16-9-1536x864-1.jpg\" \/>\n\t<meta property=\"og:image:width\" content=\"1536\" \/>\n\t<meta property=\"og:image:height\" content=\"864\" \/>\n\t<meta property=\"og:image:type\" content=\"image\/jpeg\" \/>\n<meta name=\"author\" content=\"admin28\" \/>\n<meta name=\"twitter:card\" content=\"summary_large_image\" \/>\n<meta name=\"twitter:label1\" content=\"\u00c9crit par\" \/>\n\t<meta name=\"twitter:data1\" content=\"admin28\" \/>\n\t<meta name=\"twitter:label2\" content=\"Dur\u00e9e de lecture estim\u00e9e\" \/>\n\t<meta name=\"twitter:data2\" content=\"2 minutes\" \/>\n<script type=\"application\/ld+json\" class=\"yoast-schema-graph\">{\"@context\":\"https:\\\/\\\/schema.org\",\"@graph\":[{\"@type\":\"Article\",\"@id\":\"https:\\\/\\\/www.sport28.fr\\\/index.php\\\/2023\\\/12\\\/19\\\/le-relais-de-la-flamme\\\/#article\",\"isPartOf\":{\"@id\":\"https:\\\/\\\/www.sport28.fr\\\/index.php\\\/2023\\\/12\\\/19\\\/le-relais-de-la-flamme\\\/\"},\"author\":{\"name\":\"admin28\",\"@id\":\"https:\\\/\\\/www.sport28.fr\\\/#\\\/schema\\\/person\\\/d707dc6c4cc8f7ba6a4564f87a6818a8\"},\"headline\":\"Le relais de la flamme\",\"datePublished\":\"2023-12-19T09:51:04+00:00\",\"dateModified\":\"2023-12-20T13:07:07+00:00\",\"mainEntityOfPage\":{\"@id\":\"https:\\\/\\\/www.sport28.fr\\\/index.php\\\/2023\\\/12\\\/19\\\/le-relais-de-la-flamme\\\/\"},\"wordCount\":266,\"publisher\":{\"@id\":\"https:\\\/\\\/www.sport28.fr\\\/#organization\"},\"image\":{\"@id\":\"https:\\\/\\\/www.sport28.fr\\\/index.php\\\/2023\\\/12\\\/19\\\/le-relais-de-la-flamme\\\/#primaryimage\"},\"thumbnailUrl\":\"https:\\\/\\\/www.sport28.fr\\\/wp-content\\\/uploads\\\/2023\\\/12\\\/KV-OTR-ECLAIREURS-double-embleme-FR-16-9-1536x864-1.jpg\",\"articleSection\":[\"Paris 2024\"],\"inLanguage\":\"fr-FR\"},{\"@type\":\"WebPage\",\"@id\":\"https:\\\/\\\/www.sport28.fr\\\/index.php\\\/2023\\\/12\\\/19\\\/le-relais-de-la-flamme\\\/\",\"url\":\"https:\\\/\\\/www.sport28.fr\\\/index.php\\\/2023\\\/12\\\/19\\\/le-relais-de-la-flamme\\\/\",\"name\":\"Le relais de la flamme - CDOS 28\",\"isPartOf\":{\"@id\":\"https:\\\/\\\/www.sport28.fr\\\/#website\"},\"primaryImageOfPage\":{\"@id\":\"https:\\\/\\\/www.sport28.fr\\\/index.php\\\/2023\\\/12\\\/19\\\/le-relais-de-la-flamme\\\/#primaryimage\"},\"image\":{\"@id\":\"https:\\\/\\\/www.sport28.fr\\\/index.php\\\/2023\\\/12\\\/19\\\/le-relais-de-la-flamme\\\/#primaryimage\"},\"thumbnailUrl\":\"https:\\\/\\\/www.sport28.fr\\\/wp-content\\\/uploads\\\/2023\\\/12\\\/KV-OTR-ECLAIREURS-double-embleme-FR-16-9-1536x864-1.jpg\",\"datePublished\":\"2023-12-19T09:51:04+00:00\",\"dateModified\":\"2023-12-20T13:07:07+00:00\",\"breadcrumb\":{\"@id\":\"https:\\\/\\\/www.sport28.fr\\\/index.php\\\/2023\\\/12\\\/19\\\/le-relais-de-la-flamme\\\/#breadcrumb\"},\"inLanguage\":\"fr-FR\",\"potentialAction\":[{\"@type\":\"ReadAction\",\"target\":[\"https:\\\/\\\/www.sport28.fr\\\/index.php\\\/2023\\\/12\\\/19\\\/le-relais-de-la-flamme\\\/\"]}]},{\"@type\":\"ImageObject\",\"inLanguage\":\"fr-FR\",\"@id\":\"https:\\\/\\\/www.sport28.fr\\\/index.php\\\/2023\\\/12\\\/19\\\/le-relais-de-la-flamme\\\/#primaryimage\",\"url\":\"https:\\\/\\\/www.sport28.fr\\\/wp-content\\\/uploads\\\/2023\\\/12\\\/KV-OTR-ECLAIREURS-double-embleme-FR-16-9-1536x864-1.jpg\",\"contentUrl\":\"https:\\\/\\\/www.sport28.fr\\\/wp-content\\\/uploads\\\/2023\\\/12\\\/KV-OTR-ECLAIREURS-double-embleme-FR-16-9-1536x864-1.jpg\",\"width\":1536,\"height\":864},{\"@type\":\"BreadcrumbList\",\"@id\":\"https:\\\/\\\/www.sport28.fr\\\/index.php\\\/2023\\\/12\\\/19\\\/le-relais-de-la-flamme\\\/#breadcrumb\",\"itemListElement\":[{\"@type\":\"ListItem\",\"position\":1,\"name\":\"Accueil\",\"item\":\"https:\\\/\\\/www.sport28.fr\\\/\"},{\"@type\":\"ListItem\",\"position\":2,\"name\":\"Le relais de la flamme\"}]},{\"@type\":\"WebSite\",\"@id\":\"https:\\\/\\\/www.sport28.fr\\\/#website\",\"url\":\"https:\\\/\\\/www.sport28.fr\\\/\",\"name\":\"CDOS 28\",\"description\":\"Comit\u00e9 D\u00e9partementale Olympique et Sportif d&#039;Eure et Loir\",\"publisher\":{\"@id\":\"https:\\\/\\\/www.sport28.fr\\\/#organization\"},\"potentialAction\":[{\"@type\":\"SearchAction\",\"target\":{\"@type\":\"EntryPoint\",\"urlTemplate\":\"https:\\\/\\\/www.sport28.fr\\\/?s={search_term_string}\"},\"query-input\":{\"@type\":\"PropertyValueSpecification\",\"valueRequired\":true,\"valueName\":\"search_term_string\"}}],\"inLanguage\":\"fr-FR\"},{\"@type\":\"Organization\",\"@id\":\"https:\\\/\\\/www.sport28.fr\\\/#organization\",\"name\":\"Comit\u00e9 d\u00e9partemental olympique et sportif d'eure-et-loir\",\"alternateName\":\"cdos 28\",\"url\":\"https:\\\/\\\/www.sport28.fr\\\/\",\"logo\":{\"@type\":\"ImageObject\",\"inLanguage\":\"fr-FR\",\"@id\":\"https:\\\/\\\/www.sport28.fr\\\/#\\\/schema\\\/logo\\\/image\\\/\",\"url\":\"https:\\\/\\\/www.sport28.fr\\\/wp-content\\\/uploads\\\/2023\\\/10\\\/cdos_eure_et_loir_logo.jpg\",\"contentUrl\":\"https:\\\/\\\/www.sport28.fr\\\/wp-content\\\/uploads\\\/2023\\\/10\\\/cdos_eure_et_loir_logo.jpg\",\"width\":1000,\"height\":1000,\"caption\":\"Comit\u00e9 d\u00e9partemental olympique et sportif d'eure-et-loir\"},\"image\":{\"@id\":\"https:\\\/\\\/www.sport28.fr\\\/#\\\/schema\\\/logo\\\/image\\\/\"},\"sameAs\":[\"https:\\\/\\\/www.facebook.com\\\/CDOS28?locale=fr_FR\"]},{\"@type\":\"Person\",\"@id\":\"https:\\\/\\\/www.sport28.fr\\\/#\\\/schema\\\/person\\\/d707dc6c4cc8f7ba6a4564f87a6818a8\",\"name\":\"admin28\",\"image\":{\"@type\":\"ImageObject\",\"inLanguage\":\"fr-FR\",\"@id\":\"https:\\\/\\\/secure.gravatar.com\\\/avatar\\\/ec586f5fe487447efd44e48a32fef6a1c590e9d744f9d2c3d84ed071f1581364?s=96&d=mm&r=g\",\"url\":\"https:\\\/\\\/secure.gravatar.com\\\/avatar\\\/ec586f5fe487447efd44e48a32fef6a1c590e9d744f9d2c3d84ed071f1581364?s=96&d=mm&r=g\",\"contentUrl\":\"https:\\\/\\\/secure.gravatar.com\\\/avatar\\\/ec586f5fe487447efd44e48a32fef6a1c590e9d744f9d2c3d84ed071f1581364?s=96&d=mm&r=g\",\"caption\":\"admin28\"},\"sameAs\":[\"http:\\\/\\\/www.dev.sport28.fr\"],\"url\":\"https:\\\/\\\/www.sport28.fr\\\/index.php\\\/author\\\/admin28\\\/\"}]}<\/script>\n<!-- \/ Yoast SEO plugin. -->","yoast_head_json":{"title":"Le relais de la flamme - CDOS 28","robots":{"index":"index","follow":"follow","max-snippet":"max-snippet:-1","max-image-preview":"max-image-preview:large","max-video-preview":"max-video-preview:-1"},"canonical":"https:\/\/www.sport28.fr\/index.php\/2023\/12\/19\/le-relais-de-la-flamme\/","og_locale":"fr_FR","og_type":"article","og_title":"Le relais de la flamme - CDOS 28","og_description":"Emotions, Histoire de France, paysages naturels et c\u00e9l\u00e9bration du sport et de la culture seront les cl\u00e9s de ce Relais de la Flamme. Le parcours de la flamme olympique a [&hellip;]","og_url":"https:\/\/www.sport28.fr\/index.php\/2023\/12\/19\/le-relais-de-la-flamme\/","og_site_name":"CDOS 28","article_publisher":"https:\/\/www.facebook.com\/CDOS28?locale=fr_FR","article_published_time":"2023-12-19T09:51:04+00:00","article_modified_time":"2023-12-20T13:07:07+00:00","og_image":[{"width":1536,"height":864,"url":"https:\/\/www.sport28.fr\/wp-content\/uploads\/2023\/12\/KV-OTR-ECLAIREURS-double-embleme-FR-16-9-1536x864-1.jpg","type":"image\/jpeg"}],"author":"admin28","twitter_card":"summary_large_image","twitter_misc":{"\u00c9crit par":"admin28","Dur\u00e9e de lecture estim\u00e9e":"2 minutes"},"schema":{"@context":"https:\/\/schema.org","@graph":[{"@type":"Article","@id":"https:\/\/www.sport28.fr\/index.php\/2023\/12\/19\/le-relais-de-la-flamme\/#article","isPartOf":{"@id":"https:\/\/www.sport28.fr\/index.php\/2023\/12\/19\/le-relais-de-la-flamme\/"},"author":{"name":"admin28","@id":"https:\/\/www.sport28.fr\/#\/schema\/person\/d707dc6c4cc8f7ba6a4564f87a6818a8"},"headline":"Le relais de la flamme","datePublished":"2023-12-19T09:51:04+00:00","dateModified":"2023-12-20T13:07:07+00:00","mainEntityOfPage":{"@id":"https:\/\/www.sport28.fr\/index.php\/2023\/12\/19\/le-relais-de-la-flamme\/"},"wordCount":266,"publisher":{"@id":"https:\/\/www.sport28.fr\/#organization"},"image":{"@id":"https:\/\/www.sport28.fr\/index.php\/2023\/12\/19\/le-relais-de-la-flamme\/#primaryimage"},"thumbnailUrl":"https:\/\/www.sport28.fr\/wp-content\/uploads\/2023\/12\/KV-OTR-ECLAIREURS-double-embleme-FR-16-9-1536x864-1.jpg","articleSection":["Paris 2024"],"inLanguage":"fr-FR"},{"@type":"WebPage","@id":"https:\/\/www.sport28.fr\/index.php\/2023\/12\/19\/le-relais-de-la-flamme\/","url":"https:\/\/www.sport28.fr\/index.php\/2023\/12\/19\/le-relais-de-la-flamme\/","name":"Le relais de la flamme - CDOS 28","isPartOf":{"@id":"https:\/\/www.sport28.fr\/#website"},"primaryImageOfPage":{"@id":"https:\/\/www.sport28.fr\/index.php\/2023\/12\/19\/le-relais-de-la-flamme\/#primaryimage"},"image":{"@id":"https:\/\/www.sport28.fr\/index.php\/2023\/12\/19\/le-relais-de-la-flamme\/#primaryimage"},"thumbnailUrl":"https:\/\/www.sport28.fr\/wp-content\/uploads\/2023\/12\/KV-OTR-ECLAIREURS-double-embleme-FR-16-9-1536x864-1.jpg","datePublished":"2023-12-19T09:51:04+00:00","dateModified":"2023-12-20T13:07:07+00:00","breadcrumb":{"@id":"https:\/\/www.sport28.fr\/index.php\/2023\/12\/19\/le-relais-de-la-flamme\/#breadcrumb"},"inLanguage":"fr-FR","potentialAction":[{"@type":"ReadAction","target":["https:\/\/www.sport28.fr\/index.php\/2023\/12\/19\/le-relais-de-la-flamme\/"]}]},{"@type":"ImageObject","inLanguage":"fr-FR","@id":"https:\/\/www.sport28.fr\/index.php\/2023\/12\/19\/le-relais-de-la-flamme\/#primaryimage","url":"https:\/\/www.sport28.fr\/wp-content\/uploads\/2023\/12\/KV-OTR-ECLAIREURS-double-embleme-FR-16-9-1536x864-1.jpg","contentUrl":"https:\/\/www.sport28.fr\/wp-content\/uploads\/2023\/12\/KV-OTR-ECLAIREURS-double-embleme-FR-16-9-1536x864-1.jpg","width":1536,"height":864},{"@type":"BreadcrumbList","@id":"https:\/\/www.sport28.fr\/index.php\/2023\/12\/19\/le-relais-de-la-flamme\/#breadcrumb","itemListElement":[{"@type":"ListItem","position":1,"name":"Accueil","item":"https:\/\/www.sport28.fr\/"},{"@type":"ListItem","position":2,"name":"Le relais de la flamme"}]},{"@type":"WebSite","@id":"https:\/\/www.sport28.fr\/#website","url":"https:\/\/www.sport28.fr\/","name":"CDOS 28","description":"Comit\u00e9 D\u00e9partementale Olympique et Sportif d&#039;Eure et Loir","publisher":{"@id":"https:\/\/www.sport28.fr\/#organization"},"potentialAction":[{"@type":"SearchAction","target":{"@type":"EntryPoint","urlTemplate":"https:\/\/www.sport28.fr\/?s={search_term_string}"},"query-input":{"@type":"PropertyValueSpecification","valueRequired":true,"valueName":"search_term_string"}}],"inLanguage":"fr-FR"},{"@type":"Organization","@id":"https:\/\/www.sport28.fr\/#organization","name":"Comit\u00e9 d\u00e9partemental olympique et sportif d'eure-et-loir","alternateName":"cdos 28","url":"https:\/\/www.sport28.fr\/","logo":{"@type":"ImageObject","inLanguage":"fr-FR","@id":"https:\/\/www.sport28.fr\/#\/schema\/logo\/image\/","url":"https:\/\/www.sport28.fr\/wp-content\/uploads\/2023\/10\/cdos_eure_et_loir_logo.jpg","contentUrl":"https:\/\/www.sport28.fr\/wp-content\/uploads\/2023\/10\/cdos_eure_et_loir_logo.jpg","width":1000,"height":1000,"caption":"Comit\u00e9 d\u00e9partemental olympique et sportif d'eure-et-loir"},"image":{"@id":"https:\/\/www.sport28.fr\/#\/schema\/logo\/image\/"},"sameAs":["https:\/\/www.facebook.com\/CDOS28?locale=fr_FR"]},{"@type":"Person","@id":"https:\/\/www.sport28.fr\/#\/schema\/person\/d707dc6c4cc8f7ba6a4564f87a6818a8","name":"admin28","image":{"@type":"ImageObject","inLanguage":"fr-FR","@id":"https:\/\/secure.gravatar.com\/avatar\/ec586f5fe487447efd44e48a32fef6a1c590e9d744f9d2c3d84ed071f1581364?s=96&d=mm&r=g","url":"https:\/\/secure.gravatar.com\/avatar\/ec586f5fe487447efd44e48a32fef6a1c590e9d744f9d2c3d84ed071f1581364?s=96&d=mm&r=g","contentUrl":"https:\/\/secure.gravatar.com\/avatar\/ec586f5fe487447efd44e48a32fef6a1c590e9d744f9d2c3d84ed071f1581364?s=96&d=mm&r=g","caption":"admin28"},"sameAs":["http:\/\/www.dev.sport28.fr"],"url":"https:\/\/www.sport28.fr\/index.php\/author\/admin28\/"}]}},"_links":{"self":[{"href":"https:\/\/www.sport28.fr\/index.php\/wp-json\/wp\/v2\/posts\/2340","targetHints":{"allow":["GET"]}}],"collection":[{"href":"https:\/\/www.sport28.fr\/index.php\/wp-json\/wp\/v2\/posts"}],"about":[{"href":"https:\/\/www.sport28.fr\/index.php\/wp-json\/wp\/v2\/types\/post"}],"author":[{"embeddable":true,"href":"https:\/\/www.sport28.fr\/index.php\/wp-json\/wp\/v2\/users\/1"}],"replies":[{"embeddable":true,"href":"https:\/\/www.sport28.fr\/index.php\/wp-json\/wp\/v2\/comments?post=2340"}],"version-history":[{"count":1,"href":"https:\/\/www.sport28.fr\/index.php\/wp-json\/wp\/v2\/posts\/2340\/revisions"}],"predecessor-version":[{"id":2342,"href":"https:\/\/www.sport28.fr\/index.php\/wp-json\/wp\/v2\/posts\/2340\/revisions\/2342"}],"wp:featuredmedia":[{"embeddable":true,"href":"https:\/\/www.sport28.fr\/index.php\/wp-json\/wp\/v2\/media\/2341"}],"wp:attachment":[{"href":"https:\/\/www.sport28.fr\/index.php\/wp-json\/wp\/v2\/media?parent=2340"}],"wp:term":[{"taxonomy":"category","embeddable":true,"href":"https:\/\/www.sport28.fr\/index.php\/wp-json\/wp\/v2\/categories?post=2340"},{"taxonomy":"post_tag","embeddable":true,"href":"https:\/\/www.sport28.fr\/index.php\/wp-json\/wp\/v2\/tags?post=2340"}],"curies":[{"name":"wp","href":"https:\/\/api.w.org\/{rel}","templated":true}]}}