{"id":2332,"date":"2023-12-19T10:40:03","date_gmt":"2023-12-19T09:40:03","guid":{"rendered":"http:\/\/www.dev.sport28.fr\/?p=2332"},"modified":"2023-12-20T14:07:51","modified_gmt":"2023-12-20T13:07:51","slug":"paris-2024-le-relais-de-la-flamme-paralympique","status":"publish","type":"post","link":"https:\/\/www.sport28.fr\/index.php\/2023\/12\/19\/paris-2024-le-relais-de-la-flamme-paralympique\/","title":{"rendered":"Paris 2024 : le Relais de la Flamme Paralympique"},"content":{"rendered":"\n<figure class=\"wp-block-image size-large\"><img fetchpriority=\"high\" decoding=\"async\" width=\"1024\" height=\"577\" src=\"http:\/\/www.dev.sport28.fr\/wp-content\/uploads\/2023\/12\/Capture-decran-2023-12-19-103724-1024x577.png\" alt=\"\" class=\"wp-image-2333\" srcset=\"https:\/\/www.sport28.fr\/wp-content\/uploads\/2023\/12\/Capture-decran-2023-12-19-103724-1024x577.png 1024w, https:\/\/www.sport28.fr\/wp-content\/uploads\/2023\/12\/Capture-decran-2023-12-19-103724-300x169.png 300w, https:\/\/www.sport28.fr\/wp-content\/uploads\/2023\/12\/Capture-decran-2023-12-19-103724-768x433.png 768w, https:\/\/www.sport28.fr\/wp-content\/uploads\/2023\/12\/Capture-decran-2023-12-19-103724-1536x865.png 1536w, https:\/\/www.sport28.fr\/wp-content\/uploads\/2023\/12\/Capture-decran-2023-12-19-103724.png 1576w\" sizes=\"(max-width: 1024px) 100vw, 1024px\" \/><\/figure>\n\n\n\n<h2 class=\"wp-block-heading\">Le Relais de la Flamme Paralympique de Paris 2024 sera, lui-aussi, \u00ab Le Relais des \u00c9claireurs \u00bb.<\/h2>\n\n\n\n<p>Une fois allum\u00e9e \u00e0 Stoke Mandeville, la Flamme traversera comme sa jumelle Olympique la mer mais cette fois-ci via le tunnel sous la Manche qui marquera le d\u00e9but d\u2019un relais mythique. 24 athl\u00e8tes anglais entameront symboliquement la travers\u00e9e du tunnel et seront rejoints \u00e0 mi-chemin entre le Royaume-Uni et la France par 24 athl\u00e8tes fran\u00e7ais pour proc\u00e9der \u00e0 la passation de la Flamme et de l\u2019\u00e9nergie des Jeux.&nbsp;<\/p>\n\n\n\n<h2 class=\"wp-block-heading\">Une \u00e9nergie d\u00e9multipli\u00e9e&nbsp;<\/h2>\n\n\n\n<p>Contrairement \u00e0 la Flamme Olympique, plusieurs Flammes Paralympiques peuvent briller simultan\u00e9ment, singularit\u00e9 apport\u00e9e par le mouvement paralympique. C\u2019est ainsi qu\u2019\u00e0 son arriv\u00e9e sur les c\u00f4tes fran\u00e7aises \u00e0 Calais, la Flamme se divisera en 12 Flammes qui s\u2019allumeront aux confins de l\u2019Hexagone.<\/p>\n\n\n\n<h3 class=\"wp-block-heading\">26 ao\u00fbt 2024<\/h3>\n\n\n\n<p>Les douze flammes convergeront vers Paris en passant, dans notre r\u00e9gion Centre-Val de Loire, par les villes suivantes :<\/p>\n\n\n\n<ul class=\"wp-block-list\">\n<li>Parcours 10 : La flamme s\u2019arr\u00eatera \u00e0&nbsp;<strong>Chartres<\/strong><\/li>\n<\/ul>\n\n\n\n<h2 class=\"wp-block-heading\">Le Relais de la Flamme Paralympique finira en apoth\u00e9ose \u00e0 Paris<\/h2>\n\n\n\n<p>La c\u00e9r\u00e9monie d\u2019ouverture des Jeux Paralympiques se d\u00e9roulera pour la premi\u00e8re fois hors d\u2019un stade, en plein c\u0153ur de la capitale, des Champs-Elys\u00e9es jusqu\u2019\u00e0 la Place de la Concorde. Paris se transformera alors en un gigantesque terrain de para sport.<\/p>\n","protected":false},"excerpt":{"rendered":"<p>Le Relais de la Flamme Paralympique de Paris 2024 sera, lui-aussi, \u00ab Le Relais des \u00c9claireurs \u00bb. Une fois allum\u00e9e \u00e0 Stoke Mandeville, la Flamme traversera comme sa jumelle Olympique [&hellip;]<\/p>\n","protected":false},"author":1,"featured_media":2333,"comment_status":"closed","ping_status":"open","sticky":false,"template":"","format":"standard","meta":{"footnotes":""},"categories":[33],"tags":[],"class_list":["post-2332","post","type-post","status-publish","format-standard","has-post-thumbnail","hentry","category-paris-2024"],"yoast_head":"<!-- This site is optimized with the Yoast SEO plugin v27.5 - https:\/\/yoast.com\/product\/yoast-seo-wordpress\/ -->\n<title>Paris 2024 : le Relais de la Flamme Paralympique - CDOS 28<\/title>\n<meta name=\"robots\" content=\"index, follow, max-snippet:-1, max-image-preview:large, max-video-preview:-1\" \/>\n<link rel=\"canonical\" href=\"https:\/\/www.sport28.fr\/index.php\/2023\/12\/19\/paris-2024-le-relais-de-la-flamme-paralympique\/\" \/>\n<meta property=\"og:locale\" content=\"fr_FR\" \/>\n<meta property=\"og:type\" content=\"article\" \/>\n<meta property=\"og:title\" content=\"Paris 2024 : le Relais de la Flamme Paralympique - CDOS 28\" \/>\n<meta property=\"og:description\" content=\"Le Relais de la Flamme Paralympique de Paris 2024 sera, lui-aussi, \u00ab Le Relais des \u00c9claireurs \u00bb. Une fois allum\u00e9e \u00e0 Stoke Mandeville, la Flamme traversera comme sa jumelle Olympique [&hellip;]\" \/>\n<meta property=\"og:url\" content=\"https:\/\/www.sport28.fr\/index.php\/2023\/12\/19\/paris-2024-le-relais-de-la-flamme-paralympique\/\" \/>\n<meta property=\"og:site_name\" content=\"CDOS 28\" \/>\n<meta property=\"article:publisher\" content=\"https:\/\/www.facebook.com\/CDOS28?locale=fr_FR\" \/>\n<meta property=\"article:published_time\" content=\"2023-12-19T09:40:03+00:00\" \/>\n<meta property=\"article:modified_time\" content=\"2023-12-20T13:07:51+00:00\" \/>\n<meta property=\"og:image\" content=\"https:\/\/www.sport28.fr\/wp-content\/uploads\/2023\/12\/Capture-decran-2023-12-19-103724.png\" \/>\n\t<meta property=\"og:image:width\" content=\"1576\" \/>\n\t<meta property=\"og:image:height\" content=\"888\" \/>\n\t<meta property=\"og:image:type\" content=\"image\/png\" \/>\n<meta name=\"author\" content=\"admin28\" \/>\n<meta name=\"twitter:card\" content=\"summary_large_image\" \/>\n<meta name=\"twitter:label1\" content=\"\u00c9crit par\" \/>\n\t<meta name=\"twitter:data1\" content=\"admin28\" \/>\n\t<meta name=\"twitter:label2\" content=\"Dur\u00e9e de lecture estim\u00e9e\" \/>\n\t<meta name=\"twitter:data2\" content=\"2 minutes\" \/>\n<script type=\"application\/ld+json\" class=\"yoast-schema-graph\">{\"@context\":\"https:\\\/\\\/schema.org\",\"@graph\":[{\"@type\":\"Article\",\"@id\":\"https:\\\/\\\/www.sport28.fr\\\/index.php\\\/2023\\\/12\\\/19\\\/paris-2024-le-relais-de-la-flamme-paralympique\\\/#article\",\"isPartOf\":{\"@id\":\"https:\\\/\\\/www.sport28.fr\\\/index.php\\\/2023\\\/12\\\/19\\\/paris-2024-le-relais-de-la-flamme-paralympique\\\/\"},\"author\":{\"name\":\"admin28\",\"@id\":\"https:\\\/\\\/www.sport28.fr\\\/#\\\/schema\\\/person\\\/d707dc6c4cc8f7ba6a4564f87a6818a8\"},\"headline\":\"Paris 2024 : le Relais de la Flamme Paralympique\",\"datePublished\":\"2023-12-19T09:40:03+00:00\",\"dateModified\":\"2023-12-20T13:07:51+00:00\",\"mainEntityOfPage\":{\"@id\":\"https:\\\/\\\/www.sport28.fr\\\/index.php\\\/2023\\\/12\\\/19\\\/paris-2024-le-relais-de-la-flamme-paralympique\\\/\"},\"wordCount\":234,\"publisher\":{\"@id\":\"https:\\\/\\\/www.sport28.fr\\\/#organization\"},\"image\":{\"@id\":\"https:\\\/\\\/www.sport28.fr\\\/index.php\\\/2023\\\/12\\\/19\\\/paris-2024-le-relais-de-la-flamme-paralympique\\\/#primaryimage\"},\"thumbnailUrl\":\"https:\\\/\\\/www.sport28.fr\\\/wp-content\\\/uploads\\\/2023\\\/12\\\/Capture-decran-2023-12-19-103724.png\",\"articleSection\":[\"Paris 2024\"],\"inLanguage\":\"fr-FR\"},{\"@type\":\"WebPage\",\"@id\":\"https:\\\/\\\/www.sport28.fr\\\/index.php\\\/2023\\\/12\\\/19\\\/paris-2024-le-relais-de-la-flamme-paralympique\\\/\",\"url\":\"https:\\\/\\\/www.sport28.fr\\\/index.php\\\/2023\\\/12\\\/19\\\/paris-2024-le-relais-de-la-flamme-paralympique\\\/\",\"name\":\"Paris 2024 : le Relais de la Flamme Paralympique - CDOS 28\",\"isPartOf\":{\"@id\":\"https:\\\/\\\/www.sport28.fr\\\/#website\"},\"primaryImageOfPage\":{\"@id\":\"https:\\\/\\\/www.sport28.fr\\\/index.php\\\/2023\\\/12\\\/19\\\/paris-2024-le-relais-de-la-flamme-paralympique\\\/#primaryimage\"},\"image\":{\"@id\":\"https:\\\/\\\/www.sport28.fr\\\/index.php\\\/2023\\\/12\\\/19\\\/paris-2024-le-relais-de-la-flamme-paralympique\\\/#primaryimage\"},\"thumbnailUrl\":\"https:\\\/\\\/www.sport28.fr\\\/wp-content\\\/uploads\\\/2023\\\/12\\\/Capture-decran-2023-12-19-103724.png\",\"datePublished\":\"2023-12-19T09:40:03+00:00\",\"dateModified\":\"2023-12-20T13:07:51+00:00\",\"breadcrumb\":{\"@id\":\"https:\\\/\\\/www.sport28.fr\\\/index.php\\\/2023\\\/12\\\/19\\\/paris-2024-le-relais-de-la-flamme-paralympique\\\/#breadcrumb\"},\"inLanguage\":\"fr-FR\",\"potentialAction\":[{\"@type\":\"ReadAction\",\"target\":[\"https:\\\/\\\/www.sport28.fr\\\/index.php\\\/2023\\\/12\\\/19\\\/paris-2024-le-relais-de-la-flamme-paralympique\\\/\"]}]},{\"@type\":\"ImageObject\",\"inLanguage\":\"fr-FR\",\"@id\":\"https:\\\/\\\/www.sport28.fr\\\/index.php\\\/2023\\\/12\\\/19\\\/paris-2024-le-relais-de-la-flamme-paralympique\\\/#primaryimage\",\"url\":\"https:\\\/\\\/www.sport28.fr\\\/wp-content\\\/uploads\\\/2023\\\/12\\\/Capture-decran-2023-12-19-103724.png\",\"contentUrl\":\"https:\\\/\\\/www.sport28.fr\\\/wp-content\\\/uploads\\\/2023\\\/12\\\/Capture-decran-2023-12-19-103724.png\",\"width\":1576,\"height\":888},{\"@type\":\"BreadcrumbList\",\"@id\":\"https:\\\/\\\/www.sport28.fr\\\/index.php\\\/2023\\\/12\\\/19\\\/paris-2024-le-relais-de-la-flamme-paralympique\\\/#breadcrumb\",\"itemListElement\":[{\"@type\":\"ListItem\",\"position\":1,\"name\":\"Accueil\",\"item\":\"https:\\\/\\\/www.sport28.fr\\\/\"},{\"@type\":\"ListItem\",\"position\":2,\"name\":\"Paris 2024 : le Relais de la Flamme Paralympique\"}]},{\"@type\":\"WebSite\",\"@id\":\"https:\\\/\\\/www.sport28.fr\\\/#website\",\"url\":\"https:\\\/\\\/www.sport28.fr\\\/\",\"name\":\"CDOS 28\",\"description\":\"Comit\u00e9 D\u00e9partementale Olympique et Sportif d&#039;Eure et Loir\",\"publisher\":{\"@id\":\"https:\\\/\\\/www.sport28.fr\\\/#organization\"},\"potentialAction\":[{\"@type\":\"SearchAction\",\"target\":{\"@type\":\"EntryPoint\",\"urlTemplate\":\"https:\\\/\\\/www.sport28.fr\\\/?s={search_term_string}\"},\"query-input\":{\"@type\":\"PropertyValueSpecification\",\"valueRequired\":true,\"valueName\":\"search_term_string\"}}],\"inLanguage\":\"fr-FR\"},{\"@type\":\"Organization\",\"@id\":\"https:\\\/\\\/www.sport28.fr\\\/#organization\",\"name\":\"Comit\u00e9 d\u00e9partemental olympique et sportif d'eure-et-loir\",\"alternateName\":\"cdos 28\",\"url\":\"https:\\\/\\\/www.sport28.fr\\\/\",\"logo\":{\"@type\":\"ImageObject\",\"inLanguage\":\"fr-FR\",\"@id\":\"https:\\\/\\\/www.sport28.fr\\\/#\\\/schema\\\/logo\\\/image\\\/\",\"url\":\"https:\\\/\\\/www.sport28.fr\\\/wp-content\\\/uploads\\\/2023\\\/10\\\/cdos_eure_et_loir_logo.jpg\",\"contentUrl\":\"https:\\\/\\\/www.sport28.fr\\\/wp-content\\\/uploads\\\/2023\\\/10\\\/cdos_eure_et_loir_logo.jpg\",\"width\":1000,\"height\":1000,\"caption\":\"Comit\u00e9 d\u00e9partemental olympique et sportif d'eure-et-loir\"},\"image\":{\"@id\":\"https:\\\/\\\/www.sport28.fr\\\/#\\\/schema\\\/logo\\\/image\\\/\"},\"sameAs\":[\"https:\\\/\\\/www.facebook.com\\\/CDOS28?locale=fr_FR\"]},{\"@type\":\"Person\",\"@id\":\"https:\\\/\\\/www.sport28.fr\\\/#\\\/schema\\\/person\\\/d707dc6c4cc8f7ba6a4564f87a6818a8\",\"name\":\"admin28\",\"image\":{\"@type\":\"ImageObject\",\"inLanguage\":\"fr-FR\",\"@id\":\"https:\\\/\\\/secure.gravatar.com\\\/avatar\\\/ec586f5fe487447efd44e48a32fef6a1c590e9d744f9d2c3d84ed071f1581364?s=96&d=mm&r=g\",\"url\":\"https:\\\/\\\/secure.gravatar.com\\\/avatar\\\/ec586f5fe487447efd44e48a32fef6a1c590e9d744f9d2c3d84ed071f1581364?s=96&d=mm&r=g\",\"contentUrl\":\"https:\\\/\\\/secure.gravatar.com\\\/avatar\\\/ec586f5fe487447efd44e48a32fef6a1c590e9d744f9d2c3d84ed071f1581364?s=96&d=mm&r=g\",\"caption\":\"admin28\"},\"sameAs\":[\"http:\\\/\\\/www.dev.sport28.fr\"],\"url\":\"https:\\\/\\\/www.sport28.fr\\\/index.php\\\/author\\\/admin28\\\/\"}]}<\/script>\n<!-- \/ Yoast SEO plugin. -->","yoast_head_json":{"title":"Paris 2024 : le Relais de la Flamme Paralympique - CDOS 28","robots":{"index":"index","follow":"follow","max-snippet":"max-snippet:-1","max-image-preview":"max-image-preview:large","max-video-preview":"max-video-preview:-1"},"canonical":"https:\/\/www.sport28.fr\/index.php\/2023\/12\/19\/paris-2024-le-relais-de-la-flamme-paralympique\/","og_locale":"fr_FR","og_type":"article","og_title":"Paris 2024 : le Relais de la Flamme Paralympique - CDOS 28","og_description":"Le Relais de la Flamme Paralympique de Paris 2024 sera, lui-aussi, \u00ab Le Relais des \u00c9claireurs \u00bb. Une fois allum\u00e9e \u00e0 Stoke Mandeville, la Flamme traversera comme sa jumelle Olympique [&hellip;]","og_url":"https:\/\/www.sport28.fr\/index.php\/2023\/12\/19\/paris-2024-le-relais-de-la-flamme-paralympique\/","og_site_name":"CDOS 28","article_publisher":"https:\/\/www.facebook.com\/CDOS28?locale=fr_FR","article_published_time":"2023-12-19T09:40:03+00:00","article_modified_time":"2023-12-20T13:07:51+00:00","og_image":[{"width":1576,"height":888,"url":"https:\/\/www.sport28.fr\/wp-content\/uploads\/2023\/12\/Capture-decran-2023-12-19-103724.png","type":"image\/png"}],"author":"admin28","twitter_card":"summary_large_image","twitter_misc":{"\u00c9crit par":"admin28","Dur\u00e9e de lecture estim\u00e9e":"2 minutes"},"schema":{"@context":"https:\/\/schema.org","@graph":[{"@type":"Article","@id":"https:\/\/www.sport28.fr\/index.php\/2023\/12\/19\/paris-2024-le-relais-de-la-flamme-paralympique\/#article","isPartOf":{"@id":"https:\/\/www.sport28.fr\/index.php\/2023\/12\/19\/paris-2024-le-relais-de-la-flamme-paralympique\/"},"author":{"name":"admin28","@id":"https:\/\/www.sport28.fr\/#\/schema\/person\/d707dc6c4cc8f7ba6a4564f87a6818a8"},"headline":"Paris 2024 : le Relais de la Flamme Paralympique","datePublished":"2023-12-19T09:40:03+00:00","dateModified":"2023-12-20T13:07:51+00:00","mainEntityOfPage":{"@id":"https:\/\/www.sport28.fr\/index.php\/2023\/12\/19\/paris-2024-le-relais-de-la-flamme-paralympique\/"},"wordCount":234,"publisher":{"@id":"https:\/\/www.sport28.fr\/#organization"},"image":{"@id":"https:\/\/www.sport28.fr\/index.php\/2023\/12\/19\/paris-2024-le-relais-de-la-flamme-paralympique\/#primaryimage"},"thumbnailUrl":"https:\/\/www.sport28.fr\/wp-content\/uploads\/2023\/12\/Capture-decran-2023-12-19-103724.png","articleSection":["Paris 2024"],"inLanguage":"fr-FR"},{"@type":"WebPage","@id":"https:\/\/www.sport28.fr\/index.php\/2023\/12\/19\/paris-2024-le-relais-de-la-flamme-paralympique\/","url":"https:\/\/www.sport28.fr\/index.php\/2023\/12\/19\/paris-2024-le-relais-de-la-flamme-paralympique\/","name":"Paris 2024 : le Relais de la Flamme Paralympique - CDOS 28","isPartOf":{"@id":"https:\/\/www.sport28.fr\/#website"},"primaryImageOfPage":{"@id":"https:\/\/www.sport28.fr\/index.php\/2023\/12\/19\/paris-2024-le-relais-de-la-flamme-paralympique\/#primaryimage"},"image":{"@id":"https:\/\/www.sport28.fr\/index.php\/2023\/12\/19\/paris-2024-le-relais-de-la-flamme-paralympique\/#primaryimage"},"thumbnailUrl":"https:\/\/www.sport28.fr\/wp-content\/uploads\/2023\/12\/Capture-decran-2023-12-19-103724.png","datePublished":"2023-12-19T09:40:03+00:00","dateModified":"2023-12-20T13:07:51+00:00","breadcrumb":{"@id":"https:\/\/www.sport28.fr\/index.php\/2023\/12\/19\/paris-2024-le-relais-de-la-flamme-paralympique\/#breadcrumb"},"inLanguage":"fr-FR","potentialAction":[{"@type":"ReadAction","target":["https:\/\/www.sport28.fr\/index.php\/2023\/12\/19\/paris-2024-le-relais-de-la-flamme-paralympique\/"]}]},{"@type":"ImageObject","inLanguage":"fr-FR","@id":"https:\/\/www.sport28.fr\/index.php\/2023\/12\/19\/paris-2024-le-relais-de-la-flamme-paralympique\/#primaryimage","url":"https:\/\/www.sport28.fr\/wp-content\/uploads\/2023\/12\/Capture-decran-2023-12-19-103724.png","contentUrl":"https:\/\/www.sport28.fr\/wp-content\/uploads\/2023\/12\/Capture-decran-2023-12-19-103724.png","width":1576,"height":888},{"@type":"BreadcrumbList","@id":"https:\/\/www.sport28.fr\/index.php\/2023\/12\/19\/paris-2024-le-relais-de-la-flamme-paralympique\/#breadcrumb","itemListElement":[{"@type":"ListItem","position":1,"name":"Accueil","item":"https:\/\/www.sport28.fr\/"},{"@type":"ListItem","position":2,"name":"Paris 2024 : le Relais de la Flamme Paralympique"}]},{"@type":"WebSite","@id":"https:\/\/www.sport28.fr\/#website","url":"https:\/\/www.sport28.fr\/","name":"CDOS 28","description":"Comit\u00e9 D\u00e9partementale Olympique et Sportif d&#039;Eure et Loir","publisher":{"@id":"https:\/\/www.sport28.fr\/#organization"},"potentialAction":[{"@type":"SearchAction","target":{"@type":"EntryPoint","urlTemplate":"https:\/\/www.sport28.fr\/?s={search_term_string}"},"query-input":{"@type":"PropertyValueSpecification","valueRequired":true,"valueName":"search_term_string"}}],"inLanguage":"fr-FR"},{"@type":"Organization","@id":"https:\/\/www.sport28.fr\/#organization","name":"Comit\u00e9 d\u00e9partemental olympique et sportif d'eure-et-loir","alternateName":"cdos 28","url":"https:\/\/www.sport28.fr\/","logo":{"@type":"ImageObject","inLanguage":"fr-FR","@id":"https:\/\/www.sport28.fr\/#\/schema\/logo\/image\/","url":"https:\/\/www.sport28.fr\/wp-content\/uploads\/2023\/10\/cdos_eure_et_loir_logo.jpg","contentUrl":"https:\/\/www.sport28.fr\/wp-content\/uploads\/2023\/10\/cdos_eure_et_loir_logo.jpg","width":1000,"height":1000,"caption":"Comit\u00e9 d\u00e9partemental olympique et sportif d'eure-et-loir"},"image":{"@id":"https:\/\/www.sport28.fr\/#\/schema\/logo\/image\/"},"sameAs":["https:\/\/www.facebook.com\/CDOS28?locale=fr_FR"]},{"@type":"Person","@id":"https:\/\/www.sport28.fr\/#\/schema\/person\/d707dc6c4cc8f7ba6a4564f87a6818a8","name":"admin28","image":{"@type":"ImageObject","inLanguage":"fr-FR","@id":"https:\/\/secure.gravatar.com\/avatar\/ec586f5fe487447efd44e48a32fef6a1c590e9d744f9d2c3d84ed071f1581364?s=96&d=mm&r=g","url":"https:\/\/secure.gravatar.com\/avatar\/ec586f5fe487447efd44e48a32fef6a1c590e9d744f9d2c3d84ed071f1581364?s=96&d=mm&r=g","contentUrl":"https:\/\/secure.gravatar.com\/avatar\/ec586f5fe487447efd44e48a32fef6a1c590e9d744f9d2c3d84ed071f1581364?s=96&d=mm&r=g","caption":"admin28"},"sameAs":["http:\/\/www.dev.sport28.fr"],"url":"https:\/\/www.sport28.fr\/index.php\/author\/admin28\/"}]}},"_links":{"self":[{"href":"https:\/\/www.sport28.fr\/index.php\/wp-json\/wp\/v2\/posts\/2332","targetHints":{"allow":["GET"]}}],"collection":[{"href":"https:\/\/www.sport28.fr\/index.php\/wp-json\/wp\/v2\/posts"}],"about":[{"href":"https:\/\/www.sport28.fr\/index.php\/wp-json\/wp\/v2\/types\/post"}],"author":[{"embeddable":true,"href":"https:\/\/www.sport28.fr\/index.php\/wp-json\/wp\/v2\/users\/1"}],"replies":[{"embeddable":true,"href":"https:\/\/www.sport28.fr\/index.php\/wp-json\/wp\/v2\/comments?post=2332"}],"version-history":[{"count":1,"href":"https:\/\/www.sport28.fr\/index.php\/wp-json\/wp\/v2\/posts\/2332\/revisions"}],"predecessor-version":[{"id":2334,"href":"https:\/\/www.sport28.fr\/index.php\/wp-json\/wp\/v2\/posts\/2332\/revisions\/2334"}],"wp:featuredmedia":[{"embeddable":true,"href":"https:\/\/www.sport28.fr\/index.php\/wp-json\/wp\/v2\/media\/2333"}],"wp:attachment":[{"href":"https:\/\/www.sport28.fr\/index.php\/wp-json\/wp\/v2\/media?parent=2332"}],"wp:term":[{"taxonomy":"category","embeddable":true,"href":"https:\/\/www.sport28.fr\/index.php\/wp-json\/wp\/v2\/categories?post=2332"},{"taxonomy":"post_tag","embeddable":true,"href":"https:\/\/www.sport28.fr\/index.php\/wp-json\/wp\/v2\/tags?post=2332"}],"curies":[{"name":"wp","href":"https:\/\/api.w.org\/{rel}","templated":true}]}}