{"id":2044,"date":"2023-11-24T14:13:28","date_gmt":"2023-11-24T13:13:28","guid":{"rendered":"http:\/\/www.dev.sport28.fr\/?p=2044"},"modified":"2023-12-20T14:09:55","modified_gmt":"2023-12-20T13:09:55","slug":"seminaire-centre-val-de-loire","status":"publish","type":"post","link":"https:\/\/www.sport28.fr\/index.php\/2023\/11\/24\/seminaire-centre-val-de-loire\/","title":{"rendered":"S\u00e9minaire centre val de Loire"},"content":{"rendered":"\t\t<div data-elementor-type=\"wp-post\" data-elementor-id=\"2044\" class=\"elementor elementor-2044\" data-elementor-post-type=\"post\">\n\t\t\t\t<div class=\"elementor-element elementor-element-374f561 e-flex e-con-boxed e-con e-parent\" data-id=\"374f561\" data-element_type=\"container\" data-e-type=\"container\">\n\t\t\t\t\t<div class=\"e-con-inner\">\n\t\t\t\t<div class=\"elementor-element elementor-element-3b4197a4 elementor-widget elementor-widget-text-editor\" data-id=\"3b4197a4\" data-element_type=\"widget\" data-e-type=\"widget\" data-widget_type=\"text-editor.default\">\n\t\t\t\t<div class=\"elementor-widget-container\">\n\t\t\t\t\t\t\t\t\t\n<p>S\u00e9minaire CROS Centre Val de Loire <\/p>\n\t\t\t\t\t\t\t\t<\/div>\n\t\t\t\t<\/div>\n\t\t\t\t\t<\/div>\n\t\t\t\t<\/div>\n\t\t<div class=\"elementor-element elementor-element-a747a6f e-flex e-con-boxed e-con e-parent\" data-id=\"a747a6f\" data-element_type=\"container\" data-e-type=\"container\">\n\t\t\t\t\t<div class=\"e-con-inner\">\n\t\t<div class=\"elementor-element elementor-element-1ba91bf e-con-full e-flex e-con e-child\" data-id=\"1ba91bf\" data-element_type=\"container\" data-e-type=\"container\">\n\t\t\t\t<div class=\"elementor-element elementor-element-3bf4e53 elementor-widget elementor-widget-image\" data-id=\"3bf4e53\" data-element_type=\"widget\" data-e-type=\"widget\" data-widget_type=\"image.default\">\n\t\t\t\t<div class=\"elementor-widget-container\">\n\t\t\t\t\t\t\t\t\t\t\t\t\t\t\t<img fetchpriority=\"high\" decoding=\"async\" width=\"800\" height=\"602\" src=\"https:\/\/www.sport28.fr\/wp-content\/uploads\/2023\/11\/PXL_20231118_223029310.MP_-1024x771.jpg\" class=\"attachment-large size-large wp-image-1918\" alt=\"S\u00e9minaire MOS CVL\" srcset=\"https:\/\/www.sport28.fr\/wp-content\/uploads\/2023\/11\/PXL_20231118_223029310.MP_-1024x771.jpg 1024w, https:\/\/www.sport28.fr\/wp-content\/uploads\/2023\/11\/PXL_20231118_223029310.MP_-300x226.jpg 300w, https:\/\/www.sport28.fr\/wp-content\/uploads\/2023\/11\/PXL_20231118_223029310.MP_-768x578.jpg 768w, https:\/\/www.sport28.fr\/wp-content\/uploads\/2023\/11\/PXL_20231118_223029310.MP_-1536x1157.jpg 1536w, https:\/\/www.sport28.fr\/wp-content\/uploads\/2023\/11\/PXL_20231118_223029310.MP_-2048x1542.jpg 2048w\" sizes=\"(max-width: 800px) 100vw, 800px\" \/>\t\t\t\t\t\t\t\t\t\t\t\t\t\t\t<\/div>\n\t\t\t\t<\/div>\n\t\t\t\t<\/div>\n\t\t<div class=\"elementor-element elementor-element-e994b4a e-con-full e-flex e-con e-child\" data-id=\"e994b4a\" data-element_type=\"container\" data-e-type=\"container\">\n\t\t\t\t<div class=\"elementor-element elementor-element-4c1b227 elementor-widget elementor-widget-image\" data-id=\"4c1b227\" data-element_type=\"widget\" data-e-type=\"widget\" data-widget_type=\"image.default\">\n\t\t\t\t<div class=\"elementor-widget-container\">\n\t\t\t\t\t\t\t\t\t\t\t\t\t\t\t<img decoding=\"async\" width=\"800\" height=\"600\" src=\"https:\/\/www.sport28.fr\/wp-content\/uploads\/2023\/11\/IMG_5073-2-1024x768.jpg\" class=\"attachment-large size-large wp-image-2046\" alt=\"\" srcset=\"https:\/\/www.sport28.fr\/wp-content\/uploads\/2023\/11\/IMG_5073-2-1024x768.jpg 1024w, https:\/\/www.sport28.fr\/wp-content\/uploads\/2023\/11\/IMG_5073-2-300x225.jpg 300w, https:\/\/www.sport28.fr\/wp-content\/uploads\/2023\/11\/IMG_5073-2-768x576.jpg 768w, https:\/\/www.sport28.fr\/wp-content\/uploads\/2023\/11\/IMG_5073-2-1536x1152.jpg 1536w, https:\/\/www.sport28.fr\/wp-content\/uploads\/2023\/11\/IMG_5073-2-2048x1536.jpg 2048w\" sizes=\"(max-width: 800px) 100vw, 800px\" \/>\t\t\t\t\t\t\t\t\t\t\t\t\t\t\t<\/div>\n\t\t\t\t<\/div>\n\t\t\t\t<\/div>\n\t\t\t\t\t<\/div>\n\t\t\t\t<\/div>\n\t\t<div class=\"elementor-element elementor-element-daf0c7f e-flex e-con-boxed e-con e-parent\" data-id=\"daf0c7f\" data-element_type=\"container\" data-e-type=\"container\">\n\t\t\t\t\t<div class=\"e-con-inner\">\n\t\t\t\t<div class=\"elementor-element elementor-element-8a8c9b5 elementor-widget elementor-widget-text-editor\" data-id=\"8a8c9b5\" data-element_type=\"widget\" data-e-type=\"widget\" data-widget_type=\"text-editor.default\">\n\t\t\t\t<div class=\"elementor-widget-container\">\n\t\t\t\t\t\t\t\t\t<p>L\u2019\u00e9v\u00e9nement organis\u00e9 par<span>\u00a0<\/span><strong>CROS Centre Val de Loire <\/strong><span>\u00a0<\/span>s\u2019est av\u00e9r\u00e9 \u00eatre une soir\u00e9e pleinement r\u00e9ussie, remplie d\u2019\u00e9motion et de plaisir partag\u00e9.<\/p>\n<p>120 participants ont particip\u00e9 \u00e0 l\u2019\u00e9v\u00e9nement, o\u00f9 ils ont tout d\u2019abord d\u00e9couvert un film qui a mis en vedette les moments pivots de la politique sportive de la r\u00e9gion au cours des 50 derni\u00e8res ann\u00e9es.<\/p>\n<p><strong>Maurice Chatelet<\/strong>, l\u2019ancien pr\u00e9sident du CROS qui a f\u00eat\u00e9 ses 100 ans cette ann\u00e9e, a \u00e9galement \u00e9t\u00e9 mis \u00e0 l\u2019honneur.<\/p>\n<p>L\u2019\u00e9v\u00e9nement a eu lieu au<span>\u00a0<\/span><strong>Domaine de la Grande Garenne<\/strong><span>\u00a0<\/span>\u00e0 Neuvy-sur-Barangeon. Il a attir\u00e9 de nombreuses personnalit\u00e9s telles que<span>\u00a0<\/span><strong>Marie-Am\u00e9lie Le Fur<\/strong>, pr\u00e9sidente du Comit\u00e9 paralympique et sportif fran\u00e7ais,<span>\u00a0<\/span><strong>Rodolphe Legendre<\/strong><span>\u00a0<\/span>de la D\u00e9l\u00e9gation r\u00e9gionale acad\u00e9mique \u00e0 la jeunesse, \u00e0 l\u2019engagement et aux sports CVL,<span>\u00a0<\/span><strong>Mohamed Moulay<\/strong><span>\u00a0<\/span>du Conseil r\u00e9gional de Centre-Val de Loire, ainsi que d\u2019anciens \u00e9lus et salari\u00e9s du CROS et des repr\u00e9sentants des Ligues et des Comit\u00e9s r\u00e9gionaux.<\/p>\n<p>De plus,<span>\u00a0<\/span><strong>Cl\u00e9ment Joubert<\/strong>, c\u00e9l\u00e8bre chef d\u2019orchestre, a su cr\u00e9er l\u2019\u00e9motion et a fait participer les invit\u00e9s en faisant des analogies entre les musiciens accomplis et les athl\u00e8tes de haut niveau. La performance impressionnante des breakers de l\u2019Association<span>\u00a0<\/span><strong>The Underground<\/strong><span>\u00a0<\/span>de Chartres et Bourges, a laiss\u00e9 tout le monde \u00e9merveill\u00e9.<\/p>\n<p>Dans l\u2019ensemble, cette soir\u00e9e a ravi les attentes de tous et laissera certainement un souvenir incroyable dans les m\u00e9moires des invit\u00e9s.<\/p>\t\t\t\t\t\t\t\t<\/div>\n\t\t\t\t<\/div>\n\t\t\t\t\t<\/div>\n\t\t\t\t<\/div>\n\t\t\t\t<\/div>\n\t\t","protected":false},"excerpt":{"rendered":"<p>S\u00e9minaire CROS Centre Val de Loire L\u2019\u00e9v\u00e9nement organis\u00e9 par\u00a0CROS Centre Val de Loire \u00a0s\u2019est av\u00e9r\u00e9 \u00eatre une soir\u00e9e pleinement r\u00e9ussie, remplie d\u2019\u00e9motion et de plaisir partag\u00e9. 120 participants ont particip\u00e9 [&hellip;]<\/p>\n","protected":false},"author":1,"featured_media":1918,"comment_status":"closed","ping_status":"open","sticky":false,"template":"","format":"standard","meta":{"footnotes":""},"categories":[32],"tags":[],"class_list":["post-2044","post","type-post","status-publish","format-standard","has-post-thumbnail","hentry","category-institutionnel"],"yoast_head":"<!-- This site is optimized with the Yoast SEO plugin v27.5 - https:\/\/yoast.com\/product\/yoast-seo-wordpress\/ -->\n<title>S\u00e9minaire centre val de Loire - CDOS 28<\/title>\n<meta name=\"robots\" content=\"index, follow, max-snippet:-1, max-image-preview:large, max-video-preview:-1\" \/>\n<link rel=\"canonical\" href=\"https:\/\/www.sport28.fr\/index.php\/2023\/11\/24\/seminaire-centre-val-de-loire\/\" \/>\n<meta property=\"og:locale\" content=\"fr_FR\" \/>\n<meta property=\"og:type\" content=\"article\" \/>\n<meta property=\"og:title\" content=\"S\u00e9minaire centre val de Loire - CDOS 28\" \/>\n<meta property=\"og:description\" content=\"S\u00e9minaire CROS Centre Val de Loire L\u2019\u00e9v\u00e9nement organis\u00e9 par\u00a0CROS Centre Val de Loire \u00a0s\u2019est av\u00e9r\u00e9 \u00eatre une soir\u00e9e pleinement r\u00e9ussie, remplie d\u2019\u00e9motion et de plaisir partag\u00e9. 120 participants ont particip\u00e9 [&hellip;]\" \/>\n<meta property=\"og:url\" content=\"https:\/\/www.sport28.fr\/index.php\/2023\/11\/24\/seminaire-centre-val-de-loire\/\" \/>\n<meta property=\"og:site_name\" content=\"CDOS 28\" \/>\n<meta property=\"article:publisher\" content=\"https:\/\/www.facebook.com\/CDOS28?locale=fr_FR\" \/>\n<meta property=\"article:published_time\" content=\"2023-11-24T13:13:28+00:00\" \/>\n<meta property=\"article:modified_time\" content=\"2023-12-20T13:09:55+00:00\" \/>\n<meta property=\"og:image\" content=\"https:\/\/www.sport28.fr\/wp-content\/uploads\/2023\/11\/PXL_20231118_223029310.MP_-scaled.jpg\" \/>\n\t<meta property=\"og:image:width\" content=\"2560\" \/>\n\t<meta property=\"og:image:height\" content=\"1928\" \/>\n\t<meta property=\"og:image:type\" content=\"image\/jpeg\" \/>\n<meta name=\"author\" content=\"admin28\" \/>\n<meta name=\"twitter:card\" content=\"summary_large_image\" \/>\n<meta name=\"twitter:label1\" content=\"\u00c9crit par\" \/>\n\t<meta name=\"twitter:data1\" content=\"admin28\" \/>\n\t<meta name=\"twitter:label2\" content=\"Dur\u00e9e de lecture estim\u00e9e\" \/>\n\t<meta name=\"twitter:data2\" content=\"2 minutes\" \/>\n<script type=\"application\/ld+json\" class=\"yoast-schema-graph\">{\"@context\":\"https:\\\/\\\/schema.org\",\"@graph\":[{\"@type\":\"Article\",\"@id\":\"https:\\\/\\\/www.sport28.fr\\\/index.php\\\/2023\\\/11\\\/24\\\/seminaire-centre-val-de-loire\\\/#article\",\"isPartOf\":{\"@id\":\"https:\\\/\\\/www.sport28.fr\\\/index.php\\\/2023\\\/11\\\/24\\\/seminaire-centre-val-de-loire\\\/\"},\"author\":{\"name\":\"admin28\",\"@id\":\"https:\\\/\\\/www.sport28.fr\\\/#\\\/schema\\\/person\\\/d707dc6c4cc8f7ba6a4564f87a6818a8\"},\"headline\":\"S\u00e9minaire centre val de Loire\",\"datePublished\":\"2023-11-24T13:13:28+00:00\",\"dateModified\":\"2023-12-20T13:09:55+00:00\",\"mainEntityOfPage\":{\"@id\":\"https:\\\/\\\/www.sport28.fr\\\/index.php\\\/2023\\\/11\\\/24\\\/seminaire-centre-val-de-loire\\\/\"},\"wordCount\":273,\"publisher\":{\"@id\":\"https:\\\/\\\/www.sport28.fr\\\/#organization\"},\"image\":{\"@id\":\"https:\\\/\\\/www.sport28.fr\\\/index.php\\\/2023\\\/11\\\/24\\\/seminaire-centre-val-de-loire\\\/#primaryimage\"},\"thumbnailUrl\":\"https:\\\/\\\/www.sport28.fr\\\/wp-content\\\/uploads\\\/2023\\\/11\\\/PXL_20231118_223029310.MP_-scaled.jpg\",\"articleSection\":[\"Institutionnel\"],\"inLanguage\":\"fr-FR\"},{\"@type\":\"WebPage\",\"@id\":\"https:\\\/\\\/www.sport28.fr\\\/index.php\\\/2023\\\/11\\\/24\\\/seminaire-centre-val-de-loire\\\/\",\"url\":\"https:\\\/\\\/www.sport28.fr\\\/index.php\\\/2023\\\/11\\\/24\\\/seminaire-centre-val-de-loire\\\/\",\"name\":\"S\u00e9minaire centre val de Loire - CDOS 28\",\"isPartOf\":{\"@id\":\"https:\\\/\\\/www.sport28.fr\\\/#website\"},\"primaryImageOfPage\":{\"@id\":\"https:\\\/\\\/www.sport28.fr\\\/index.php\\\/2023\\\/11\\\/24\\\/seminaire-centre-val-de-loire\\\/#primaryimage\"},\"image\":{\"@id\":\"https:\\\/\\\/www.sport28.fr\\\/index.php\\\/2023\\\/11\\\/24\\\/seminaire-centre-val-de-loire\\\/#primaryimage\"},\"thumbnailUrl\":\"https:\\\/\\\/www.sport28.fr\\\/wp-content\\\/uploads\\\/2023\\\/11\\\/PXL_20231118_223029310.MP_-scaled.jpg\",\"datePublished\":\"2023-11-24T13:13:28+00:00\",\"dateModified\":\"2023-12-20T13:09:55+00:00\",\"breadcrumb\":{\"@id\":\"https:\\\/\\\/www.sport28.fr\\\/index.php\\\/2023\\\/11\\\/24\\\/seminaire-centre-val-de-loire\\\/#breadcrumb\"},\"inLanguage\":\"fr-FR\",\"potentialAction\":[{\"@type\":\"ReadAction\",\"target\":[\"https:\\\/\\\/www.sport28.fr\\\/index.php\\\/2023\\\/11\\\/24\\\/seminaire-centre-val-de-loire\\\/\"]}]},{\"@type\":\"ImageObject\",\"inLanguage\":\"fr-FR\",\"@id\":\"https:\\\/\\\/www.sport28.fr\\\/index.php\\\/2023\\\/11\\\/24\\\/seminaire-centre-val-de-loire\\\/#primaryimage\",\"url\":\"https:\\\/\\\/www.sport28.fr\\\/wp-content\\\/uploads\\\/2023\\\/11\\\/PXL_20231118_223029310.MP_-scaled.jpg\",\"contentUrl\":\"https:\\\/\\\/www.sport28.fr\\\/wp-content\\\/uploads\\\/2023\\\/11\\\/PXL_20231118_223029310.MP_-scaled.jpg\",\"width\":2560,\"height\":1928,\"caption\":\"S\u00e9minaire MOS CVL\"},{\"@type\":\"BreadcrumbList\",\"@id\":\"https:\\\/\\\/www.sport28.fr\\\/index.php\\\/2023\\\/11\\\/24\\\/seminaire-centre-val-de-loire\\\/#breadcrumb\",\"itemListElement\":[{\"@type\":\"ListItem\",\"position\":1,\"name\":\"Accueil\",\"item\":\"https:\\\/\\\/www.sport28.fr\\\/\"},{\"@type\":\"ListItem\",\"position\":2,\"name\":\"S\u00e9minaire centre val de Loire\"}]},{\"@type\":\"WebSite\",\"@id\":\"https:\\\/\\\/www.sport28.fr\\\/#website\",\"url\":\"https:\\\/\\\/www.sport28.fr\\\/\",\"name\":\"CDOS 28\",\"description\":\"Comit\u00e9 D\u00e9partementale Olympique et Sportif d&#039;Eure et Loir\",\"publisher\":{\"@id\":\"https:\\\/\\\/www.sport28.fr\\\/#organization\"},\"potentialAction\":[{\"@type\":\"SearchAction\",\"target\":{\"@type\":\"EntryPoint\",\"urlTemplate\":\"https:\\\/\\\/www.sport28.fr\\\/?s={search_term_string}\"},\"query-input\":{\"@type\":\"PropertyValueSpecification\",\"valueRequired\":true,\"valueName\":\"search_term_string\"}}],\"inLanguage\":\"fr-FR\"},{\"@type\":\"Organization\",\"@id\":\"https:\\\/\\\/www.sport28.fr\\\/#organization\",\"name\":\"Comit\u00e9 d\u00e9partemental olympique et sportif d'eure-et-loir\",\"alternateName\":\"cdos 28\",\"url\":\"https:\\\/\\\/www.sport28.fr\\\/\",\"logo\":{\"@type\":\"ImageObject\",\"inLanguage\":\"fr-FR\",\"@id\":\"https:\\\/\\\/www.sport28.fr\\\/#\\\/schema\\\/logo\\\/image\\\/\",\"url\":\"https:\\\/\\\/www.sport28.fr\\\/wp-content\\\/uploads\\\/2023\\\/10\\\/cdos_eure_et_loir_logo.jpg\",\"contentUrl\":\"https:\\\/\\\/www.sport28.fr\\\/wp-content\\\/uploads\\\/2023\\\/10\\\/cdos_eure_et_loir_logo.jpg\",\"width\":1000,\"height\":1000,\"caption\":\"Comit\u00e9 d\u00e9partemental olympique et sportif d'eure-et-loir\"},\"image\":{\"@id\":\"https:\\\/\\\/www.sport28.fr\\\/#\\\/schema\\\/logo\\\/image\\\/\"},\"sameAs\":[\"https:\\\/\\\/www.facebook.com\\\/CDOS28?locale=fr_FR\"]},{\"@type\":\"Person\",\"@id\":\"https:\\\/\\\/www.sport28.fr\\\/#\\\/schema\\\/person\\\/d707dc6c4cc8f7ba6a4564f87a6818a8\",\"name\":\"admin28\",\"image\":{\"@type\":\"ImageObject\",\"inLanguage\":\"fr-FR\",\"@id\":\"https:\\\/\\\/secure.gravatar.com\\\/avatar\\\/ec586f5fe487447efd44e48a32fef6a1c590e9d744f9d2c3d84ed071f1581364?s=96&d=mm&r=g\",\"url\":\"https:\\\/\\\/secure.gravatar.com\\\/avatar\\\/ec586f5fe487447efd44e48a32fef6a1c590e9d744f9d2c3d84ed071f1581364?s=96&d=mm&r=g\",\"contentUrl\":\"https:\\\/\\\/secure.gravatar.com\\\/avatar\\\/ec586f5fe487447efd44e48a32fef6a1c590e9d744f9d2c3d84ed071f1581364?s=96&d=mm&r=g\",\"caption\":\"admin28\"},\"sameAs\":[\"http:\\\/\\\/www.dev.sport28.fr\"],\"url\":\"https:\\\/\\\/www.sport28.fr\\\/index.php\\\/author\\\/admin28\\\/\"}]}<\/script>\n<!-- \/ Yoast SEO plugin. -->","yoast_head_json":{"title":"S\u00e9minaire centre val de Loire - CDOS 28","robots":{"index":"index","follow":"follow","max-snippet":"max-snippet:-1","max-image-preview":"max-image-preview:large","max-video-preview":"max-video-preview:-1"},"canonical":"https:\/\/www.sport28.fr\/index.php\/2023\/11\/24\/seminaire-centre-val-de-loire\/","og_locale":"fr_FR","og_type":"article","og_title":"S\u00e9minaire centre val de Loire - CDOS 28","og_description":"S\u00e9minaire CROS Centre Val de Loire L\u2019\u00e9v\u00e9nement organis\u00e9 par\u00a0CROS Centre Val de Loire \u00a0s\u2019est av\u00e9r\u00e9 \u00eatre une soir\u00e9e pleinement r\u00e9ussie, remplie d\u2019\u00e9motion et de plaisir partag\u00e9. 120 participants ont particip\u00e9 [&hellip;]","og_url":"https:\/\/www.sport28.fr\/index.php\/2023\/11\/24\/seminaire-centre-val-de-loire\/","og_site_name":"CDOS 28","article_publisher":"https:\/\/www.facebook.com\/CDOS28?locale=fr_FR","article_published_time":"2023-11-24T13:13:28+00:00","article_modified_time":"2023-12-20T13:09:55+00:00","og_image":[{"width":2560,"height":1928,"url":"https:\/\/www.sport28.fr\/wp-content\/uploads\/2023\/11\/PXL_20231118_223029310.MP_-scaled.jpg","type":"image\/jpeg"}],"author":"admin28","twitter_card":"summary_large_image","twitter_misc":{"\u00c9crit par":"admin28","Dur\u00e9e de lecture estim\u00e9e":"2 minutes"},"schema":{"@context":"https:\/\/schema.org","@graph":[{"@type":"Article","@id":"https:\/\/www.sport28.fr\/index.php\/2023\/11\/24\/seminaire-centre-val-de-loire\/#article","isPartOf":{"@id":"https:\/\/www.sport28.fr\/index.php\/2023\/11\/24\/seminaire-centre-val-de-loire\/"},"author":{"name":"admin28","@id":"https:\/\/www.sport28.fr\/#\/schema\/person\/d707dc6c4cc8f7ba6a4564f87a6818a8"},"headline":"S\u00e9minaire centre val de Loire","datePublished":"2023-11-24T13:13:28+00:00","dateModified":"2023-12-20T13:09:55+00:00","mainEntityOfPage":{"@id":"https:\/\/www.sport28.fr\/index.php\/2023\/11\/24\/seminaire-centre-val-de-loire\/"},"wordCount":273,"publisher":{"@id":"https:\/\/www.sport28.fr\/#organization"},"image":{"@id":"https:\/\/www.sport28.fr\/index.php\/2023\/11\/24\/seminaire-centre-val-de-loire\/#primaryimage"},"thumbnailUrl":"https:\/\/www.sport28.fr\/wp-content\/uploads\/2023\/11\/PXL_20231118_223029310.MP_-scaled.jpg","articleSection":["Institutionnel"],"inLanguage":"fr-FR"},{"@type":"WebPage","@id":"https:\/\/www.sport28.fr\/index.php\/2023\/11\/24\/seminaire-centre-val-de-loire\/","url":"https:\/\/www.sport28.fr\/index.php\/2023\/11\/24\/seminaire-centre-val-de-loire\/","name":"S\u00e9minaire centre val de Loire - CDOS 28","isPartOf":{"@id":"https:\/\/www.sport28.fr\/#website"},"primaryImageOfPage":{"@id":"https:\/\/www.sport28.fr\/index.php\/2023\/11\/24\/seminaire-centre-val-de-loire\/#primaryimage"},"image":{"@id":"https:\/\/www.sport28.fr\/index.php\/2023\/11\/24\/seminaire-centre-val-de-loire\/#primaryimage"},"thumbnailUrl":"https:\/\/www.sport28.fr\/wp-content\/uploads\/2023\/11\/PXL_20231118_223029310.MP_-scaled.jpg","datePublished":"2023-11-24T13:13:28+00:00","dateModified":"2023-12-20T13:09:55+00:00","breadcrumb":{"@id":"https:\/\/www.sport28.fr\/index.php\/2023\/11\/24\/seminaire-centre-val-de-loire\/#breadcrumb"},"inLanguage":"fr-FR","potentialAction":[{"@type":"ReadAction","target":["https:\/\/www.sport28.fr\/index.php\/2023\/11\/24\/seminaire-centre-val-de-loire\/"]}]},{"@type":"ImageObject","inLanguage":"fr-FR","@id":"https:\/\/www.sport28.fr\/index.php\/2023\/11\/24\/seminaire-centre-val-de-loire\/#primaryimage","url":"https:\/\/www.sport28.fr\/wp-content\/uploads\/2023\/11\/PXL_20231118_223029310.MP_-scaled.jpg","contentUrl":"https:\/\/www.sport28.fr\/wp-content\/uploads\/2023\/11\/PXL_20231118_223029310.MP_-scaled.jpg","width":2560,"height":1928,"caption":"S\u00e9minaire MOS CVL"},{"@type":"BreadcrumbList","@id":"https:\/\/www.sport28.fr\/index.php\/2023\/11\/24\/seminaire-centre-val-de-loire\/#breadcrumb","itemListElement":[{"@type":"ListItem","position":1,"name":"Accueil","item":"https:\/\/www.sport28.fr\/"},{"@type":"ListItem","position":2,"name":"S\u00e9minaire centre val de Loire"}]},{"@type":"WebSite","@id":"https:\/\/www.sport28.fr\/#website","url":"https:\/\/www.sport28.fr\/","name":"CDOS 28","description":"Comit\u00e9 D\u00e9partementale Olympique et Sportif d&#039;Eure et Loir","publisher":{"@id":"https:\/\/www.sport28.fr\/#organization"},"potentialAction":[{"@type":"SearchAction","target":{"@type":"EntryPoint","urlTemplate":"https:\/\/www.sport28.fr\/?s={search_term_string}"},"query-input":{"@type":"PropertyValueSpecification","valueRequired":true,"valueName":"search_term_string"}}],"inLanguage":"fr-FR"},{"@type":"Organization","@id":"https:\/\/www.sport28.fr\/#organization","name":"Comit\u00e9 d\u00e9partemental olympique et sportif d'eure-et-loir","alternateName":"cdos 28","url":"https:\/\/www.sport28.fr\/","logo":{"@type":"ImageObject","inLanguage":"fr-FR","@id":"https:\/\/www.sport28.fr\/#\/schema\/logo\/image\/","url":"https:\/\/www.sport28.fr\/wp-content\/uploads\/2023\/10\/cdos_eure_et_loir_logo.jpg","contentUrl":"https:\/\/www.sport28.fr\/wp-content\/uploads\/2023\/10\/cdos_eure_et_loir_logo.jpg","width":1000,"height":1000,"caption":"Comit\u00e9 d\u00e9partemental olympique et sportif d'eure-et-loir"},"image":{"@id":"https:\/\/www.sport28.fr\/#\/schema\/logo\/image\/"},"sameAs":["https:\/\/www.facebook.com\/CDOS28?locale=fr_FR"]},{"@type":"Person","@id":"https:\/\/www.sport28.fr\/#\/schema\/person\/d707dc6c4cc8f7ba6a4564f87a6818a8","name":"admin28","image":{"@type":"ImageObject","inLanguage":"fr-FR","@id":"https:\/\/secure.gravatar.com\/avatar\/ec586f5fe487447efd44e48a32fef6a1c590e9d744f9d2c3d84ed071f1581364?s=96&d=mm&r=g","url":"https:\/\/secure.gravatar.com\/avatar\/ec586f5fe487447efd44e48a32fef6a1c590e9d744f9d2c3d84ed071f1581364?s=96&d=mm&r=g","contentUrl":"https:\/\/secure.gravatar.com\/avatar\/ec586f5fe487447efd44e48a32fef6a1c590e9d744f9d2c3d84ed071f1581364?s=96&d=mm&r=g","caption":"admin28"},"sameAs":["http:\/\/www.dev.sport28.fr"],"url":"https:\/\/www.sport28.fr\/index.php\/author\/admin28\/"}]}},"_links":{"self":[{"href":"https:\/\/www.sport28.fr\/index.php\/wp-json\/wp\/v2\/posts\/2044","targetHints":{"allow":["GET"]}}],"collection":[{"href":"https:\/\/www.sport28.fr\/index.php\/wp-json\/wp\/v2\/posts"}],"about":[{"href":"https:\/\/www.sport28.fr\/index.php\/wp-json\/wp\/v2\/types\/post"}],"author":[{"embeddable":true,"href":"https:\/\/www.sport28.fr\/index.php\/wp-json\/wp\/v2\/users\/1"}],"replies":[{"embeddable":true,"href":"https:\/\/www.sport28.fr\/index.php\/wp-json\/wp\/v2\/comments?post=2044"}],"version-history":[{"count":8,"href":"https:\/\/www.sport28.fr\/index.php\/wp-json\/wp\/v2\/posts\/2044\/revisions"}],"predecessor-version":[{"id":2053,"href":"https:\/\/www.sport28.fr\/index.php\/wp-json\/wp\/v2\/posts\/2044\/revisions\/2053"}],"wp:featuredmedia":[{"embeddable":true,"href":"https:\/\/www.sport28.fr\/index.php\/wp-json\/wp\/v2\/media\/1918"}],"wp:attachment":[{"href":"https:\/\/www.sport28.fr\/index.php\/wp-json\/wp\/v2\/media?parent=2044"}],"wp:term":[{"taxonomy":"category","embeddable":true,"href":"https:\/\/www.sport28.fr\/index.php\/wp-json\/wp\/v2\/categories?post=2044"},{"taxonomy":"post_tag","embeddable":true,"href":"https:\/\/www.sport28.fr\/index.php\/wp-json\/wp\/v2\/tags?post=2044"}],"curies":[{"name":"wp","href":"https:\/\/api.w.org\/{rel}","templated":true}]}}