{"id":1973,"date":"2023-11-21T10:50:07","date_gmt":"2023-11-21T09:50:07","guid":{"rendered":"http:\/\/www.dev.sport28.fr\/?p=1973"},"modified":"2024-01-02T12:03:31","modified_gmt":"2024-01-02T11:03:31","slug":"passsport","status":"publish","type":"post","link":"https:\/\/www.sport28.fr\/index.php\/2023\/11\/21\/passsport\/","title":{"rendered":"Pass&rsquo;Sport"},"content":{"rendered":"\t\t<div data-elementor-type=\"wp-post\" data-elementor-id=\"1973\" class=\"elementor elementor-1973\" data-elementor-post-type=\"post\">\n\t\t\t\t<div class=\"elementor-element elementor-element-523e45c e-con-full e-flex e-con e-parent\" data-id=\"523e45c\" data-element_type=\"container\" data-e-type=\"container\">\n\t\t<div class=\"elementor-element elementor-element-bdbd3f5 e-con-full e-flex e-con e-child\" data-id=\"bdbd3f5\" data-element_type=\"container\" data-e-type=\"container\">\n\t\t\t\t<div class=\"elementor-element elementor-element-02d0d5f elementor-widget elementor-widget-image\" data-id=\"02d0d5f\" data-element_type=\"widget\" data-e-type=\"widget\" data-widget_type=\"image.default\">\n\t\t\t\t<div class=\"elementor-widget-container\">\n\t\t\t\t\t\t\t\t\t\t\t\t\t\t\t<img fetchpriority=\"high\" decoding=\"async\" width=\"800\" height=\"800\" src=\"https:\/\/www.sport28.fr\/wp-content\/uploads\/2023\/11\/PassSport2023_Vignette-adherent-1-1024x1024.png\" class=\"attachment-large size-large wp-image-1975\" alt=\"\" srcset=\"https:\/\/www.sport28.fr\/wp-content\/uploads\/2023\/11\/PassSport2023_Vignette-adherent-1-1024x1024.png 1024w, https:\/\/www.sport28.fr\/wp-content\/uploads\/2023\/11\/PassSport2023_Vignette-adherent-1-300x300.png 300w, https:\/\/www.sport28.fr\/wp-content\/uploads\/2023\/11\/PassSport2023_Vignette-adherent-1-150x150.png 150w, https:\/\/www.sport28.fr\/wp-content\/uploads\/2023\/11\/PassSport2023_Vignette-adherent-1-768x768.png 768w, https:\/\/www.sport28.fr\/wp-content\/uploads\/2023\/11\/PassSport2023_Vignette-adherent-1.png 1080w\" sizes=\"(max-width: 800px) 100vw, 800px\" \/>\t\t\t\t\t\t\t\t\t\t\t\t\t\t\t<\/div>\n\t\t\t\t<\/div>\n\t\t\t\t<\/div>\n\t\t<div class=\"elementor-element elementor-element-5dc1e96 e-con-full e-flex e-con e-child\" data-id=\"5dc1e96\" data-element_type=\"container\" data-e-type=\"container\">\n\t\t\t\t<div class=\"elementor-element elementor-element-9c30e97 elementor-widget elementor-widget-text-editor\" data-id=\"9c30e97\" data-element_type=\"widget\" data-e-type=\"widget\" data-widget_type=\"text-editor.default\">\n\t\t\t\t<div class=\"elementor-widget-container\">\n\t\t\t\t\t\t\t\t\t<div class=\"WordSection1\"><p><strong><span>Mis en place d\u00e8s 2021 par le minist\u00e8re des Sports et des Jeux Olympiques et Paralympiques afin de favoriser la pratique sportive des jeunes dans les clubs sportifs, le Pass\u2019Sport est reconduit pour la saison\u00a02023-2024.<\/span><\/strong><\/p><p><span>Le dispositif est reconduit au sein du budget du minist\u00e8re des Sports et des Jeux Olympiques et Paralympiques \u00e0 hauteur de 100 millions d\u2019euros. Gr\u00e2ce \u00e0 une exp\u00e9rience am\u00e9lior\u00e9e pour les clubs, les jeunes et leur famille, 1,22 million de jeunes (+20%) en ont b\u00e9n\u00e9fici\u00e9 l\u2019an pass\u00e9 au sein de 58 000 associations sportives (+8%).<\/span><\/p><p><span>Pour rappel, cette aide, annonc\u00e9e \u00e0 sa cr\u00e9ation par le Pr\u00e9sident de la R\u00e9publique, consiste en une d\u00e9duction imm\u00e9diate de 50\u20ac sur le co\u00fbt de l\u2019inscription en club (adh\u00e9sion et\/ou licence), prise entre le 1er\u00a0juin et le 31 d\u00e9cembre 2023.<\/span><\/p><p><span>Elle est ouverte \u00e0 pr\u00e8s de 6,7 millions de jeunes b\u00e9n\u00e9ficiaires. Sont concern\u00e9s :<\/span><\/p><ul><li><span>Les jeunes de 6 \u00e0 17 ans r\u00e9volus b\u00e9n\u00e9ficiant de l\u2019allocation de rentr\u00e9e scolaire (ARS)\u00a0;<\/span><\/li><li><span>Les jeunes de 6 \u00e0 20 ans b\u00e9n\u00e9ficiant de l\u2019allocation d\u2019\u00e9ducation de l\u2019enfant handicap\u00e9 (AEEH)\u00a0;<\/span><\/li><li><span>Les jeunes de 16 \u00e0 30 ans b\u00e9n\u00e9ficiant de l\u2019allocation aux adultes handicap\u00e9s (AAH)\u00a0;<\/span><\/li><li><span>Les \u00e9tudiants boursiers et les b\u00e9n\u00e9ficiaires d\u2019une aide annuelle du Crous de moins de 28\u00a0ans.<\/span><\/li><\/ul><p><span>Le Pass\u2019Sport peut \u00eatre utilis\u00e9 dans un club affili\u00e9 aux f\u00e9d\u00e9rations sportives agr\u00e9\u00e9es par le minist\u00e8re des Sports et des Jeux Olympiques et Paralympiques ainsi que dans les associations agr\u00e9\u00e9es Jeunesse Education Populaire (JEP) ou Sport.<\/span><\/p><p><span><u>Nouveaut\u00e9 cette ann\u00e9e,<\/u>\u00a0le Pass\u2019Sport sera d\u00e9sormais accept\u00e9\u00a0<strong>pour l\u2019adh\u00e9sion \u00e0 une structure des loisirs sportifs marchands\u00a0<\/strong>comme par exemple une salle de fitness, une salle d\u2019escalade, un club de foot 5 ou une patinoire, qui proposerait une offre d\u2019un minimum de 3 mois pour un abonnement et d\u2019au moins 12 s\u00e9ances pour des \u00ab tickets \u00bb. Il sera \u00e9galement\u00a0<strong>ouvert sur tout le territoire aux 5 000 associations agr\u00e9\u00e9es Sport ou Jeunesse et Education Populaire\u00a0<\/strong>proposant une activit\u00e9 sportive. Ces \u00e9volutions permettront\u00a0<\/span><span>de diversifier l\u2019offre accessible et de favoriser ainsi pour le plus grand nombre la pratique d\u2019une activit\u00e9 physique et sportive dont les bienfaits sur la sant\u00e9 et le bien-\u00eatre sont reconnus.<\/span><\/p><\/div><p><span>Une campagne de communication \u00e0 destination des b\u00e9n\u00e9ficiaires est pr\u00e9vue au cours du mois d\u2019ao\u00fbt. Une attention particuli\u00e8re sera port\u00e9e aux \u00e9tudiants boursiers.<\/span><\/p><p><span>Les jeunes b\u00e9n\u00e9ficiaires du Pass\u2019Sport recevront dans la seconde quinzaine d\u2019ao\u00fbt un mail du minist\u00e8re des Sports et des Jeux Olympiques et Paralympiques avec leur code unique, \u00e0 pr\u00e9senter d\u00e8s leur inscription dans la structure sportive de leur choix. Une application imm\u00e9diate de la r\u00e9duction par les clubs r\u00e9alisant les inscriptions en juin est possible.<\/span><\/p><p><span><em>Toutes les informations sur le Pass\u2019Sport peuvent \u00eatre retrouv\u00e9es sur le portail utilisateurs\u00a0:<\/em><\/span><\/p><p><span><a href=\"https:\/\/www.pass.sports.gouv.fr\/\"><strong><u>www.pass.sports.gouv.fr<\/u><\/strong><\/a><\/span><\/p><p><span>\u00ab Le Pass\u2019Sport a d\u00e9j\u00e0 permis depuis sa cr\u00e9ation \u00e0 plus de 2 millions de jeunes d\u2019avoir acc\u00e8s \u00e0 une pratique sportive moins ch\u00e8re. Avec l\u2019offre sportive plus large mise en place cette ann\u00e9e, je suis s\u00fbre qu\u2019il va continuer de monter en puissance et s\u2019inscrire durablement dans les habitudes des familles comme dans celles des clubs. \u00bb<\/span><\/p>\t\t\t\t\t\t\t\t<\/div>\n\t\t\t\t<\/div>\n\t\t\t\t<\/div>\n\t\t\t\t<\/div>\n\t\t\t\t<\/div>\n\t\t","protected":false},"excerpt":{"rendered":"<p>Mis en place d\u00e8s 2021 par le minist\u00e8re des Sports et des Jeux Olympiques et Paralympiques afin de favoriser la pratique sportive des jeunes dans les clubs sportifs, le Pass\u2019Sport [&hellip;]<\/p>\n","protected":false},"author":1,"featured_media":1891,"comment_status":"closed","ping_status":"open","sticky":false,"template":"","format":"standard","meta":{"footnotes":""},"categories":[31],"tags":[],"class_list":["post-1973","post","type-post","status-publish","format-standard","has-post-thumbnail","hentry","category-sport-politiques-publiques"],"yoast_head":"<!-- This site is optimized with the Yoast SEO plugin v27.5 - https:\/\/yoast.com\/product\/yoast-seo-wordpress\/ -->\n<title>Pass&#039;Sport - CDOS 28<\/title>\n<meta name=\"robots\" content=\"index, follow, max-snippet:-1, max-image-preview:large, max-video-preview:-1\" \/>\n<link rel=\"canonical\" href=\"https:\/\/www.sport28.fr\/index.php\/2023\/11\/21\/passsport\/\" \/>\n<meta property=\"og:locale\" content=\"fr_FR\" \/>\n<meta property=\"og:type\" content=\"article\" \/>\n<meta property=\"og:title\" content=\"Pass&#039;Sport - CDOS 28\" \/>\n<meta property=\"og:description\" content=\"Mis en place d\u00e8s 2021 par le minist\u00e8re des Sports et des Jeux Olympiques et Paralympiques afin de favoriser la pratique sportive des jeunes dans les clubs sportifs, le Pass\u2019Sport [&hellip;]\" \/>\n<meta property=\"og:url\" content=\"https:\/\/www.sport28.fr\/index.php\/2023\/11\/21\/passsport\/\" \/>\n<meta property=\"og:site_name\" content=\"CDOS 28\" \/>\n<meta property=\"article:publisher\" content=\"https:\/\/www.facebook.com\/CDOS28?locale=fr_FR\" \/>\n<meta property=\"article:published_time\" content=\"2023-11-21T09:50:07+00:00\" \/>\n<meta property=\"article:modified_time\" content=\"2024-01-02T11:03:31+00:00\" \/>\n<meta property=\"og:image\" content=\"https:\/\/www.sport28.fr\/wp-content\/uploads\/2023\/11\/PassSport2023_Vignette-adherent.png\" \/>\n\t<meta property=\"og:image:width\" content=\"1080\" \/>\n\t<meta property=\"og:image:height\" content=\"1080\" \/>\n\t<meta property=\"og:image:type\" content=\"image\/png\" \/>\n<meta name=\"author\" content=\"admin28\" \/>\n<meta name=\"twitter:card\" content=\"summary_large_image\" \/>\n<meta name=\"twitter:label1\" content=\"\u00c9crit par\" \/>\n\t<meta name=\"twitter:data1\" content=\"admin28\" \/>\n\t<meta name=\"twitter:label2\" content=\"Dur\u00e9e de lecture estim\u00e9e\" \/>\n\t<meta name=\"twitter:data2\" content=\"3 minutes\" \/>\n<script type=\"application\/ld+json\" class=\"yoast-schema-graph\">{\"@context\":\"https:\\\/\\\/schema.org\",\"@graph\":[{\"@type\":\"Article\",\"@id\":\"https:\\\/\\\/www.sport28.fr\\\/index.php\\\/2023\\\/11\\\/21\\\/passsport\\\/#article\",\"isPartOf\":{\"@id\":\"https:\\\/\\\/www.sport28.fr\\\/index.php\\\/2023\\\/11\\\/21\\\/passsport\\\/\"},\"author\":{\"name\":\"admin28\",\"@id\":\"https:\\\/\\\/www.sport28.fr\\\/#\\\/schema\\\/person\\\/d707dc6c4cc8f7ba6a4564f87a6818a8\"},\"headline\":\"Pass&rsquo;Sport\",\"datePublished\":\"2023-11-21T09:50:07+00:00\",\"dateModified\":\"2024-01-02T11:03:31+00:00\",\"mainEntityOfPage\":{\"@id\":\"https:\\\/\\\/www.sport28.fr\\\/index.php\\\/2023\\\/11\\\/21\\\/passsport\\\/\"},\"wordCount\":564,\"publisher\":{\"@id\":\"https:\\\/\\\/www.sport28.fr\\\/#organization\"},\"image\":{\"@id\":\"https:\\\/\\\/www.sport28.fr\\\/index.php\\\/2023\\\/11\\\/21\\\/passsport\\\/#primaryimage\"},\"thumbnailUrl\":\"https:\\\/\\\/www.sport28.fr\\\/wp-content\\\/uploads\\\/2023\\\/11\\\/PassSport2023_Vignette-adherent.png\",\"articleSection\":[\"Sport, politiques publiques\"],\"inLanguage\":\"fr-FR\"},{\"@type\":\"WebPage\",\"@id\":\"https:\\\/\\\/www.sport28.fr\\\/index.php\\\/2023\\\/11\\\/21\\\/passsport\\\/\",\"url\":\"https:\\\/\\\/www.sport28.fr\\\/index.php\\\/2023\\\/11\\\/21\\\/passsport\\\/\",\"name\":\"Pass'Sport - CDOS 28\",\"isPartOf\":{\"@id\":\"https:\\\/\\\/www.sport28.fr\\\/#website\"},\"primaryImageOfPage\":{\"@id\":\"https:\\\/\\\/www.sport28.fr\\\/index.php\\\/2023\\\/11\\\/21\\\/passsport\\\/#primaryimage\"},\"image\":{\"@id\":\"https:\\\/\\\/www.sport28.fr\\\/index.php\\\/2023\\\/11\\\/21\\\/passsport\\\/#primaryimage\"},\"thumbnailUrl\":\"https:\\\/\\\/www.sport28.fr\\\/wp-content\\\/uploads\\\/2023\\\/11\\\/PassSport2023_Vignette-adherent.png\",\"datePublished\":\"2023-11-21T09:50:07+00:00\",\"dateModified\":\"2024-01-02T11:03:31+00:00\",\"breadcrumb\":{\"@id\":\"https:\\\/\\\/www.sport28.fr\\\/index.php\\\/2023\\\/11\\\/21\\\/passsport\\\/#breadcrumb\"},\"inLanguage\":\"fr-FR\",\"potentialAction\":[{\"@type\":\"ReadAction\",\"target\":[\"https:\\\/\\\/www.sport28.fr\\\/index.php\\\/2023\\\/11\\\/21\\\/passsport\\\/\"]}]},{\"@type\":\"ImageObject\",\"inLanguage\":\"fr-FR\",\"@id\":\"https:\\\/\\\/www.sport28.fr\\\/index.php\\\/2023\\\/11\\\/21\\\/passsport\\\/#primaryimage\",\"url\":\"https:\\\/\\\/www.sport28.fr\\\/wp-content\\\/uploads\\\/2023\\\/11\\\/PassSport2023_Vignette-adherent.png\",\"contentUrl\":\"https:\\\/\\\/www.sport28.fr\\\/wp-content\\\/uploads\\\/2023\\\/11\\\/PassSport2023_Vignette-adherent.png\",\"width\":1080,\"height\":1080,\"caption\":\"Pass'Sport\"},{\"@type\":\"BreadcrumbList\",\"@id\":\"https:\\\/\\\/www.sport28.fr\\\/index.php\\\/2023\\\/11\\\/21\\\/passsport\\\/#breadcrumb\",\"itemListElement\":[{\"@type\":\"ListItem\",\"position\":1,\"name\":\"Accueil\",\"item\":\"https:\\\/\\\/www.sport28.fr\\\/\"},{\"@type\":\"ListItem\",\"position\":2,\"name\":\"Pass&rsquo;Sport\"}]},{\"@type\":\"WebSite\",\"@id\":\"https:\\\/\\\/www.sport28.fr\\\/#website\",\"url\":\"https:\\\/\\\/www.sport28.fr\\\/\",\"name\":\"CDOS 28\",\"description\":\"Comit\u00e9 D\u00e9partementale Olympique et Sportif d&#039;Eure et Loir\",\"publisher\":{\"@id\":\"https:\\\/\\\/www.sport28.fr\\\/#organization\"},\"potentialAction\":[{\"@type\":\"SearchAction\",\"target\":{\"@type\":\"EntryPoint\",\"urlTemplate\":\"https:\\\/\\\/www.sport28.fr\\\/?s={search_term_string}\"},\"query-input\":{\"@type\":\"PropertyValueSpecification\",\"valueRequired\":true,\"valueName\":\"search_term_string\"}}],\"inLanguage\":\"fr-FR\"},{\"@type\":\"Organization\",\"@id\":\"https:\\\/\\\/www.sport28.fr\\\/#organization\",\"name\":\"Comit\u00e9 d\u00e9partemental olympique et sportif d'eure-et-loir\",\"alternateName\":\"cdos 28\",\"url\":\"https:\\\/\\\/www.sport28.fr\\\/\",\"logo\":{\"@type\":\"ImageObject\",\"inLanguage\":\"fr-FR\",\"@id\":\"https:\\\/\\\/www.sport28.fr\\\/#\\\/schema\\\/logo\\\/image\\\/\",\"url\":\"https:\\\/\\\/www.sport28.fr\\\/wp-content\\\/uploads\\\/2023\\\/10\\\/cdos_eure_et_loir_logo.jpg\",\"contentUrl\":\"https:\\\/\\\/www.sport28.fr\\\/wp-content\\\/uploads\\\/2023\\\/10\\\/cdos_eure_et_loir_logo.jpg\",\"width\":1000,\"height\":1000,\"caption\":\"Comit\u00e9 d\u00e9partemental olympique et sportif d'eure-et-loir\"},\"image\":{\"@id\":\"https:\\\/\\\/www.sport28.fr\\\/#\\\/schema\\\/logo\\\/image\\\/\"},\"sameAs\":[\"https:\\\/\\\/www.facebook.com\\\/CDOS28?locale=fr_FR\"]},{\"@type\":\"Person\",\"@id\":\"https:\\\/\\\/www.sport28.fr\\\/#\\\/schema\\\/person\\\/d707dc6c4cc8f7ba6a4564f87a6818a8\",\"name\":\"admin28\",\"image\":{\"@type\":\"ImageObject\",\"inLanguage\":\"fr-FR\",\"@id\":\"https:\\\/\\\/secure.gravatar.com\\\/avatar\\\/ec586f5fe487447efd44e48a32fef6a1c590e9d744f9d2c3d84ed071f1581364?s=96&d=mm&r=g\",\"url\":\"https:\\\/\\\/secure.gravatar.com\\\/avatar\\\/ec586f5fe487447efd44e48a32fef6a1c590e9d744f9d2c3d84ed071f1581364?s=96&d=mm&r=g\",\"contentUrl\":\"https:\\\/\\\/secure.gravatar.com\\\/avatar\\\/ec586f5fe487447efd44e48a32fef6a1c590e9d744f9d2c3d84ed071f1581364?s=96&d=mm&r=g\",\"caption\":\"admin28\"},\"sameAs\":[\"http:\\\/\\\/www.dev.sport28.fr\"],\"url\":\"https:\\\/\\\/www.sport28.fr\\\/index.php\\\/author\\\/admin28\\\/\"}]}<\/script>\n<!-- \/ Yoast SEO plugin. -->","yoast_head_json":{"title":"Pass'Sport - CDOS 28","robots":{"index":"index","follow":"follow","max-snippet":"max-snippet:-1","max-image-preview":"max-image-preview:large","max-video-preview":"max-video-preview:-1"},"canonical":"https:\/\/www.sport28.fr\/index.php\/2023\/11\/21\/passsport\/","og_locale":"fr_FR","og_type":"article","og_title":"Pass'Sport - CDOS 28","og_description":"Mis en place d\u00e8s 2021 par le minist\u00e8re des Sports et des Jeux Olympiques et Paralympiques afin de favoriser la pratique sportive des jeunes dans les clubs sportifs, le Pass\u2019Sport [&hellip;]","og_url":"https:\/\/www.sport28.fr\/index.php\/2023\/11\/21\/passsport\/","og_site_name":"CDOS 28","article_publisher":"https:\/\/www.facebook.com\/CDOS28?locale=fr_FR","article_published_time":"2023-11-21T09:50:07+00:00","article_modified_time":"2024-01-02T11:03:31+00:00","og_image":[{"width":1080,"height":1080,"url":"https:\/\/www.sport28.fr\/wp-content\/uploads\/2023\/11\/PassSport2023_Vignette-adherent.png","type":"image\/png"}],"author":"admin28","twitter_card":"summary_large_image","twitter_misc":{"\u00c9crit par":"admin28","Dur\u00e9e de lecture estim\u00e9e":"3 minutes"},"schema":{"@context":"https:\/\/schema.org","@graph":[{"@type":"Article","@id":"https:\/\/www.sport28.fr\/index.php\/2023\/11\/21\/passsport\/#article","isPartOf":{"@id":"https:\/\/www.sport28.fr\/index.php\/2023\/11\/21\/passsport\/"},"author":{"name":"admin28","@id":"https:\/\/www.sport28.fr\/#\/schema\/person\/d707dc6c4cc8f7ba6a4564f87a6818a8"},"headline":"Pass&rsquo;Sport","datePublished":"2023-11-21T09:50:07+00:00","dateModified":"2024-01-02T11:03:31+00:00","mainEntityOfPage":{"@id":"https:\/\/www.sport28.fr\/index.php\/2023\/11\/21\/passsport\/"},"wordCount":564,"publisher":{"@id":"https:\/\/www.sport28.fr\/#organization"},"image":{"@id":"https:\/\/www.sport28.fr\/index.php\/2023\/11\/21\/passsport\/#primaryimage"},"thumbnailUrl":"https:\/\/www.sport28.fr\/wp-content\/uploads\/2023\/11\/PassSport2023_Vignette-adherent.png","articleSection":["Sport, politiques publiques"],"inLanguage":"fr-FR"},{"@type":"WebPage","@id":"https:\/\/www.sport28.fr\/index.php\/2023\/11\/21\/passsport\/","url":"https:\/\/www.sport28.fr\/index.php\/2023\/11\/21\/passsport\/","name":"Pass'Sport - CDOS 28","isPartOf":{"@id":"https:\/\/www.sport28.fr\/#website"},"primaryImageOfPage":{"@id":"https:\/\/www.sport28.fr\/index.php\/2023\/11\/21\/passsport\/#primaryimage"},"image":{"@id":"https:\/\/www.sport28.fr\/index.php\/2023\/11\/21\/passsport\/#primaryimage"},"thumbnailUrl":"https:\/\/www.sport28.fr\/wp-content\/uploads\/2023\/11\/PassSport2023_Vignette-adherent.png","datePublished":"2023-11-21T09:50:07+00:00","dateModified":"2024-01-02T11:03:31+00:00","breadcrumb":{"@id":"https:\/\/www.sport28.fr\/index.php\/2023\/11\/21\/passsport\/#breadcrumb"},"inLanguage":"fr-FR","potentialAction":[{"@type":"ReadAction","target":["https:\/\/www.sport28.fr\/index.php\/2023\/11\/21\/passsport\/"]}]},{"@type":"ImageObject","inLanguage":"fr-FR","@id":"https:\/\/www.sport28.fr\/index.php\/2023\/11\/21\/passsport\/#primaryimage","url":"https:\/\/www.sport28.fr\/wp-content\/uploads\/2023\/11\/PassSport2023_Vignette-adherent.png","contentUrl":"https:\/\/www.sport28.fr\/wp-content\/uploads\/2023\/11\/PassSport2023_Vignette-adherent.png","width":1080,"height":1080,"caption":"Pass'Sport"},{"@type":"BreadcrumbList","@id":"https:\/\/www.sport28.fr\/index.php\/2023\/11\/21\/passsport\/#breadcrumb","itemListElement":[{"@type":"ListItem","position":1,"name":"Accueil","item":"https:\/\/www.sport28.fr\/"},{"@type":"ListItem","position":2,"name":"Pass&rsquo;Sport"}]},{"@type":"WebSite","@id":"https:\/\/www.sport28.fr\/#website","url":"https:\/\/www.sport28.fr\/","name":"CDOS 28","description":"Comit\u00e9 D\u00e9partementale Olympique et Sportif d&#039;Eure et Loir","publisher":{"@id":"https:\/\/www.sport28.fr\/#organization"},"potentialAction":[{"@type":"SearchAction","target":{"@type":"EntryPoint","urlTemplate":"https:\/\/www.sport28.fr\/?s={search_term_string}"},"query-input":{"@type":"PropertyValueSpecification","valueRequired":true,"valueName":"search_term_string"}}],"inLanguage":"fr-FR"},{"@type":"Organization","@id":"https:\/\/www.sport28.fr\/#organization","name":"Comit\u00e9 d\u00e9partemental olympique et sportif d'eure-et-loir","alternateName":"cdos 28","url":"https:\/\/www.sport28.fr\/","logo":{"@type":"ImageObject","inLanguage":"fr-FR","@id":"https:\/\/www.sport28.fr\/#\/schema\/logo\/image\/","url":"https:\/\/www.sport28.fr\/wp-content\/uploads\/2023\/10\/cdos_eure_et_loir_logo.jpg","contentUrl":"https:\/\/www.sport28.fr\/wp-content\/uploads\/2023\/10\/cdos_eure_et_loir_logo.jpg","width":1000,"height":1000,"caption":"Comit\u00e9 d\u00e9partemental olympique et sportif d'eure-et-loir"},"image":{"@id":"https:\/\/www.sport28.fr\/#\/schema\/logo\/image\/"},"sameAs":["https:\/\/www.facebook.com\/CDOS28?locale=fr_FR"]},{"@type":"Person","@id":"https:\/\/www.sport28.fr\/#\/schema\/person\/d707dc6c4cc8f7ba6a4564f87a6818a8","name":"admin28","image":{"@type":"ImageObject","inLanguage":"fr-FR","@id":"https:\/\/secure.gravatar.com\/avatar\/ec586f5fe487447efd44e48a32fef6a1c590e9d744f9d2c3d84ed071f1581364?s=96&d=mm&r=g","url":"https:\/\/secure.gravatar.com\/avatar\/ec586f5fe487447efd44e48a32fef6a1c590e9d744f9d2c3d84ed071f1581364?s=96&d=mm&r=g","contentUrl":"https:\/\/secure.gravatar.com\/avatar\/ec586f5fe487447efd44e48a32fef6a1c590e9d744f9d2c3d84ed071f1581364?s=96&d=mm&r=g","caption":"admin28"},"sameAs":["http:\/\/www.dev.sport28.fr"],"url":"https:\/\/www.sport28.fr\/index.php\/author\/admin28\/"}]}},"_links":{"self":[{"href":"https:\/\/www.sport28.fr\/index.php\/wp-json\/wp\/v2\/posts\/1973","targetHints":{"allow":["GET"]}}],"collection":[{"href":"https:\/\/www.sport28.fr\/index.php\/wp-json\/wp\/v2\/posts"}],"about":[{"href":"https:\/\/www.sport28.fr\/index.php\/wp-json\/wp\/v2\/types\/post"}],"author":[{"embeddable":true,"href":"https:\/\/www.sport28.fr\/index.php\/wp-json\/wp\/v2\/users\/1"}],"replies":[{"embeddable":true,"href":"https:\/\/www.sport28.fr\/index.php\/wp-json\/wp\/v2\/comments?post=1973"}],"version-history":[{"count":4,"href":"https:\/\/www.sport28.fr\/index.php\/wp-json\/wp\/v2\/posts\/1973\/revisions"}],"predecessor-version":[{"id":1978,"href":"https:\/\/www.sport28.fr\/index.php\/wp-json\/wp\/v2\/posts\/1973\/revisions\/1978"}],"wp:featuredmedia":[{"embeddable":true,"href":"https:\/\/www.sport28.fr\/index.php\/wp-json\/wp\/v2\/media\/1891"}],"wp:attachment":[{"href":"https:\/\/www.sport28.fr\/index.php\/wp-json\/wp\/v2\/media?parent=1973"}],"wp:term":[{"taxonomy":"category","embeddable":true,"href":"https:\/\/www.sport28.fr\/index.php\/wp-json\/wp\/v2\/categories?post=1973"},{"taxonomy":"post_tag","embeddable":true,"href":"https:\/\/www.sport28.fr\/index.php\/wp-json\/wp\/v2\/tags?post=1973"}],"curies":[{"name":"wp","href":"https:\/\/api.w.org\/{rel}","templated":true}]}}